{"id":7313,"date":"2026-08-31T11:45:54","date_gmt":"2026-08-31T09:45:54","guid":{"rendered":"https:\/\/www.closdecaille.com\/?p=7313"},"modified":"2026-08-25T11:55:56","modified_gmt":"2026-08-25T09:55:56","slug":"approche-parcellaire-vins-provence","status":"publish","type":"post","link":"https:\/\/www.closdecaille.com\/es\/approche-parcellaire-vins-provence\/","title":{"rendered":"\u00bfC\u00f3mo se consigue la precisi\u00f3n de un gran vino?"},"content":{"rendered":"<p class=\"has-text-align-left wp-block-paragraph\"><strong><em><strong><em>Septiembre, un nuevo cap\u00edtulo en el Domaine<\/em><\/strong><\/em><\/strong><\/p>\n\n\n\n<h1 class=\"wp-block-heading has-text-align-center\"><strong><u>40 HECT\u00c1REAS, UN MOSAICO DE TERRU\u00d1OS<\/u><\/strong><\/h1>\n\n\n\n<p class=\"wp-block-paragraph\">En Clos de Caille, cada a\u00f1ada se gesta, ante todo, en el vi\u00f1edo. En nuestros <strong>40 hect\u00e1reas de vi\u00f1edos con certificaci\u00f3n de agricultura ecol\u00f3gica<\/strong>, trabajamos siguiendo un enfoque espec\u00edfico para cada parcela, prestando atenci\u00f3n a la naturaleza de los suelos, a la orientaci\u00f3n, al vigor de las vides y a la evoluci\u00f3n de cada variedad de uva.<\/p>\n\n\n\n<p class=\"wp-block-paragraph\">Cada parcela <strong>se vinifica y se cr\u00eda por separado<\/strong>, respetando lo que expresa de forma natural. Acompa\u00f1amos cada lote seg\u00fan su perfil, su materia y su equilibrio, antes de unirlos con precisi\u00f3n en el momento de los ensamblajes. Este enfoque nos permite componer <strong>combinaciones equilibradas y con identidad propia<\/strong>, lo m\u00e1s fiel posible a las caracter\u00edsticas del terru\u00f1o.<\/p>\n\n\n\n<h2 class=\"wp-block-heading\"><strong>Una viticultura de gran maestr\u00eda<\/strong><\/h2>\n\n\n\n<p class=\"wp-block-paragraph\">En Provenza, la luz y el clima aportan al vi\u00f1edo una energ\u00eda especial, pero es en la precisi\u00f3n del trabajo diario donde se forja la identidad del vino.<\/p>\n\n\n\n<p class=\"wp-block-paragraph\">Nuestro objetivo es preservar el equilibrio natural del vi\u00f1edo, limitar los rendimientos cuando sea necesario y cuidar cada parcela sin imponerle restricciones. Esta exigencia se extiende hasta la vendimia, que se organiza en funci\u00f3n de los grados de madurez observados en el terreno.<\/p>\n\n\n\n<figure class=\"wp-block-image size-full\"><img fetchpriority=\"high\" decoding=\"async\" width=\"945\" height=\"756\" src=\"https:\/\/www.closdecaille.com\/wp-content\/uploads\/2026\/08\/sampi-clos-de-caille-nl-1-2.gif\" alt=\"\" class=\"wp-image-7325\"\/><\/figure>\n\n\n\n<h4 class=\"wp-block-heading\"><a href=\"https:\/\/www.closdecaille.com\/es\/notre-domaine\/\" data-type=\"page\" data-id=\"6093\">La finca<\/a><\/h4>\n\n\n\n<p class=\"wp-block-paragraph\"><strong>Por lo tanto, la vendimia no es un punto de partida, sino la culminaci\u00f3n de varios meses de decisiones tomadas en el vi\u00f1edo<\/strong>.<\/p>\n\n\n\n<p class=\"wp-block-paragraph\">Una vez recolectadas, las uvas llegan a nuestra <strong>bodega semigravitatoria<\/strong>, donde se prolonga el trabajo minucioso realizado en el vi\u00f1edo. <strong>Cada parcela se vinifica por separado, en una cuba propia.<\/strong>, con el fin de preservar sus caracter\u00edsticas y seguir con precisi\u00f3n su evoluci\u00f3n. Es esta continuidad, desde el vi\u00f1edo hasta la bodega, la que constituye la esencia de nuestro saber hacer: <strong>poner de manifiesto con precisi\u00f3n la singularidad de nuestros terru\u00f1os<\/strong>, sin dejar de preservar su identidad.<\/p>\n\n\n\n<p class=\"wp-block-paragraph\">A principios de septiembre, cuando la vendimia est\u00e1 llegando a su fin, <strong>Se abre un nuevo cap\u00edtulo en la bodega<\/strong>. Tras varios meses de trabajo en el vi\u00f1edo, comienza la vinificaci\u00f3n bajo la supervisi\u00f3n de nuestro en\u00f3logo, <strong>Matthieu Cosse<\/strong>. Poco a poco, la a\u00f1ada va tomando forma, revelando la huella de los suelos, los equilibrios de la a\u00f1ada y la personalidad de cada parcela.<\/p>\n\n\n\n<p class=\"wp-block-paragraph\"><em>\u00ab <em><em>Nuestra labor no consiste en hacer que todas las parcelas hablen con una sola voz. Consiste en comprender lo que aporta cada una \u2014la frescura, la estructura, la tensi\u00f3n, el brillo\u2014 y, a continuaci\u00f3n, elaborar un vino que respete esa diversidad. Ah\u00ed es donde se perfila, a\u00f1ada tras a\u00f1ada, la firma de Clos de Caille.<\/em><\/em><\/em> <em>\u00bb<\/em> <em>\u2014 Matthieu Cosse<\/em><\/p>\n\n\n\n<h2 class=\"wp-block-heading\"><strong>La esencia de un gran vino<\/strong><\/h2>\n\n\n\n<p class=\"wp-block-paragraph\">En los <strong>40 hect\u00e1reas de vi\u00f1edos<\/strong>, ninguna parcela es exactamente igual a otra. Suelos, orientaciones, variedades de uva, maduraci\u00f3n: cada una tiene su propia esencia, su propio relieve, su propia expresi\u00f3n. Al igual que en un taller de alta costura, las observamos, las trabajamos y las vinificamos por separado, con la intenci\u00f3n de revelar su singularidad en lugar de uniformarlas.<\/p>\n\n\n\n<p class=\"wp-block-paragraph\">El mapa del vi\u00f1edo se convierte entonces casi en un <strong>patr\u00f3n<\/strong> : una composici\u00f3n de l\u00edneas, texturas y matices que el trabajo por partes permite apreciar con precisi\u00f3n.<\/p>\n\n\n\n<p class=\"wp-block-paragraph\">A continuaci\u00f3n, el montaje constituye el paso final: <strong>combinar estas expresiones con acierto para elaborar vinos expresivos y refinados<\/strong>, fieles a sus or\u00edgenes. Un enfoque en el que el terru\u00f1o no es solo un lugar, sino una materia viva que hay que interpretar.<\/p>\n\n\n\n<figure class=\"wp-block-image size-large\"><img decoding=\"async\" width=\"1024\" height=\"768\" src=\"https:\/\/www.closdecaille.com\/wp-content\/uploads\/2026\/08\/chatgpt-image-5-aout-2026-12_36_27-1024x768.png\" alt=\"Cartographie vignoble\" class=\"wp-image-7306\" srcset=\"https:\/\/www.closdecaille.com\/wp-content\/uploads\/2026\/08\/chatgpt-image-5-aout-2026-12_36_27-1024x768.png 1024w, https:\/\/www.closdecaille.com\/wp-content\/uploads\/2026\/08\/chatgpt-image-5-aout-2026-12_36_27-300x225.png 300w, https:\/\/www.closdecaille.com\/wp-content\/uploads\/2026\/08\/chatgpt-image-5-aout-2026-12_36_27-768x576.png 768w, https:\/\/www.closdecaille.com\/wp-content\/uploads\/2026\/08\/chatgpt-image-5-aout-2026-12_36_27-16x12.png 16w, https:\/\/www.closdecaille.com\/wp-content\/uploads\/2026\/08\/chatgpt-image-5-aout-2026-12_36_27.png 1448w\" sizes=\"(max-width: 1024px) 100vw, 1024px\" \/><figcaption class=\"wp-element-caption\">Mapa de los vi\u00f1edos<\/figcaption><\/figure>\n\n\n\n<p class=\"wp-block-paragraph\"><\/p>\n\n\n\n<h4 class=\"wp-block-heading\"><a href=\"https:\/\/www.closdecaille.com\/es\/boutique\/\" data-type=\"page\" data-id=\"1431\">Descubre nuestros vinos \u00abHAUTE COUTURE\u00bb de Provenza<\/a><\/h4>\n\n\n\n<p class=\"wp-block-paragraph\"><em>Los gastos de env\u00edo son gratuitos a partir de 150 \u20ac de compra en Francia y M\u00f3naco.<\/em><br><em>Entrega en un plazo de 3 d\u00edas laborables en un embalaje seguro y reforzado.<\/em><\/p>\n\n\n\n<p class=\"wp-block-paragraph\"><\/p>\n\n\n\n<p class=\"wp-block-paragraph\"><\/p>\n\n\n\n<p class=\"wp-block-paragraph\"><\/p>\n\n\n\n<p class=\"has-text-align-center wp-block-paragraph\">_______________________________<\/p>\n\n\n\n<h2 class=\"wp-block-heading has-text-align-center\"><strong>EL DIARIO DE CLOS<br><\/strong><strong>\ud83d\uddde\ufe0f<\/strong><\/h2>\n\n\n\n<h3 class=\"wp-block-heading has-text-align-center\"><strong><strong>Nuevos \u00abdemi-muids\u00bb para nuestros Blancos 2026<\/strong><\/strong><\/h3>\n\n\n\n<p class=\"wp-block-paragraph\">La bodega acoge nuevos barricas de medio muid, destinadas a albergar nuestro Blanco 2026 y a acompa\u00f1ar la elaboraci\u00f3n del Clos de Caille \u2018Lucis\u2019, nuestra T\u00eate de Cuv\u00e9e en blanco.<\/p>\n\n\n\n<p class=\"wp-block-paragraph\">Gracias a su mayor capacidad que la de una barrica cl\u00e1sica, los demi-muids permiten una crianza m\u00e1s moderada, con una menor proporci\u00f3n de madera respecto al vino. El objetivo no es marcar el vino, sino acompa\u00f1arlo, favoreciendo su evoluci\u00f3n y preservando al mismo tiempo la pureza de la fruta y la delicadeza arom\u00e1tica.<\/p>\n\n\n\n<p class=\"wp-block-paragraph\">Esta elecci\u00f3n en la crianza se inscribe plenamente en nuestra b\u00fasqueda del equilibrio. La madera act\u00faa como una herramienta de construcci\u00f3n: puede contribuir a refinar el vino, aportarle profundidad y realzar su textura, al tiempo que permite que se exprese la identidad de la a\u00f1ada y del terru\u00f1o.<\/p>\n\n\n\n<p class=\"wp-block-paragraph\">De este modo, llegan a nuestra bodega con una misi\u00f3n muy concreta: <strong>dar forma a la expresi\u00f3n de nuestros blancos<\/strong>, buscando ese equilibrio entre <strong>intensidad, volumen y elegancia<\/strong>, el sello distintivo de nuestras cosechas.<\/p>\n\n\n\n<p class=\"wp-block-paragraph\"><\/p>\n\n\n\n<figure class=\"wp-block-image size-full is-resized\"><img decoding=\"async\" width=\"810\" height=\"810\" src=\"https:\/\/www.closdecaille.com\/wp-content\/uploads\/2026\/08\/sampi_clos-de-caille_press-ig-4.png\" alt=\"\" class=\"wp-image-7318\" style=\"width:800px\" srcset=\"https:\/\/www.closdecaille.com\/wp-content\/uploads\/2026\/08\/sampi_clos-de-caille_press-ig-4.png 810w, https:\/\/www.closdecaille.com\/wp-content\/uploads\/2026\/08\/sampi_clos-de-caille_press-ig-4-300x300.png 300w, https:\/\/www.closdecaille.com\/wp-content\/uploads\/2026\/08\/sampi_clos-de-caille_press-ig-4-150x150.png 150w, https:\/\/www.closdecaille.com\/wp-content\/uploads\/2026\/08\/sampi_clos-de-caille_press-ig-4-768x768.png 768w, https:\/\/www.closdecaille.com\/wp-content\/uploads\/2026\/08\/sampi_clos-de-caille_press-ig-4-12x12.png 12w, https:\/\/www.closdecaille.com\/wp-content\/uploads\/2026\/08\/sampi_clos-de-caille_press-ig-4-100x100.png 100w\" sizes=\"(max-width: 810px) 100vw, 810px\" \/><\/figure>\n\n\n\n<p class=\"wp-block-paragraph\"><\/p>\n\n\n\n<p class=\"wp-block-paragraph\">\u2014<\/p>\n\n\n\n<h3 class=\"wp-block-heading has-text-align-center\"><strong>TU CITA PERSONAL<\/strong><\/h3>\n\n\n\n<p class=\"has-text-align-center wp-block-paragraph\">Dado que nos comprometemos a ofrecer a nuestros clientes una experiencia \u00fanica, te invitamos a concertar una cita con uno de nuestros embajadores, quien estar\u00e1 encantado de responder a todas tus preguntas y de comentar contigo las condiciones de distribuci\u00f3n.<\/p>\n\n\n\n<h4 class=\"wp-block-heading has-text-align-center\"><a href=\"mailto:info@closdecaille.com\">Ponte en contacto con nuestro Servicio de Atenci\u00f3n al Cliente<\/a><\/h4>\n\n\n\n<p class=\"wp-block-paragraph\"><\/p>","protected":false},"excerpt":{"rendered":"<p>Septembre, un nouveau chapitre au Domaine 40 HECTARES, UNE MOSA\u00cfQUE DE TERROIRS Au Clos de Caille, chaque mill\u00e9sime se construit d\u2019abord \u00e0 la vigne. Sur nos 40 hectares de vignoble certifi\u00e9s Agriculture Biologique, nous travaillons selon une approche parcellaire pr\u00e9cise, attentive \u00e0 la nature des sols, \u00e0 l\u2019exposition, \u00e0 la vigueur des ceps et \u00e0 [&hellip;]<\/p>\n","protected":false},"author":10,"featured_media":7314,"comment_status":"closed","ping_status":"closed","sticky":false,"template":"","format":"standard","meta":{"_acf_changed":false,"_mo_disable_npp":"","footnotes":""},"categories":[116],"tags":[],"class_list":["post-7313","post","type-post","status-publish","format-standard","has-post-thumbnail","hentry","category-domaine-du-clos-de-caille"],"acf":[],"yoast_head":"<!-- This site is optimized with the Yoast SEO plugin v28.0 - https:\/\/yoast.com\/product\/yoast-seo-wordpress\/ -->\n<title>Comment na\u00eet la pr\u00e9cision d\u2019un grand vin\u00a0?<\/title>\n<meta name=\"description\" content=\"Au Clos de Caille, d\u00e9couvrez comment notre approche parcellaire, de la vigne au chai, fa\u00e7onne des vins de Provence pr\u00e9cis, singuliers et identitaires.\" \/>\n<meta name=\"robots\" content=\"index, follow, max-snippet:-1, max-image-preview:large, max-video-preview:-1\" \/>\n<link rel=\"canonical\" href=\"https:\/\/www.closdecaille.com\/es\/approche-parcellaire-vins-provence\/\" \/>\n<meta property=\"og:locale\" content=\"es_ES\" \/>\n<meta property=\"og:type\" content=\"article\" \/>\n<meta property=\"og:title\" content=\"Comment na\u00eet la pr\u00e9cision d\u2019un grand vin\u00a0?\" \/>\n<meta property=\"og:description\" content=\"Au Clos de Caille, d\u00e9couvrez comment notre approche parcellaire, de la vigne au chai, fa\u00e7onne des vins de Provence pr\u00e9cis, singuliers et identitaires.\" \/>\n<meta property=\"og:url\" content=\"https:\/\/www.closdecaille.com\/es\/approche-parcellaire-vins-provence\/\" \/>\n<meta property=\"og:site_name\" content=\"Clos de Caille\" \/>\n<meta property=\"article:published_time\" content=\"2026-08-31T09:45:54+00:00\" \/>\n<meta property=\"og:image\" content=\"https:\/\/www.closdecaille.com\/wp-content\/uploads\/2026\/08\/sampi-clos-de-caille-header-cover-principal-1-1024x683.png\" \/>\n\t<meta property=\"og:image:width\" content=\"1024\" \/>\n\t<meta property=\"og:image:height\" content=\"683\" \/>\n\t<meta property=\"og:image:type\" content=\"image\/png\" \/>\n<meta name=\"author\" content=\"Julie Fleisch\" \/>\n<meta name=\"twitter:label1\" content=\"Escrito por\" \/>\n\t<meta name=\"twitter:data1\" content=\"Julie Fleisch\" \/>\n\t<meta name=\"twitter:label2\" content=\"Tiempo de lectura\" \/>\n\t<meta name=\"twitter:data2\" content=\"5 minutos\" \/>\n<script type=\"application\/ld+json\" class=\"yoast-schema-graph\">{\"@context\":\"https:\\\/\\\/schema.org\",\"@graph\":[{\"@type\":\"Article\",\"@id\":\"https:\\\/\\\/www.closdecaille.com\\\/approche-parcellaire-vins-provence\\\/#article\",\"isPartOf\":{\"@id\":\"https:\\\/\\\/www.closdecaille.com\\\/approche-parcellaire-vins-provence\\\/\"},\"author\":{\"name\":\"Julie Fleisch\",\"@id\":\"https:\\\/\\\/www.closdecaille.com\\\/#\\\/schema\\\/person\\\/183ec33b0abe209accdd35f1ba15b586\"},\"headline\":\"Comment na\u00eet la pr\u00e9cision d\u2019un grand vin\u00a0?\",\"datePublished\":\"2026-08-31T09:45:54+00:00\",\"mainEntityOfPage\":{\"@id\":\"https:\\\/\\\/www.closdecaille.com\\\/approche-parcellaire-vins-provence\\\/\"},\"wordCount\":852,\"publisher\":{\"@id\":\"https:\\\/\\\/www.closdecaille.com\\\/#organization\"},\"image\":{\"@id\":\"https:\\\/\\\/www.closdecaille.com\\\/approche-parcellaire-vins-provence\\\/#primaryimage\"},\"thumbnailUrl\":\"https:\\\/\\\/www.closdecaille.com\\\/wp-content\\\/uploads\\\/2026\\\/08\\\/sampi-clos-de-caille-header-cover-principal-1.png\",\"articleSection\":[\"Clos de Caille\"],\"inLanguage\":\"es\"},{\"@type\":\"WebPage\",\"@id\":\"https:\\\/\\\/www.closdecaille.com\\\/approche-parcellaire-vins-provence\\\/\",\"url\":\"https:\\\/\\\/www.closdecaille.com\\\/approche-parcellaire-vins-provence\\\/\",\"name\":\"Comment na\u00eet la pr\u00e9cision d\u2019un grand vin\u00a0?\",\"isPartOf\":{\"@id\":\"https:\\\/\\\/www.closdecaille.com\\\/#website\"},\"primaryImageOfPage\":{\"@id\":\"https:\\\/\\\/www.closdecaille.com\\\/approche-parcellaire-vins-provence\\\/#primaryimage\"},\"image\":{\"@id\":\"https:\\\/\\\/www.closdecaille.com\\\/approche-parcellaire-vins-provence\\\/#primaryimage\"},\"thumbnailUrl\":\"https:\\\/\\\/www.closdecaille.com\\\/wp-content\\\/uploads\\\/2026\\\/08\\\/sampi-clos-de-caille-header-cover-principal-1.png\",\"datePublished\":\"2026-08-31T09:45:54+00:00\",\"description\":\"Au Clos de Caille, d\u00e9couvrez comment notre approche parcellaire, de la vigne au chai, fa\u00e7onne des vins de Provence pr\u00e9cis, singuliers et identitaires.\",\"breadcrumb\":{\"@id\":\"https:\\\/\\\/www.closdecaille.com\\\/approche-parcellaire-vins-provence\\\/#breadcrumb\"},\"inLanguage\":\"es\",\"potentialAction\":[{\"@type\":\"ReadAction\",\"target\":[\"https:\\\/\\\/www.closdecaille.com\\\/approche-parcellaire-vins-provence\\\/\"]}]},{\"@type\":\"ImageObject\",\"inLanguage\":\"es\",\"@id\":\"https:\\\/\\\/www.closdecaille.com\\\/approche-parcellaire-vins-provence\\\/#primaryimage\",\"url\":\"https:\\\/\\\/www.closdecaille.com\\\/wp-content\\\/uploads\\\/2026\\\/08\\\/sampi-clos-de-caille-header-cover-principal-1.png\",\"contentUrl\":\"https:\\\/\\\/www.closdecaille.com\\\/wp-content\\\/uploads\\\/2026\\\/08\\\/sampi-clos-de-caille-header-cover-principal-1.png\",\"width\":2560,\"height\":1707,\"caption\":\"Header blog vin Provence\"},{\"@type\":\"BreadcrumbList\",\"@id\":\"https:\\\/\\\/www.closdecaille.com\\\/approche-parcellaire-vins-provence\\\/#breadcrumb\",\"itemListElement\":[{\"@type\":\"ListItem\",\"position\":1,\"name\":\"Clos de Caille\",\"item\":\"https:\\\/\\\/www.closdecaille.com\\\/category\\\/domaine-du-clos-de-caille\\\/\"},{\"@type\":\"ListItem\",\"position\":2,\"name\":\"Comment na\u00eet la pr\u00e9cision d\u2019un grand vin\u00a0?\"}]},{\"@type\":\"WebSite\",\"@id\":\"https:\\\/\\\/www.closdecaille.com\\\/#website\",\"url\":\"https:\\\/\\\/www.closdecaille.com\\\/\",\"name\":\"Clos de Caille\",\"description\":\"Vins AOP C\u00f4tes de Provence\",\"publisher\":{\"@id\":\"https:\\\/\\\/www.closdecaille.com\\\/#organization\"},\"potentialAction\":[{\"@type\":\"SearchAction\",\"target\":{\"@type\":\"EntryPoint\",\"urlTemplate\":\"https:\\\/\\\/www.closdecaille.com\\\/?s={search_term_string}\"},\"query-input\":{\"@type\":\"PropertyValueSpecification\",\"valueRequired\":true,\"valueName\":\"search_term_string\"}}],\"inLanguage\":\"es\"},{\"@type\":\"Organization\",\"@id\":\"https:\\\/\\\/www.closdecaille.com\\\/#organization\",\"name\":\"Clos de Caille\",\"url\":\"https:\\\/\\\/www.closdecaille.com\\\/\",\"logo\":{\"@type\":\"ImageObject\",\"inLanguage\":\"es\",\"@id\":\"https:\\\/\\\/www.closdecaille.com\\\/#\\\/schema\\\/logo\\\/image\\\/\",\"url\":\"https:\\\/\\\/www.closdecaille.com\\\/wp-content\\\/uploads\\\/2023\\\/07\\\/favicon-2023.png\",\"contentUrl\":\"https:\\\/\\\/www.closdecaille.com\\\/wp-content\\\/uploads\\\/2023\\\/07\\\/favicon-2023.png\",\"width\":600,\"height\":600,\"caption\":\"Clos de Caille\"},\"image\":{\"@id\":\"https:\\\/\\\/www.closdecaille.com\\\/#\\\/schema\\\/logo\\\/image\\\/\"}},{\"@type\":\"Person\",\"@id\":\"https:\\\/\\\/www.closdecaille.com\\\/#\\\/schema\\\/person\\\/183ec33b0abe209accdd35f1ba15b586\",\"name\":\"Julie Fleisch\",\"image\":{\"@type\":\"ImageObject\",\"inLanguage\":\"es\",\"@id\":\"https:\\\/\\\/secure.gravatar.com\\\/avatar\\\/bffc10faa760f5f1f08f454e79e3342f047898af28fb87e9eec6b7842f516e2a?s=96&d=mm&r=g\",\"url\":\"https:\\\/\\\/secure.gravatar.com\\\/avatar\\\/bffc10faa760f5f1f08f454e79e3342f047898af28fb87e9eec6b7842f516e2a?s=96&d=mm&r=g\",\"contentUrl\":\"https:\\\/\\\/secure.gravatar.com\\\/avatar\\\/bffc10faa760f5f1f08f454e79e3342f047898af28fb87e9eec6b7842f516e2a?s=96&d=mm&r=g\",\"caption\":\"Julie Fleisch\"}}]}<\/script>\n<!-- \/ Yoast SEO plugin. -->","yoast_head_json":{"title":"\u00bfC\u00f3mo se consigue la precisi\u00f3n de un gran vino?","description":"En Clos de Caille, descubre c\u00f3mo nuestro enfoque por parcelas, desde el vi\u00f1edo hasta la bodega, da lugar a vinos de Provenza precisos, singulares y con identidad propia.","robots":{"index":"index","follow":"follow","max-snippet":"max-snippet:-1","max-image-preview":"max-image-preview:large","max-video-preview":"max-video-preview:-1"},"canonical":"https:\/\/www.closdecaille.com\/es\/approche-parcellaire-vins-provence\/","og_locale":"es_ES","og_type":"article","og_title":"Comment na\u00eet la pr\u00e9cision d\u2019un grand vin\u00a0?","og_description":"Au Clos de Caille, d\u00e9couvrez comment notre approche parcellaire, de la vigne au chai, fa\u00e7onne des vins de Provence pr\u00e9cis, singuliers et identitaires.","og_url":"https:\/\/www.closdecaille.com\/es\/approche-parcellaire-vins-provence\/","og_site_name":"Clos de Caille","article_published_time":"2026-08-31T09:45:54+00:00","og_image":[{"width":1024,"height":683,"url":"https:\/\/www.closdecaille.com\/wp-content\/uploads\/2026\/08\/sampi-clos-de-caille-header-cover-principal-1-1024x683.png","type":"image\/png"}],"author":"Julie Fleisch","twitter_misc":{"Escrito por":"Julie Fleisch","Tiempo de lectura":"5 minutos"},"schema":{"@context":"https:\/\/schema.org","@graph":[{"@type":"Article","@id":"https:\/\/www.closdecaille.com\/approche-parcellaire-vins-provence\/#article","isPartOf":{"@id":"https:\/\/www.closdecaille.com\/approche-parcellaire-vins-provence\/"},"author":{"name":"Julie Fleisch","@id":"https:\/\/www.closdecaille.com\/#\/schema\/person\/183ec33b0abe209accdd35f1ba15b586"},"headline":"Comment na\u00eet la pr\u00e9cision d\u2019un grand vin\u00a0?","datePublished":"2026-08-31T09:45:54+00:00","mainEntityOfPage":{"@id":"https:\/\/www.closdecaille.com\/approche-parcellaire-vins-provence\/"},"wordCount":852,"publisher":{"@id":"https:\/\/www.closdecaille.com\/#organization"},"image":{"@id":"https:\/\/www.closdecaille.com\/approche-parcellaire-vins-provence\/#primaryimage"},"thumbnailUrl":"https:\/\/www.closdecaille.com\/wp-content\/uploads\/2026\/08\/sampi-clos-de-caille-header-cover-principal-1.png","articleSection":["Clos de Caille"],"inLanguage":"es"},{"@type":"WebPage","@id":"https:\/\/www.closdecaille.com\/approche-parcellaire-vins-provence\/","url":"https:\/\/www.closdecaille.com\/approche-parcellaire-vins-provence\/","name":"\u00bfC\u00f3mo se consigue la precisi\u00f3n de un gran vino?","isPartOf":{"@id":"https:\/\/www.closdecaille.com\/#website"},"primaryImageOfPage":{"@id":"https:\/\/www.closdecaille.com\/approche-parcellaire-vins-provence\/#primaryimage"},"image":{"@id":"https:\/\/www.closdecaille.com\/approche-parcellaire-vins-provence\/#primaryimage"},"thumbnailUrl":"https:\/\/www.closdecaille.com\/wp-content\/uploads\/2026\/08\/sampi-clos-de-caille-header-cover-principal-1.png","datePublished":"2026-08-31T09:45:54+00:00","description":"En Clos de Caille, descubre c\u00f3mo nuestro enfoque por parcelas, desde el vi\u00f1edo hasta la bodega, da lugar a vinos de Provenza precisos, singulares y con identidad propia.","breadcrumb":{"@id":"https:\/\/www.closdecaille.com\/approche-parcellaire-vins-provence\/#breadcrumb"},"inLanguage":"es","potentialAction":[{"@type":"ReadAction","target":["https:\/\/www.closdecaille.com\/approche-parcellaire-vins-provence\/"]}]},{"@type":"ImageObject","inLanguage":"es","@id":"https:\/\/www.closdecaille.com\/approche-parcellaire-vins-provence\/#primaryimage","url":"https:\/\/www.closdecaille.com\/wp-content\/uploads\/2026\/08\/sampi-clos-de-caille-header-cover-principal-1.png","contentUrl":"https:\/\/www.closdecaille.com\/wp-content\/uploads\/2026\/08\/sampi-clos-de-caille-header-cover-principal-1.png","width":2560,"height":1707,"caption":"Header blog vin Provence"},{"@type":"BreadcrumbList","@id":"https:\/\/www.closdecaille.com\/approche-parcellaire-vins-provence\/#breadcrumb","itemListElement":[{"@type":"ListItem","position":1,"name":"Clos de Caille","item":"https:\/\/www.closdecaille.com\/category\/domaine-du-clos-de-caille\/"},{"@type":"ListItem","position":2,"name":"Comment na\u00eet la pr\u00e9cision d\u2019un grand vin\u00a0?"}]},{"@type":"WebSite","@id":"https:\/\/www.closdecaille.com\/#website","url":"https:\/\/www.closdecaille.com\/","name":"Clos de Caille","description":"Vinos con denominaci\u00f3n de origen protegida (DOP) C\u00f4tes de Provence","publisher":{"@id":"https:\/\/www.closdecaille.com\/#organization"},"potentialAction":[{"@type":"SearchAction","target":{"@type":"EntryPoint","urlTemplate":"https:\/\/www.closdecaille.com\/?s={search_term_string}"},"query-input":{"@type":"PropertyValueSpecification","valueRequired":true,"valueName":"search_term_string"}}],"inLanguage":"es"},{"@type":"Organization","@id":"https:\/\/www.closdecaille.com\/#organization","name":"Clos de Caille","url":"https:\/\/www.closdecaille.com\/","logo":{"@type":"ImageObject","inLanguage":"es","@id":"https:\/\/www.closdecaille.com\/#\/schema\/logo\/image\/","url":"https:\/\/www.closdecaille.com\/wp-content\/uploads\/2023\/07\/favicon-2023.png","contentUrl":"https:\/\/www.closdecaille.com\/wp-content\/uploads\/2023\/07\/favicon-2023.png","width":600,"height":600,"caption":"Clos de Caille"},"image":{"@id":"https:\/\/www.closdecaille.com\/#\/schema\/logo\/image\/"}},{"@type":"Person","@id":"https:\/\/www.closdecaille.com\/#\/schema\/person\/183ec33b0abe209accdd35f1ba15b586","name":"Julie Fleisch","image":{"@type":"ImageObject","inLanguage":"es","@id":"https:\/\/secure.gravatar.com\/avatar\/bffc10faa760f5f1f08f454e79e3342f047898af28fb87e9eec6b7842f516e2a?s=96&d=mm&r=g","url":"https:\/\/secure.gravatar.com\/avatar\/bffc10faa760f5f1f08f454e79e3342f047898af28fb87e9eec6b7842f516e2a?s=96&d=mm&r=g","contentUrl":"https:\/\/secure.gravatar.com\/avatar\/bffc10faa760f5f1f08f454e79e3342f047898af28fb87e9eec6b7842f516e2a?s=96&d=mm&r=g","caption":"Julie Fleisch"}}]}},"_links":{"self":[{"href":"https:\/\/www.closdecaille.com\/es\/wp-json\/wp\/v2\/posts\/7313","targetHints":{"allow":["GET"]}}],"collection":[{"href":"https:\/\/www.closdecaille.com\/es\/wp-json\/wp\/v2\/posts"}],"about":[{"href":"https:\/\/www.closdecaille.com\/es\/wp-json\/wp\/v2\/types\/post"}],"author":[{"embeddable":true,"href":"https:\/\/www.closdecaille.com\/es\/wp-json\/wp\/v2\/users\/10"}],"replies":[{"embeddable":true,"href":"https:\/\/www.closdecaille.com\/es\/wp-json\/wp\/v2\/comments?post=7313"}],"version-history":[{"count":5,"href":"https:\/\/www.closdecaille.com\/es\/wp-json\/wp\/v2\/posts\/7313\/revisions"}],"predecessor-version":[{"id":7326,"href":"https:\/\/www.closdecaille.com\/es\/wp-json\/wp\/v2\/posts\/7313\/revisions\/7326"}],"wp:featuredmedia":[{"embeddable":true,"href":"https:\/\/www.closdecaille.com\/es\/wp-json\/wp\/v2\/media\/7314"}],"wp:attachment":[{"href":"https:\/\/www.closdecaille.com\/es\/wp-json\/wp\/v2\/media?parent=7313"}],"wp:term":[{"taxonomy":"category","embeddable":true,"href":"https:\/\/www.closdecaille.com\/es\/wp-json\/wp\/v2\/categories?post=7313"},{"taxonomy":"post_tag","embeddable":true,"href":"https:\/\/www.closdecaille.com\/es\/wp-json\/wp\/v2\/tags?post=7313"}],"curies":[{"name":"wp","href":"https:\/\/api.w.org\/{rel}","templated":true}]}}