{"id":6860,"date":"2026-03-17T16:09:09","date_gmt":"2026-03-17T15:09:09","guid":{"rendered":"https:\/\/www.closdecaille.com\/?p=6860"},"modified":"2026-03-17T16:17:13","modified_gmt":"2026-03-17T15:17:13","slug":"tables-printemps","status":"publish","type":"post","link":"https:\/\/www.closdecaille.com\/en\/tables-printemps\/","title":{"rendered":"A taste of Provence for your Spring table"},"content":{"rendered":"<p style=\"text-align: center;\"><strong>Our wines to celebrate the fine weather<\/strong><\/p>\n<h1 style=\"text-align: center;\" data-pm-slice=\"1 1 []\">WHICH WINES FOR YOUR EASTER LUNCH?<\/h1>\n<p>At the Domaine, the vines wake up to herald a new season of sharing. In every bottle, the faithful expression of our terroirs and the promise of moments to savour.<\/p>\n<h2><strong>Roast rack of lamb with rosemary and spring vegetables<\/strong><\/h2>\n<p>A symbol of festive meals, rack of lamb reveals all its finesse when simply roasted in the oven with fresh rosemary, garlic and a drizzle of olive oil.<\/p>\n<p>Accompanied by spring vegetables - green asparagus, new carrots and pommes grenaille - it makes a generous dish, perfect for celebrating Easter with the family.<\/p>\n<p><img fetchpriority=\"high\" decoding=\"async\" class=\"wp-image-6855\" src=\"https:\/\/www.closdecaille.com\/wp-content\/uploads\/2026\/03\/sampi_clos-de-caille_press-ig-1-1-1024x1024.jpg\" alt=\"Clos de Caille - Lifestyle - Rouge - Lifestyle - Bloc saisonnier\" width=\"600\" height=\"600\" srcset=\"https:\/\/www.closdecaille.com\/wp-content\/uploads\/2026\/03\/sampi_clos-de-caille_press-ig-1-1-1024x1024.jpg 1024w, https:\/\/www.closdecaille.com\/wp-content\/uploads\/2026\/03\/sampi_clos-de-caille_press-ig-1-1-300x300.jpg 300w, https:\/\/www.closdecaille.com\/wp-content\/uploads\/2026\/03\/sampi_clos-de-caille_press-ig-1-1-150x150.jpg 150w, https:\/\/www.closdecaille.com\/wp-content\/uploads\/2026\/03\/sampi_clos-de-caille_press-ig-1-1-768x768.jpg 768w, https:\/\/www.closdecaille.com\/wp-content\/uploads\/2026\/03\/sampi_clos-de-caille_press-ig-1-1-1536x1536.jpg 1536w, https:\/\/www.closdecaille.com\/wp-content\/uploads\/2026\/03\/sampi_clos-de-caille_press-ig-1-1-2048x2048.jpg 2048w, https:\/\/www.closdecaille.com\/wp-content\/uploads\/2026\/03\/sampi_clos-de-caille_press-ig-1-1-12x12.jpg 12w, https:\/\/www.closdecaille.com\/wp-content\/uploads\/2026\/03\/sampi_clos-de-caille_press-ig-1-1-100x100.jpg 100w\" sizes=\"(max-width: 600px) 100vw, 600px\" \/><\/p>\n<p><img decoding=\"async\" class=\"wp-image-6856\" src=\"https:\/\/www.closdecaille.com\/wp-content\/uploads\/2026\/03\/sampi_clos-de-caille_press-ig-6-1024x1024.jpg\" alt=\"Recette P\u00e2ques - Accords mets et vins CdC - Carr\u00e9\" width=\"600\" height=\"600\" srcset=\"https:\/\/www.closdecaille.com\/wp-content\/uploads\/2026\/03\/sampi_clos-de-caille_press-ig-6-1024x1024.jpg 1024w, https:\/\/www.closdecaille.com\/wp-content\/uploads\/2026\/03\/sampi_clos-de-caille_press-ig-6-300x300.jpg 300w, https:\/\/www.closdecaille.com\/wp-content\/uploads\/2026\/03\/sampi_clos-de-caille_press-ig-6-150x150.jpg 150w, https:\/\/www.closdecaille.com\/wp-content\/uploads\/2026\/03\/sampi_clos-de-caille_press-ig-6-768x768.jpg 768w, https:\/\/www.closdecaille.com\/wp-content\/uploads\/2026\/03\/sampi_clos-de-caille_press-ig-6-1536x1536.jpg 1536w, https:\/\/www.closdecaille.com\/wp-content\/uploads\/2026\/03\/sampi_clos-de-caille_press-ig-6-2048x2048.jpg 2048w, https:\/\/www.closdecaille.com\/wp-content\/uploads\/2026\/03\/sampi_clos-de-caille_press-ig-6-12x12.jpg 12w, https:\/\/www.closdecaille.com\/wp-content\/uploads\/2026\/03\/sampi_clos-de-caille_press-ig-6-100x100.jpg 100w\" sizes=\"(max-width: 600px) 100vw, 600px\" \/><\/p>\n<p><img decoding=\"async\" class=\"wp-image-6854\" src=\"https:\/\/www.closdecaille.com\/wp-content\/uploads\/2026\/03\/sampi_clos-de-caille_press-ig-2-1-1024x1024.jpg\" alt=\"Clos de Caille - Clarisse Ros\u00e9 - lifestyle - Carr\u00e9\" width=\"600\" height=\"600\" srcset=\"https:\/\/www.closdecaille.com\/wp-content\/uploads\/2026\/03\/sampi_clos-de-caille_press-ig-2-1-1024x1024.jpg 1024w, https:\/\/www.closdecaille.com\/wp-content\/uploads\/2026\/03\/sampi_clos-de-caille_press-ig-2-1-300x300.jpg 300w, https:\/\/www.closdecaille.com\/wp-content\/uploads\/2026\/03\/sampi_clos-de-caille_press-ig-2-1-150x150.jpg 150w, https:\/\/www.closdecaille.com\/wp-content\/uploads\/2026\/03\/sampi_clos-de-caille_press-ig-2-1-768x768.jpg 768w, https:\/\/www.closdecaille.com\/wp-content\/uploads\/2026\/03\/sampi_clos-de-caille_press-ig-2-1-1536x1536.jpg 1536w, https:\/\/www.closdecaille.com\/wp-content\/uploads\/2026\/03\/sampi_clos-de-caille_press-ig-2-1-2048x2048.jpg 2048w, https:\/\/www.closdecaille.com\/wp-content\/uploads\/2026\/03\/sampi_clos-de-caille_press-ig-2-1-12x12.jpg 12w, https:\/\/www.closdecaille.com\/wp-content\/uploads\/2026\/03\/sampi_clos-de-caille_press-ig-2-1-100x100.jpg 100w\" sizes=\"(max-width: 600px) 100vw, 600px\" \/><\/p>\n<p><em>Designed with gastronomy in mind, the wines of Clos de Caille express the richness of their terroir with precision. The estate assists its restaurant partners in the selection of vintages and food and wine pairings to enhance their menus and offer their customers a memorable experience.<\/em><\/p>\n<h2><strong>Pairings recommended by our oenologist <\/strong><\/h2>\n<h3><strong>Clos de Caille Red<\/strong><\/h3>\n<p>A wine with an assertive structure, expressing aromas of black fruit, sweet spices and garrigue. Full-bodied and elegant on the palate, with silky tannins and great depth, it's the ideal balance to accompany the richness of roast lamb.<\/p>\n<h4><a href=\"https:\/\/www.closdecaille.com\/en\/product\/clos-de-caille-rouge\/\">Buy Clos de Caille Red 2021<\/a><\/h4>\n<h3><strong>Clos de Caille \u2018Clarisse\u2019 Ros\u00e9<\/strong><\/h3>\n<p>More unexpected but particularly elegant at the table, our ros\u00e9 de garde reveals a delicate, airy nose, buoyed by intense freshness. On the palate, precise and chiselled, it expresses fine mineral tension and a depth that is rare for a ros\u00e9, blossoming into a persistent, harmonious finish.<\/p>\n<h4><a href=\"https:\/\/www.closdecaille.com\/en\/lucis-grandes-tables-de-fetes\/\">Buy Clos de Caille \u2018Clarisse\u2019 2025<\/a><\/h4>\n<p>At <strong>Clos de Caille<\/strong>, Each grape variety is a gem to be polished, each vintage a work of art shaped by hand and time.<\/p>\n<p>In the heart of a peaceful haven of <strong>160 hectares<\/strong>, including <strong>40 hectares of vines certified Organic Farming<\/strong>, The vines express a rare balance between <strong>technical requirement<\/strong> and <strong>artisan sensitivity<\/strong>.<\/p>\n<p>Nothing is left to chance: from the structure of the soil to the tension of the grapes, every detail is thought through, observed and adjusted.<br \/>The <strong>clay-limestone soils<\/strong> offer a subtle mineral base, while the <strong>south and south-east facing<\/strong> allow the grapes to ripen slowly, developing a controlled aromatic complexity.<\/p>\n<blockquote>\n<p data-pm-slice=\"1 1 []\">\u00abWhile the vines are coming back to life on the estate, the season is already calling for meals that bring people together. Simple moments, around a seasonal dish and a wine that tells the story of its origin.\u00bb <br \/>\u2014 Mathieu Mariotti<\/p>\n<\/blockquote>\n<h4><a href=\"https:\/\/www.closdecaille.com\/en\/product\/coffret-trio-collection\/\">Discover OUR gift sets<\/a><\/h4>\n<p><em>Shipping is free for purchases over \u20ac100 in France and Monaco.<\/em><br \/><em>Delivery within 3 working days in secure, reinforced packaging.<\/em><\/p>\n<p style=\"text-align: center;\">_______________________________<\/p>\n<h2 style=\"text-align: center;\"><strong>THE CLOS JOURNAL<br \/><\/strong><strong>\ud83d\uddde\ufe0f<\/strong><\/h2>\n<h3><strong>The Clos de Caille in the spotlight in Terre de Vins<\/strong><\/h3>\n<p>In its March issue, <em>Land of Wines<\/em> highlights the vision of oenologist Matthieu Cosse at Clos de Caille. The aim is to produce highly expressive whites that accurately reflect the identity of the terroir. On the estate's old, silica-rich limestone, the rolle grape strikes a natural balance between maturity and freshness, giving rise to elegant, mineral wines.<\/p>\n<p>The magazine also highlights the precision of the work carried out in the cellar, with delicate pressing and measured ageing that bring complexity and depth without masking the expression of the fruit. This approach is reflected in Clos de Caille \u2018<em>Lucis<\/em>\u20192024, a full-bodied, salty gastronomic white with notes of white flowers and citrus fruit.<\/p>\n<h4><a href=\"https:\/\/acrobat.adobe.com\/id\/urn:aaid:sc:EU:44341ab0-080f-4365-9004-3efb70ea6f01\">Read the whole article<\/a><\/h4>\n<p>We would like to thank the editors of Terre de Vins for their insight into Clos de Caille and its quest for expressive, terroir-driven white wines.<\/p>\n<p>\u2014<\/p>\n<h3 style=\"text-align: center;\"><strong>YOUR PERSONAL APPOINTMENT<\/strong><\/h3>\n<p style=\"text-align: center;\">Because we are committed to offering our customers a unique experience, we invite you to make an appointment with one of our ambassadors, who will be happy to answer all your questions and discuss distribution terms.<\/p>\n<h4 style=\"text-align: center;\"><a href=\"mailto:info@closdecaille.com\">Contact our Customer Service Department<\/a><\/h4>\n\n\n<p><\/p>","protected":false},"excerpt":{"rendered":"<p>Nos vins pour c\u00e9l\u00e9brer les beaux jours QUELS VINS POUR VOTRE D\u00c9JEUNER DE P\u00c2QUES ? Au Domaine, la vigne se r\u00e9veille et annonce une nouvelle saison de partage. Dans chaque bouteille, l\u2019expression fid\u00e8le de nos terroirs et la promesse de moments \u00e0 savourer. Carr\u00e9 d\u2019Agneau r\u00f4ti au romarin et l\u00e9gumes de Printemps Symbole des repas [&hellip;]<\/p>\n","protected":false},"author":10,"featured_media":6852,"comment_status":"closed","ping_status":"closed","sticky":false,"template":"","format":"standard","meta":{"_acf_changed":false,"_mo_disable_npp":"","footnotes":""},"categories":[324,116,117],"tags":[],"class_list":["post-6860","post","type-post","status-publish","format-standard","has-post-thumbnail","hentry","category-art-de-vivre","category-domaine-du-clos-de-caille","category-presse"],"acf":[],"yoast_head":"<!-- This site is optimized with the Yoast SEO plugin v27.0 - https:\/\/yoast.com\/product\/yoast-seo-wordpress\/ -->\n<title>Le go\u00fbt de la Provence pour vos tables de Printemps - Clos de Caille<\/title>\n<meta name=\"description\" content=\"Pour votre table de P\u00e2ques, d\u00e9couvrez les accords parfaits entre l\u2019agneau r\u00f4ti et les vins du Clos de Caille, expressions authentiques de la Provence.\" \/>\n<meta name=\"robots\" content=\"index, follow, max-snippet:-1, max-image-preview:large, max-video-preview:-1\" \/>\n<link rel=\"canonical\" href=\"https:\/\/www.closdecaille.com\/en\/tables-printemps\/\" \/>\n<meta property=\"og:locale\" content=\"en_GB\" \/>\n<meta property=\"og:type\" content=\"article\" \/>\n<meta property=\"og:title\" content=\"Le go\u00fbt de la Provence pour vos tables de Printemps - Clos de Caille\" \/>\n<meta property=\"og:description\" content=\"Pour votre table de P\u00e2ques, d\u00e9couvrez les accords parfaits entre l\u2019agneau r\u00f4ti et les vins du Clos de Caille, expressions authentiques de la Provence.\" \/>\n<meta property=\"og:url\" content=\"https:\/\/www.closdecaille.com\/en\/tables-printemps\/\" \/>\n<meta property=\"og:site_name\" content=\"Clos de Caille\" \/>\n<meta property=\"article:published_time\" content=\"2026-03-17T15:09:09+00:00\" \/>\n<meta property=\"article:modified_time\" content=\"2026-03-17T15:17:13+00:00\" \/>\n<meta property=\"og:image\" content=\"https:\/\/www.closdecaille.com\/wp-content\/uploads\/2026\/03\/128a7378.png\" \/>\n\t<meta property=\"og:image:width\" content=\"1281\" \/>\n\t<meta property=\"og:image:height\" content=\"777\" \/>\n\t<meta property=\"og:image:type\" content=\"image\/png\" \/>\n<meta name=\"author\" content=\"Julie Fleisch\" \/>\n<meta name=\"twitter:label1\" content=\"Written by\" \/>\n\t<meta name=\"twitter:data1\" content=\"Julie Fleisch\" \/>\n\t<meta name=\"twitter:label2\" content=\"Estimated reading time\" \/>\n\t<meta name=\"twitter:data2\" content=\"4 minutes\" \/>\n<script type=\"application\/ld+json\" class=\"yoast-schema-graph\">{\"@context\":\"https:\/\/schema.org\",\"@graph\":[{\"@type\":\"Article\",\"@id\":\"https:\/\/www.closdecaille.com\/tables-printemps\/#article\",\"isPartOf\":{\"@id\":\"https:\/\/www.closdecaille.com\/tables-printemps\/\"},\"author\":{\"name\":\"Julie Fleisch\",\"@id\":\"https:\/\/www.closdecaille.com\/#\/schema\/person\/183ec33b0abe209accdd35f1ba15b586\"},\"headline\":\"Le go\u00fbt de la Provence pour vos tables de Printemps\",\"datePublished\":\"2026-03-17T15:09:09+00:00\",\"dateModified\":\"2026-03-17T15:17:13+00:00\",\"mainEntityOfPage\":{\"@id\":\"https:\/\/www.closdecaille.com\/tables-printemps\/\"},\"wordCount\":729,\"publisher\":{\"@id\":\"https:\/\/www.closdecaille.com\/#organization\"},\"image\":{\"@id\":\"https:\/\/www.closdecaille.com\/tables-printemps\/#primaryimage\"},\"thumbnailUrl\":\"https:\/\/www.closdecaille.com\/wp-content\/uploads\/2026\/03\/128a7378.png\",\"articleSection\":[\"Art de vivre\",\"Clos de Caille\",\"Presse\"],\"inLanguage\":\"en-GB\"},{\"@type\":\"WebPage\",\"@id\":\"https:\/\/www.closdecaille.com\/tables-printemps\/\",\"url\":\"https:\/\/www.closdecaille.com\/tables-printemps\/\",\"name\":\"Le go\u00fbt de la Provence pour vos tables de Printemps - Clos de Caille\",\"isPartOf\":{\"@id\":\"https:\/\/www.closdecaille.com\/#website\"},\"primaryImageOfPage\":{\"@id\":\"https:\/\/www.closdecaille.com\/tables-printemps\/#primaryimage\"},\"image\":{\"@id\":\"https:\/\/www.closdecaille.com\/tables-printemps\/#primaryimage\"},\"thumbnailUrl\":\"https:\/\/www.closdecaille.com\/wp-content\/uploads\/2026\/03\/128a7378.png\",\"datePublished\":\"2026-03-17T15:09:09+00:00\",\"dateModified\":\"2026-03-17T15:17:13+00:00\",\"description\":\"Pour votre table de P\u00e2ques, d\u00e9couvrez les accords parfaits entre l\u2019agneau r\u00f4ti et les vins du Clos de Caille, expressions authentiques de la Provence.\",\"breadcrumb\":{\"@id\":\"https:\/\/www.closdecaille.com\/tables-printemps\/#breadcrumb\"},\"inLanguage\":\"en-GB\",\"potentialAction\":[{\"@type\":\"ReadAction\",\"target\":[\"https:\/\/www.closdecaille.com\/tables-printemps\/\"]}]},{\"@type\":\"ImageObject\",\"inLanguage\":\"en-GB\",\"@id\":\"https:\/\/www.closdecaille.com\/tables-printemps\/#primaryimage\",\"url\":\"https:\/\/www.closdecaille.com\/wp-content\/uploads\/2026\/03\/128a7378.png\",\"contentUrl\":\"https:\/\/www.closdecaille.com\/wp-content\/uploads\/2026\/03\/128a7378.png\",\"width\":1281,\"height\":777,\"caption\":\"Banni\u00e8re bloc logo Clos de Caille\"},{\"@type\":\"BreadcrumbList\",\"@id\":\"https:\/\/www.closdecaille.com\/tables-printemps\/#breadcrumb\",\"itemListElement\":[{\"@type\":\"ListItem\",\"position\":1,\"name\":\"Art de vivre\",\"item\":\"https:\/\/www.closdecaille.com\/category\/art-de-vivre\/\"},{\"@type\":\"ListItem\",\"position\":2,\"name\":\"Le go\u00fbt de la Provence pour vos tables de Printemps\"}]},{\"@type\":\"WebSite\",\"@id\":\"https:\/\/www.closdecaille.com\/#website\",\"url\":\"https:\/\/www.closdecaille.com\/\",\"name\":\"Clos de Caille\",\"description\":\"Vins AOP C\u00f4tes de Provence\",\"publisher\":{\"@id\":\"https:\/\/www.closdecaille.com\/#organization\"},\"potentialAction\":[{\"@type\":\"SearchAction\",\"target\":{\"@type\":\"EntryPoint\",\"urlTemplate\":\"https:\/\/www.closdecaille.com\/?s={search_term_string}\"},\"query-input\":{\"@type\":\"PropertyValueSpecification\",\"valueRequired\":true,\"valueName\":\"search_term_string\"}}],\"inLanguage\":\"en-GB\"},{\"@type\":\"Organization\",\"@id\":\"https:\/\/www.closdecaille.com\/#organization\",\"name\":\"Clos de Caille\",\"url\":\"https:\/\/www.closdecaille.com\/\",\"logo\":{\"@type\":\"ImageObject\",\"inLanguage\":\"en-GB\",\"@id\":\"https:\/\/www.closdecaille.com\/#\/schema\/logo\/image\/\",\"url\":\"https:\/\/www.closdecaille.com\/wp-content\/uploads\/2023\/07\/favicon-2023.png\",\"contentUrl\":\"https:\/\/www.closdecaille.com\/wp-content\/uploads\/2023\/07\/favicon-2023.png\",\"width\":600,\"height\":600,\"caption\":\"Clos de Caille\"},\"image\":{\"@id\":\"https:\/\/www.closdecaille.com\/#\/schema\/logo\/image\/\"}},{\"@type\":\"Person\",\"@id\":\"https:\/\/www.closdecaille.com\/#\/schema\/person\/183ec33b0abe209accdd35f1ba15b586\",\"name\":\"Julie Fleisch\",\"image\":{\"@type\":\"ImageObject\",\"inLanguage\":\"en-GB\",\"@id\":\"https:\/\/www.closdecaille.com\/#\/schema\/person\/image\/\",\"url\":\"https:\/\/secure.gravatar.com\/avatar\/bffc10faa760f5f1f08f454e79e3342f047898af28fb87e9eec6b7842f516e2a?s=96&d=mm&r=g\",\"contentUrl\":\"https:\/\/secure.gravatar.com\/avatar\/bffc10faa760f5f1f08f454e79e3342f047898af28fb87e9eec6b7842f516e2a?s=96&d=mm&r=g\",\"caption\":\"Julie Fleisch\"}}]}<\/script>\n<!-- \/ Yoast SEO plugin. -->","yoast_head_json":{"title":"A taste of Provence for your Spring table - Clos de Caille","description":"For your Easter table, discover the perfect match between roast lamb and Clos de Caille wines, authentic expressions of Provence.","robots":{"index":"index","follow":"follow","max-snippet":"max-snippet:-1","max-image-preview":"max-image-preview:large","max-video-preview":"max-video-preview:-1"},"canonical":"https:\/\/www.closdecaille.com\/en\/tables-printemps\/","og_locale":"en_GB","og_type":"article","og_title":"Le go\u00fbt de la Provence pour vos tables de Printemps - Clos de Caille","og_description":"Pour votre table de P\u00e2ques, d\u00e9couvrez les accords parfaits entre l\u2019agneau r\u00f4ti et les vins du Clos de Caille, expressions authentiques de la Provence.","og_url":"https:\/\/www.closdecaille.com\/en\/tables-printemps\/","og_site_name":"Clos de Caille","article_published_time":"2026-03-17T15:09:09+00:00","article_modified_time":"2026-03-17T15:17:13+00:00","og_image":[{"width":1281,"height":777,"url":"https:\/\/www.closdecaille.com\/wp-content\/uploads\/2026\/03\/128a7378.png","type":"image\/png"}],"author":"Julie Fleisch","twitter_misc":{"Written by":"Julie Fleisch","Estimated reading time":"4 minutes"},"schema":{"@context":"https:\/\/schema.org","@graph":[{"@type":"Article","@id":"https:\/\/www.closdecaille.com\/tables-printemps\/#article","isPartOf":{"@id":"https:\/\/www.closdecaille.com\/tables-printemps\/"},"author":{"name":"Julie Fleisch","@id":"https:\/\/www.closdecaille.com\/#\/schema\/person\/183ec33b0abe209accdd35f1ba15b586"},"headline":"Le go\u00fbt de la Provence pour vos tables de Printemps","datePublished":"2026-03-17T15:09:09+00:00","dateModified":"2026-03-17T15:17:13+00:00","mainEntityOfPage":{"@id":"https:\/\/www.closdecaille.com\/tables-printemps\/"},"wordCount":729,"publisher":{"@id":"https:\/\/www.closdecaille.com\/#organization"},"image":{"@id":"https:\/\/www.closdecaille.com\/tables-printemps\/#primaryimage"},"thumbnailUrl":"https:\/\/www.closdecaille.com\/wp-content\/uploads\/2026\/03\/128a7378.png","articleSection":["Art de vivre","Clos de Caille","Presse"],"inLanguage":"en-GB"},{"@type":"WebPage","@id":"https:\/\/www.closdecaille.com\/tables-printemps\/","url":"https:\/\/www.closdecaille.com\/tables-printemps\/","name":"A taste of Provence for your Spring table - Clos de Caille","isPartOf":{"@id":"https:\/\/www.closdecaille.com\/#website"},"primaryImageOfPage":{"@id":"https:\/\/www.closdecaille.com\/tables-printemps\/#primaryimage"},"image":{"@id":"https:\/\/www.closdecaille.com\/tables-printemps\/#primaryimage"},"thumbnailUrl":"https:\/\/www.closdecaille.com\/wp-content\/uploads\/2026\/03\/128a7378.png","datePublished":"2026-03-17T15:09:09+00:00","dateModified":"2026-03-17T15:17:13+00:00","description":"For your Easter table, discover the perfect match between roast lamb and Clos de Caille wines, authentic expressions of Provence.","breadcrumb":{"@id":"https:\/\/www.closdecaille.com\/tables-printemps\/#breadcrumb"},"inLanguage":"en-GB","potentialAction":[{"@type":"ReadAction","target":["https:\/\/www.closdecaille.com\/tables-printemps\/"]}]},{"@type":"ImageObject","inLanguage":"en-GB","@id":"https:\/\/www.closdecaille.com\/tables-printemps\/#primaryimage","url":"https:\/\/www.closdecaille.com\/wp-content\/uploads\/2026\/03\/128a7378.png","contentUrl":"https:\/\/www.closdecaille.com\/wp-content\/uploads\/2026\/03\/128a7378.png","width":1281,"height":777,"caption":"Banni\u00e8re bloc logo Clos de Caille"},{"@type":"BreadcrumbList","@id":"https:\/\/www.closdecaille.com\/tables-printemps\/#breadcrumb","itemListElement":[{"@type":"ListItem","position":1,"name":"Art de vivre","item":"https:\/\/www.closdecaille.com\/category\/art-de-vivre\/"},{"@type":"ListItem","position":2,"name":"Le go\u00fbt de la Provence pour vos tables de Printemps"}]},{"@type":"WebSite","@id":"https:\/\/www.closdecaille.com\/#website","url":"https:\/\/www.closdecaille.com\/","name":"Clos de Caille","description":"C\u00f4tes de Provence AOP wines","publisher":{"@id":"https:\/\/www.closdecaille.com\/#organization"},"potentialAction":[{"@type":"SearchAction","target":{"@type":"EntryPoint","urlTemplate":"https:\/\/www.closdecaille.com\/?s={search_term_string}"},"query-input":{"@type":"PropertyValueSpecification","valueRequired":true,"valueName":"search_term_string"}}],"inLanguage":"en-GB"},{"@type":"Organization","@id":"https:\/\/www.closdecaille.com\/#organization","name":"Clos de Caille","url":"https:\/\/www.closdecaille.com\/","logo":{"@type":"ImageObject","inLanguage":"en-GB","@id":"https:\/\/www.closdecaille.com\/#\/schema\/logo\/image\/","url":"https:\/\/www.closdecaille.com\/wp-content\/uploads\/2023\/07\/favicon-2023.png","contentUrl":"https:\/\/www.closdecaille.com\/wp-content\/uploads\/2023\/07\/favicon-2023.png","width":600,"height":600,"caption":"Clos de Caille"},"image":{"@id":"https:\/\/www.closdecaille.com\/#\/schema\/logo\/image\/"}},{"@type":"Person","@id":"https:\/\/www.closdecaille.com\/#\/schema\/person\/183ec33b0abe209accdd35f1ba15b586","name":"Julie Fleisch","image":{"@type":"ImageObject","inLanguage":"en-GB","@id":"https:\/\/www.closdecaille.com\/#\/schema\/person\/image\/","url":"https:\/\/secure.gravatar.com\/avatar\/bffc10faa760f5f1f08f454e79e3342f047898af28fb87e9eec6b7842f516e2a?s=96&d=mm&r=g","contentUrl":"https:\/\/secure.gravatar.com\/avatar\/bffc10faa760f5f1f08f454e79e3342f047898af28fb87e9eec6b7842f516e2a?s=96&d=mm&r=g","caption":"Julie Fleisch"}}]}},"_links":{"self":[{"href":"https:\/\/www.closdecaille.com\/en\/wp-json\/wp\/v2\/posts\/6860","targetHints":{"allow":["GET"]}}],"collection":[{"href":"https:\/\/www.closdecaille.com\/en\/wp-json\/wp\/v2\/posts"}],"about":[{"href":"https:\/\/www.closdecaille.com\/en\/wp-json\/wp\/v2\/types\/post"}],"author":[{"embeddable":true,"href":"https:\/\/www.closdecaille.com\/en\/wp-json\/wp\/v2\/users\/10"}],"replies":[{"embeddable":true,"href":"https:\/\/www.closdecaille.com\/en\/wp-json\/wp\/v2\/comments?post=6860"}],"version-history":[{"count":2,"href":"https:\/\/www.closdecaille.com\/en\/wp-json\/wp\/v2\/posts\/6860\/revisions"}],"predecessor-version":[{"id":6870,"href":"https:\/\/www.closdecaille.com\/en\/wp-json\/wp\/v2\/posts\/6860\/revisions\/6870"}],"wp:featuredmedia":[{"embeddable":true,"href":"https:\/\/www.closdecaille.com\/en\/wp-json\/wp\/v2\/media\/6852"}],"wp:attachment":[{"href":"https:\/\/www.closdecaille.com\/en\/wp-json\/wp\/v2\/media?parent=6860"}],"wp:term":[{"taxonomy":"category","embeddable":true,"href":"https:\/\/www.closdecaille.com\/en\/wp-json\/wp\/v2\/categories?post=6860"},{"taxonomy":"post_tag","embeddable":true,"href":"https:\/\/www.closdecaille.com\/en\/wp-json\/wp\/v2\/tags?post=6860"}],"curies":[{"name":"wp","href":"https:\/\/api.w.org\/{rel}","templated":true}]}}