{"id":6851,"date":"2026-03-11T12:53:51","date_gmt":"2026-03-11T11:53:51","guid":{"rendered":"https:\/\/www.closdecaille.com\/?p=6851"},"modified":"2026-03-11T12:53:55","modified_gmt":"2026-03-11T11:53:55","slug":"le-nouveau-millesime-est-arrive","status":"publish","type":"post","link":"https:\/\/www.closdecaille.com\/en\/le-nouveau-millesime-est-arrive\/","title":{"rendered":"The new vintage has arrived"},"content":{"rendered":"<p style=\"text-align: center;\"><strong>Discover our 2025 vintage<\/strong><\/p>\n<h1 style=\"text-align: center;\" data-pm-slice=\"1 1 []\">2025: A NEW CHAPTER<\/h1>\n<p>This new vintage is the very embodiment of the vision embodied by <strong>Matthew Cosse<\/strong> A demanding, contemporary interpretation of Provence. The ripeness of the grapes is carefully sought in order to preserve the natural tension of the juices and express their full potential, <strong>without artifice, the uniqueness of each parcel<\/strong>.<\/p>\n<p>Vinified with restraint and matured with respect for its substance, it reveals a precise structure, a mineral energy and an assertive depth. A daring profile for the C\u00f4tes de Provence PDO appellation, where balance is not sacrificed for freshness and complexity, and where each cuv\u00e9e asserts its own unique gastronomic signature.<\/p>\n<p>Continuing the momentum built up since 2021, <strong>Clos de Caille is pursuing this quest for excellence with determination<\/strong>, The aim is to reveal a Provence of emotion, precision and character.<\/p>\n<p><img fetchpriority=\"high\" decoding=\"async\" class=\"wp-image-6844\" src=\"https:\/\/www.closdecaille.com\/wp-content\/uploads\/2026\/03\/sampi_clos-de-caille_press-ig-4-1024x1024.jpg\" alt=\"Clos de Caille - Lifestyle - CdC Ros\u00e9 - Lifestyle - carr\u00e9\" width=\"600\" height=\"600\" srcset=\"https:\/\/www.closdecaille.com\/wp-content\/uploads\/2026\/03\/sampi_clos-de-caille_press-ig-4-1024x1024.jpg 1024w, https:\/\/www.closdecaille.com\/wp-content\/uploads\/2026\/03\/sampi_clos-de-caille_press-ig-4-300x300.jpg 300w, https:\/\/www.closdecaille.com\/wp-content\/uploads\/2026\/03\/sampi_clos-de-caille_press-ig-4-150x150.jpg 150w, https:\/\/www.closdecaille.com\/wp-content\/uploads\/2026\/03\/sampi_clos-de-caille_press-ig-4-768x768.jpg 768w, https:\/\/www.closdecaille.com\/wp-content\/uploads\/2026\/03\/sampi_clos-de-caille_press-ig-4-1536x1536.jpg 1536w, https:\/\/www.closdecaille.com\/wp-content\/uploads\/2026\/03\/sampi_clos-de-caille_press-ig-4-2048x2048.jpg 2048w, https:\/\/www.closdecaille.com\/wp-content\/uploads\/2026\/03\/sampi_clos-de-caille_press-ig-4-12x12.jpg 12w, https:\/\/www.closdecaille.com\/wp-content\/uploads\/2026\/03\/sampi_clos-de-caille_press-ig-4-100x100.jpg 100w\" sizes=\"(max-width: 600px) 100vw, 600px\" \/><\/p>\n<h4><a href=\"https:\/\/www.closdecaille.com\/en\/product\/clos-de-caille-rose\/\">Buy Clos de Caille Ros\u00e9 2025<\/a><\/h4>\n<p><img decoding=\"async\" class=\"wp-image-6845\" src=\"https:\/\/www.closdecaille.com\/wp-content\/uploads\/2026\/03\/sampi_clos-de-caille_press-ig-3-1024x1024.jpg\" alt=\"Clos de Caille - Lifestyle - CdC Rouge - Lifestyle - carr\u00e9\" width=\"600\" height=\"600\" srcset=\"https:\/\/www.closdecaille.com\/wp-content\/uploads\/2026\/03\/sampi_clos-de-caille_press-ig-3-1024x1024.jpg 1024w, https:\/\/www.closdecaille.com\/wp-content\/uploads\/2026\/03\/sampi_clos-de-caille_press-ig-3-300x300.jpg 300w, https:\/\/www.closdecaille.com\/wp-content\/uploads\/2026\/03\/sampi_clos-de-caille_press-ig-3-150x150.jpg 150w, https:\/\/www.closdecaille.com\/wp-content\/uploads\/2026\/03\/sampi_clos-de-caille_press-ig-3-768x768.jpg 768w, https:\/\/www.closdecaille.com\/wp-content\/uploads\/2026\/03\/sampi_clos-de-caille_press-ig-3-1536x1536.jpg 1536w, https:\/\/www.closdecaille.com\/wp-content\/uploads\/2026\/03\/sampi_clos-de-caille_press-ig-3-2048x2048.jpg 2048w, https:\/\/www.closdecaille.com\/wp-content\/uploads\/2026\/03\/sampi_clos-de-caille_press-ig-3-12x12.jpg 12w, https:\/\/www.closdecaille.com\/wp-content\/uploads\/2026\/03\/sampi_clos-de-caille_press-ig-3-100x100.jpg 100w\" sizes=\"(max-width: 600px) 100vw, 600px\" \/><\/p>\n<h4><a href=\"mailto:info@closdecaille.com\">Pre-order Clos de Caille Red 2024<\/a><\/h4><p><img decoding=\"async\" class=\"wp-image-6843\" src=\"https:\/\/www.closdecaille.com\/wp-content\/uploads\/2026\/03\/sampi_clos-de-caille_press-ig-5-1024x1024.jpg\" alt=\"Clos de Caille - Lifestyle - CdC Blanc - Lifestyle - carr\u00e9\" width=\"600\" height=\"600\" srcset=\"https:\/\/www.closdecaille.com\/wp-content\/uploads\/2026\/03\/sampi_clos-de-caille_press-ig-5-1024x1024.jpg 1024w, https:\/\/www.closdecaille.com\/wp-content\/uploads\/2026\/03\/sampi_clos-de-caille_press-ig-5-300x300.jpg 300w, https:\/\/www.closdecaille.com\/wp-content\/uploads\/2026\/03\/sampi_clos-de-caille_press-ig-5-150x150.jpg 150w, https:\/\/www.closdecaille.com\/wp-content\/uploads\/2026\/03\/sampi_clos-de-caille_press-ig-5-768x768.jpg 768w, https:\/\/www.closdecaille.com\/wp-content\/uploads\/2026\/03\/sampi_clos-de-caille_press-ig-5-1536x1536.jpg 1536w, https:\/\/www.closdecaille.com\/wp-content\/uploads\/2026\/03\/sampi_clos-de-caille_press-ig-5-2048x2048.jpg 2048w, https:\/\/www.closdecaille.com\/wp-content\/uploads\/2026\/03\/sampi_clos-de-caille_press-ig-5-12x12.jpg 12w, https:\/\/www.closdecaille.com\/wp-content\/uploads\/2026\/03\/sampi_clos-de-caille_press-ig-5-100x100.jpg 100w\" sizes=\"(max-width: 600px) 100vw, 600px\" \/><\/p><h4><a href=\"https:\/\/www.closdecaille.com\/en\/product\/clos-de-caille-blanc\/\">Buy Clos de Caille White 2025<\/a><\/h4>\n<p><strong><u>THE BALANCE OF A DEMANDING YEAR<\/u><\/strong><\/p>\n<p>At the end of August, harvesting began early on our 60 hectares of vines.<\/p>\n<p>Abundant rainfall in autumn and winter enabled the vines to fully replenish their reserves. A mild spring, spared by frost and punctuated by regular rainfall, then encouraged uniform flowering, without water stress.<\/p>\n<p>These particularly favourable conditions, combined with careful management of our soils, enabled us to deal calmly with the hot summer weather, while preserving both the volume and quality of the harvest.<\/p>\n<p><strong>The luxury of a sustainable commitment<\/strong><\/p>\n<p>Respect for the land is at the heart of our approach. Vineyard management is based on the following practices <strong>precision viticulture<\/strong> These include gentle pruning, controlled grassing, mechanical working of the soil and manual harvesting to preserve the integrity of the fruit - the first guarantee of quality.<br \/>We practice a <strong>regenerative viticulture<\/strong> These include natural grassing, mechanical tillage and organic compost made from plant and animal matter.<br \/>No concessions are made to the easy way out: yields are controlled, inputs are banned and observation is constant.<br \/>Because for us, true luxury is not just in the result, but in the quality of the product. <strong>purity of process<\/strong>.<\/p>\n<p>\u00a0<\/p>\n<p><img loading=\"lazy\" decoding=\"async\" class=\"size-large wp-image-6848\" src=\"https:\/\/www.closdecaille.com\/wp-content\/uploads\/2026\/03\/sampi_clos-de-caille_press-ig-1-1024x1024.jpg\" alt=\"Clos de Caille - Lifestyle - chai N&amp;B - Lifestyle\" width=\"800\" height=\"800\" srcset=\"https:\/\/www.closdecaille.com\/wp-content\/uploads\/2026\/03\/sampi_clos-de-caille_press-ig-1-1024x1024.jpg 1024w, https:\/\/www.closdecaille.com\/wp-content\/uploads\/2026\/03\/sampi_clos-de-caille_press-ig-1-300x300.jpg 300w, https:\/\/www.closdecaille.com\/wp-content\/uploads\/2026\/03\/sampi_clos-de-caille_press-ig-1-150x150.jpg 150w, https:\/\/www.closdecaille.com\/wp-content\/uploads\/2026\/03\/sampi_clos-de-caille_press-ig-1-768x768.jpg 768w, https:\/\/www.closdecaille.com\/wp-content\/uploads\/2026\/03\/sampi_clos-de-caille_press-ig-1-1536x1536.jpg 1536w, https:\/\/www.closdecaille.com\/wp-content\/uploads\/2026\/03\/sampi_clos-de-caille_press-ig-1-2048x2048.jpg 2048w, https:\/\/www.closdecaille.com\/wp-content\/uploads\/2026\/03\/sampi_clos-de-caille_press-ig-1-12x12.jpg 12w, https:\/\/www.closdecaille.com\/wp-content\/uploads\/2026\/03\/sampi_clos-de-caille_press-ig-1-100x100.jpg 100w\" sizes=\"(max-width: 800px) 100vw, 800px\" \/><\/p>\n<blockquote>\n<p data-pm-slice=\"1 1 []\">\u00abOur terroirs carry the freshness and salinity that characterise our wines. Our role is to reveal this energy with precision, so that each cuv\u00e9e accurately expresses the identity of Clos de Caille.\u00bb <br \/>- Matthieu Cosse, Oenologist<\/p>\n<\/blockquote>\n<h4><a href=\"https:\/\/www.closdecaille.com\/en\/boutique\/\">Discover OUR WINES<\/a><\/h4>\n<p><em>Shipping is free for purchases over \u20ac100 in France and Monaco.<\/em><br \/><em>Delivery within 3 working days in secure, reinforced packaging.<\/em><\/p>\n<p>Clos de Caille accompanies its partner restaurants and establishments with exacting precision, guiding them in wine selection, food and wine pairing and the art of table service. <strong>More than just a wine, this is a true gastronomic companion.<\/strong> - designed to enhance cards, enrich the experience and leave guests with lasting memories.<\/p>\n<p>Shaped by time and human know-how, this balance reveals the essence of the terroir and enhances the tasting experience, offering wines that bring pleasure and distinction to the table.<\/p>\n<p>\u00a0<\/p>\n<p style=\"text-align: center;\">_______________________________<\/p>\n<h2 style=\"text-align: center;\"><strong>THE CLOS JOURNAL<br \/><\/strong><strong>\ud83d\uddde\ufe0f<\/strong><\/h2>\n<p>With the return of the sun and the first signs of spring, the Clos de Caille teams have set about <strong>pruning the vines<\/strong>, This stage marks the true beginning of the vine's new cycle.<\/p>\n<p>It is at this key moment in the <strong>wine calendar<\/strong> that Nicolas Chaix has joined the estate today as <strong>Head of Culture<\/strong>. From now on, it will accompany all the stages in the life of our vineyard, right up to the next harvest.<\/p>\n<p>His arrival is a natural extension of the work carried out every day at the heart of our 60 hectares of vines: <strong>observing, understanding and supporting each plot of land in order to accurately reveal the unique character of our terroirs<\/strong>.<\/p>\n<p>\u00a0<\/p>\n<p>\u2014<\/p>\n<h3 style=\"text-align: center;\"><strong>YOUR PERSONAL APPOINTMENT<\/strong><\/h3>\n<p style=\"text-align: center;\">Because we are committed to offering our customers a unique experience, we invite you to make an appointment with one of our ambassadors, who will be happy to answer all your questions and discuss distribution terms.<\/p>\n<h4 style=\"text-align: center;\"><a href=\"mailto:info@closdecaille.com\">Contact our Customer Service Department<\/a><\/h4>\n\n\n<p><\/p>","protected":false},"excerpt":{"rendered":"<p>D\u00e9couvrez notre mill\u00e9sime 2025 2025 : UN NOUVEAU CHAPITRE Ce nouveau mill\u00e9sime incarne avec pr\u00e9cision la vision port\u00e9e par Matthieu Cosse : une lecture exigeante et contemporaine de la Provence. La maturit\u00e9 des raisins y est recherch\u00e9e avec justesse, afin de pr\u00e9server la tension naturelle des jus et d\u2019exprimer, sans artifice, la singularit\u00e9 de chaque [&hellip;]<\/p>\n","protected":false},"author":10,"featured_media":6847,"comment_status":"closed","ping_status":"closed","sticky":false,"template":"","format":"standard","meta":{"_acf_changed":false,"_mo_disable_npp":"","footnotes":""},"categories":[324,116],"tags":[],"class_list":["post-6851","post","type-post","status-publish","format-standard","has-post-thumbnail","hentry","category-art-de-vivre","category-domaine-du-clos-de-caille"],"acf":[],"yoast_head":"<!-- This site is optimized with the Yoast SEO plugin v27.0 - https:\/\/yoast.com\/product\/yoast-seo-wordpress\/ -->\n<title>Le nouveau mill\u00e9sime est arriv\u00e9 - Clos de Caille<\/title>\n<meta name=\"description\" content=\"Mill\u00e9sime 2025 : Clos de Caille ouvre un nouveau chapitre en Provence avec des vins pr\u00e9cis, frais et min\u00e9raux, signature d\u2019une viticulture exigeante et engag\u00e9e.\" \/>\n<meta name=\"robots\" content=\"index, follow, max-snippet:-1, max-image-preview:large, max-video-preview:-1\" \/>\n<link rel=\"canonical\" href=\"https:\/\/www.closdecaille.com\/en\/le-nouveau-millesime-est-arrive\/\" \/>\n<meta property=\"og:locale\" content=\"en_GB\" \/>\n<meta property=\"og:type\" content=\"article\" \/>\n<meta property=\"og:title\" content=\"Le nouveau mill\u00e9sime est arriv\u00e9 - Clos de Caille\" \/>\n<meta property=\"og:description\" content=\"Mill\u00e9sime 2025 : Clos de Caille ouvre un nouveau chapitre en Provence avec des vins pr\u00e9cis, frais et min\u00e9raux, signature d\u2019une viticulture exigeante et engag\u00e9e.\" \/>\n<meta property=\"og:url\" content=\"https:\/\/www.closdecaille.com\/en\/le-nouveau-millesime-est-arrive\/\" \/>\n<meta property=\"og:site_name\" content=\"Clos de Caille\" \/>\n<meta property=\"article:published_time\" content=\"2026-03-11T11:53:51+00:00\" \/>\n<meta property=\"article:modified_time\" content=\"2026-03-11T11:53:55+00:00\" \/>\n<meta property=\"og:image\" content=\"https:\/\/www.closdecaille.com\/wp-content\/uploads\/2026\/03\/chatgpt-image-3-mars-2026-08_54_22-cover.png\" \/>\n\t<meta property=\"og:image:width\" content=\"1024\" \/>\n\t<meta property=\"og:image:height\" content=\"610\" \/>\n\t<meta property=\"og:image:type\" content=\"image\/png\" \/>\n<meta name=\"author\" content=\"Julie Fleisch\" \/>\n<meta name=\"twitter:label1\" content=\"Written by\" \/>\n\t<meta name=\"twitter:data1\" content=\"Julie Fleisch\" \/>\n\t<meta name=\"twitter:label2\" content=\"Estimated reading time\" \/>\n\t<meta name=\"twitter:data2\" content=\"5 minutes\" \/>\n<script type=\"application\/ld+json\" class=\"yoast-schema-graph\">{\"@context\":\"https:\/\/schema.org\",\"@graph\":[{\"@type\":\"Article\",\"@id\":\"https:\/\/www.closdecaille.com\/le-nouveau-millesime-est-arrive\/#article\",\"isPartOf\":{\"@id\":\"https:\/\/www.closdecaille.com\/le-nouveau-millesime-est-arrive\/\"},\"author\":{\"name\":\"Julie Fleisch\",\"@id\":\"https:\/\/www.closdecaille.com\/#\/schema\/person\/183ec33b0abe209accdd35f1ba15b586\"},\"headline\":\"Le nouveau mill\u00e9sime est arriv\u00e9\",\"datePublished\":\"2026-03-11T11:53:51+00:00\",\"dateModified\":\"2026-03-11T11:53:55+00:00\",\"mainEntityOfPage\":{\"@id\":\"https:\/\/www.closdecaille.com\/le-nouveau-millesime-est-arrive\/\"},\"wordCount\":759,\"publisher\":{\"@id\":\"https:\/\/www.closdecaille.com\/#organization\"},\"image\":{\"@id\":\"https:\/\/www.closdecaille.com\/le-nouveau-millesime-est-arrive\/#primaryimage\"},\"thumbnailUrl\":\"https:\/\/www.closdecaille.com\/wp-content\/uploads\/2026\/03\/chatgpt-image-3-mars-2026-08_54_22-cover.png\",\"articleSection\":[\"Art de vivre\",\"Clos de Caille\"],\"inLanguage\":\"en-GB\"},{\"@type\":\"WebPage\",\"@id\":\"https:\/\/www.closdecaille.com\/le-nouveau-millesime-est-arrive\/\",\"url\":\"https:\/\/www.closdecaille.com\/le-nouveau-millesime-est-arrive\/\",\"name\":\"Le nouveau mill\u00e9sime est arriv\u00e9 - Clos de Caille\",\"isPartOf\":{\"@id\":\"https:\/\/www.closdecaille.com\/#website\"},\"primaryImageOfPage\":{\"@id\":\"https:\/\/www.closdecaille.com\/le-nouveau-millesime-est-arrive\/#primaryimage\"},\"image\":{\"@id\":\"https:\/\/www.closdecaille.com\/le-nouveau-millesime-est-arrive\/#primaryimage\"},\"thumbnailUrl\":\"https:\/\/www.closdecaille.com\/wp-content\/uploads\/2026\/03\/chatgpt-image-3-mars-2026-08_54_22-cover.png\",\"datePublished\":\"2026-03-11T11:53:51+00:00\",\"dateModified\":\"2026-03-11T11:53:55+00:00\",\"description\":\"Mill\u00e9sime 2025 : Clos de Caille ouvre un nouveau chapitre en Provence avec des vins pr\u00e9cis, frais et min\u00e9raux, signature d\u2019une viticulture exigeante et engag\u00e9e.\",\"breadcrumb\":{\"@id\":\"https:\/\/www.closdecaille.com\/le-nouveau-millesime-est-arrive\/#breadcrumb\"},\"inLanguage\":\"en-GB\",\"potentialAction\":[{\"@type\":\"ReadAction\",\"target\":[\"https:\/\/www.closdecaille.com\/le-nouveau-millesime-est-arrive\/\"]}]},{\"@type\":\"ImageObject\",\"inLanguage\":\"en-GB\",\"@id\":\"https:\/\/www.closdecaille.com\/le-nouveau-millesime-est-arrive\/#primaryimage\",\"url\":\"https:\/\/www.closdecaille.com\/wp-content\/uploads\/2026\/03\/chatgpt-image-3-mars-2026-08_54_22-cover.png\",\"contentUrl\":\"https:\/\/www.closdecaille.com\/wp-content\/uploads\/2026\/03\/chatgpt-image-3-mars-2026-08_54_22-cover.png\",\"width\":1024,\"height\":610,\"caption\":\"Banni\u00e8re bloc logo Clos de Caille\"},{\"@type\":\"BreadcrumbList\",\"@id\":\"https:\/\/www.closdecaille.com\/le-nouveau-millesime-est-arrive\/#breadcrumb\",\"itemListElement\":[{\"@type\":\"ListItem\",\"position\":1,\"name\":\"Art de vivre\",\"item\":\"https:\/\/www.closdecaille.com\/category\/art-de-vivre\/\"},{\"@type\":\"ListItem\",\"position\":2,\"name\":\"Le nouveau mill\u00e9sime est arriv\u00e9\"}]},{\"@type\":\"WebSite\",\"@id\":\"https:\/\/www.closdecaille.com\/#website\",\"url\":\"https:\/\/www.closdecaille.com\/\",\"name\":\"Clos de Caille\",\"description\":\"Vins AOP C\u00f4tes de Provence\",\"publisher\":{\"@id\":\"https:\/\/www.closdecaille.com\/#organization\"},\"potentialAction\":[{\"@type\":\"SearchAction\",\"target\":{\"@type\":\"EntryPoint\",\"urlTemplate\":\"https:\/\/www.closdecaille.com\/?s={search_term_string}\"},\"query-input\":{\"@type\":\"PropertyValueSpecification\",\"valueRequired\":true,\"valueName\":\"search_term_string\"}}],\"inLanguage\":\"en-GB\"},{\"@type\":\"Organization\",\"@id\":\"https:\/\/www.closdecaille.com\/#organization\",\"name\":\"Clos de Caille\",\"url\":\"https:\/\/www.closdecaille.com\/\",\"logo\":{\"@type\":\"ImageObject\",\"inLanguage\":\"en-GB\",\"@id\":\"https:\/\/www.closdecaille.com\/#\/schema\/logo\/image\/\",\"url\":\"https:\/\/www.closdecaille.com\/wp-content\/uploads\/2023\/07\/favicon-2023.png\",\"contentUrl\":\"https:\/\/www.closdecaille.com\/wp-content\/uploads\/2023\/07\/favicon-2023.png\",\"width\":600,\"height\":600,\"caption\":\"Clos de Caille\"},\"image\":{\"@id\":\"https:\/\/www.closdecaille.com\/#\/schema\/logo\/image\/\"}},{\"@type\":\"Person\",\"@id\":\"https:\/\/www.closdecaille.com\/#\/schema\/person\/183ec33b0abe209accdd35f1ba15b586\",\"name\":\"Julie Fleisch\",\"image\":{\"@type\":\"ImageObject\",\"inLanguage\":\"en-GB\",\"@id\":\"https:\/\/www.closdecaille.com\/#\/schema\/person\/image\/\",\"url\":\"https:\/\/secure.gravatar.com\/avatar\/bffc10faa760f5f1f08f454e79e3342f047898af28fb87e9eec6b7842f516e2a?s=96&d=mm&r=g\",\"contentUrl\":\"https:\/\/secure.gravatar.com\/avatar\/bffc10faa760f5f1f08f454e79e3342f047898af28fb87e9eec6b7842f516e2a?s=96&d=mm&r=g\",\"caption\":\"Julie Fleisch\"}}]}<\/script>\n<!-- \/ Yoast SEO plugin. -->","yoast_head_json":{"title":"The new vintage has arrived - Clos de Caille","description":"Vintage 2025: Clos de Caille opens a new chapter in Provence with precise, fresh and mineral wines, the signature of a demanding and committed viticulture.","robots":{"index":"index","follow":"follow","max-snippet":"max-snippet:-1","max-image-preview":"max-image-preview:large","max-video-preview":"max-video-preview:-1"},"canonical":"https:\/\/www.closdecaille.com\/en\/le-nouveau-millesime-est-arrive\/","og_locale":"en_GB","og_type":"article","og_title":"Le nouveau mill\u00e9sime est arriv\u00e9 - Clos de Caille","og_description":"Mill\u00e9sime 2025 : Clos de Caille ouvre un nouveau chapitre en Provence avec des vins pr\u00e9cis, frais et min\u00e9raux, signature d\u2019une viticulture exigeante et engag\u00e9e.","og_url":"https:\/\/www.closdecaille.com\/en\/le-nouveau-millesime-est-arrive\/","og_site_name":"Clos de Caille","article_published_time":"2026-03-11T11:53:51+00:00","article_modified_time":"2026-03-11T11:53:55+00:00","og_image":[{"width":1024,"height":610,"url":"https:\/\/www.closdecaille.com\/wp-content\/uploads\/2026\/03\/chatgpt-image-3-mars-2026-08_54_22-cover.png","type":"image\/png"}],"author":"Julie Fleisch","twitter_misc":{"Written by":"Julie Fleisch","Estimated reading time":"5 minutes"},"schema":{"@context":"https:\/\/schema.org","@graph":[{"@type":"Article","@id":"https:\/\/www.closdecaille.com\/le-nouveau-millesime-est-arrive\/#article","isPartOf":{"@id":"https:\/\/www.closdecaille.com\/le-nouveau-millesime-est-arrive\/"},"author":{"name":"Julie Fleisch","@id":"https:\/\/www.closdecaille.com\/#\/schema\/person\/183ec33b0abe209accdd35f1ba15b586"},"headline":"Le nouveau mill\u00e9sime est arriv\u00e9","datePublished":"2026-03-11T11:53:51+00:00","dateModified":"2026-03-11T11:53:55+00:00","mainEntityOfPage":{"@id":"https:\/\/www.closdecaille.com\/le-nouveau-millesime-est-arrive\/"},"wordCount":759,"publisher":{"@id":"https:\/\/www.closdecaille.com\/#organization"},"image":{"@id":"https:\/\/www.closdecaille.com\/le-nouveau-millesime-est-arrive\/#primaryimage"},"thumbnailUrl":"https:\/\/www.closdecaille.com\/wp-content\/uploads\/2026\/03\/chatgpt-image-3-mars-2026-08_54_22-cover.png","articleSection":["Art de vivre","Clos de Caille"],"inLanguage":"en-GB"},{"@type":"WebPage","@id":"https:\/\/www.closdecaille.com\/le-nouveau-millesime-est-arrive\/","url":"https:\/\/www.closdecaille.com\/le-nouveau-millesime-est-arrive\/","name":"The new vintage has arrived - Clos de Caille","isPartOf":{"@id":"https:\/\/www.closdecaille.com\/#website"},"primaryImageOfPage":{"@id":"https:\/\/www.closdecaille.com\/le-nouveau-millesime-est-arrive\/#primaryimage"},"image":{"@id":"https:\/\/www.closdecaille.com\/le-nouveau-millesime-est-arrive\/#primaryimage"},"thumbnailUrl":"https:\/\/www.closdecaille.com\/wp-content\/uploads\/2026\/03\/chatgpt-image-3-mars-2026-08_54_22-cover.png","datePublished":"2026-03-11T11:53:51+00:00","dateModified":"2026-03-11T11:53:55+00:00","description":"Vintage 2025: Clos de Caille opens a new chapter in Provence with precise, fresh and mineral wines, the signature of a demanding and committed viticulture.","breadcrumb":{"@id":"https:\/\/www.closdecaille.com\/le-nouveau-millesime-est-arrive\/#breadcrumb"},"inLanguage":"en-GB","potentialAction":[{"@type":"ReadAction","target":["https:\/\/www.closdecaille.com\/le-nouveau-millesime-est-arrive\/"]}]},{"@type":"ImageObject","inLanguage":"en-GB","@id":"https:\/\/www.closdecaille.com\/le-nouveau-millesime-est-arrive\/#primaryimage","url":"https:\/\/www.closdecaille.com\/wp-content\/uploads\/2026\/03\/chatgpt-image-3-mars-2026-08_54_22-cover.png","contentUrl":"https:\/\/www.closdecaille.com\/wp-content\/uploads\/2026\/03\/chatgpt-image-3-mars-2026-08_54_22-cover.png","width":1024,"height":610,"caption":"Banni\u00e8re bloc logo Clos de Caille"},{"@type":"BreadcrumbList","@id":"https:\/\/www.closdecaille.com\/le-nouveau-millesime-est-arrive\/#breadcrumb","itemListElement":[{"@type":"ListItem","position":1,"name":"Art de vivre","item":"https:\/\/www.closdecaille.com\/category\/art-de-vivre\/"},{"@type":"ListItem","position":2,"name":"Le nouveau mill\u00e9sime est arriv\u00e9"}]},{"@type":"WebSite","@id":"https:\/\/www.closdecaille.com\/#website","url":"https:\/\/www.closdecaille.com\/","name":"Clos de Caille","description":"C\u00f4tes de Provence AOP wines","publisher":{"@id":"https:\/\/www.closdecaille.com\/#organization"},"potentialAction":[{"@type":"SearchAction","target":{"@type":"EntryPoint","urlTemplate":"https:\/\/www.closdecaille.com\/?s={search_term_string}"},"query-input":{"@type":"PropertyValueSpecification","valueRequired":true,"valueName":"search_term_string"}}],"inLanguage":"en-GB"},{"@type":"Organization","@id":"https:\/\/www.closdecaille.com\/#organization","name":"Clos de Caille","url":"https:\/\/www.closdecaille.com\/","logo":{"@type":"ImageObject","inLanguage":"en-GB","@id":"https:\/\/www.closdecaille.com\/#\/schema\/logo\/image\/","url":"https:\/\/www.closdecaille.com\/wp-content\/uploads\/2023\/07\/favicon-2023.png","contentUrl":"https:\/\/www.closdecaille.com\/wp-content\/uploads\/2023\/07\/favicon-2023.png","width":600,"height":600,"caption":"Clos de Caille"},"image":{"@id":"https:\/\/www.closdecaille.com\/#\/schema\/logo\/image\/"}},{"@type":"Person","@id":"https:\/\/www.closdecaille.com\/#\/schema\/person\/183ec33b0abe209accdd35f1ba15b586","name":"Julie Fleisch","image":{"@type":"ImageObject","inLanguage":"en-GB","@id":"https:\/\/www.closdecaille.com\/#\/schema\/person\/image\/","url":"https:\/\/secure.gravatar.com\/avatar\/bffc10faa760f5f1f08f454e79e3342f047898af28fb87e9eec6b7842f516e2a?s=96&d=mm&r=g","contentUrl":"https:\/\/secure.gravatar.com\/avatar\/bffc10faa760f5f1f08f454e79e3342f047898af28fb87e9eec6b7842f516e2a?s=96&d=mm&r=g","caption":"Julie Fleisch"}}]}},"_links":{"self":[{"href":"https:\/\/www.closdecaille.com\/en\/wp-json\/wp\/v2\/posts\/6851","targetHints":{"allow":["GET"]}}],"collection":[{"href":"https:\/\/www.closdecaille.com\/en\/wp-json\/wp\/v2\/posts"}],"about":[{"href":"https:\/\/www.closdecaille.com\/en\/wp-json\/wp\/v2\/types\/post"}],"author":[{"embeddable":true,"href":"https:\/\/www.closdecaille.com\/en\/wp-json\/wp\/v2\/users\/10"}],"replies":[{"embeddable":true,"href":"https:\/\/www.closdecaille.com\/en\/wp-json\/wp\/v2\/comments?post=6851"}],"version-history":[{"count":1,"href":"https:\/\/www.closdecaille.com\/en\/wp-json\/wp\/v2\/posts\/6851\/revisions"}],"predecessor-version":[{"id":6858,"href":"https:\/\/www.closdecaille.com\/en\/wp-json\/wp\/v2\/posts\/6851\/revisions\/6858"}],"wp:featuredmedia":[{"embeddable":true,"href":"https:\/\/www.closdecaille.com\/en\/wp-json\/wp\/v2\/media\/6847"}],"wp:attachment":[{"href":"https:\/\/www.closdecaille.com\/en\/wp-json\/wp\/v2\/media?parent=6851"}],"wp:term":[{"taxonomy":"category","embeddable":true,"href":"https:\/\/www.closdecaille.com\/en\/wp-json\/wp\/v2\/categories?post=6851"},{"taxonomy":"post_tag","embeddable":true,"href":"https:\/\/www.closdecaille.com\/en\/wp-json\/wp\/v2\/tags?post=6851"}],"curies":[{"name":"wp","href":"https:\/\/api.w.org\/{rel}","templated":true}]}}