{"id":6673,"date":"2026-01-06T13:06:00","date_gmt":"2026-01-06T12:06:00","guid":{"rendered":"https:\/\/www.closdecaille.com\/?p=6673"},"modified":"2026-01-05T12:51:51","modified_gmt":"2026-01-05T11:51:51","slug":"hiver-table-selection-vins","status":"publish","type":"post","link":"https:\/\/www.closdecaille.com\/en\/hiver-table-selection-vins\/","title":{"rendered":"Winter at the table: the expression of Clos de Caille"},"content":{"rendered":"<p style=\"text-align: center;\"><strong>The signature of fine white and red wines for fine dining<\/strong><\/p>\n<h1 style=\"text-align: center;\" data-pm-slice=\"1 1 []\">The Excellence of C\u00f4tes de Provence Wines<\/h1>\n<p>Each vintage of Clos de Caille embodies the expression of a <strong>exceptional terroir<\/strong> and the signature of a committed winemaker. In the heart of Provence, our wine estate reveals three great expressions \u2014 <strong>ros\u00e9, white and red<\/strong> \u2014 thoughts as many as <strong>unique interpretations of our terroir<\/strong>.<\/p>\n<p>Reflecting our identity, our wines are produced from individual plots before being carefully blended under the expert guidance of oenologist Matthieu Cosse.<br \/>\nIn a constant dialogue between the land, time and human hands, Clos de Caille pursues a quest for excellence where every action aims to enhance the unique characteristics of our soils and the singularity of our grape varieties.<\/p>\n<h3><strong><u>The Clos de Caille vintages on the table this winter<\/u><\/strong><\/h3>\n<p>Winter is here. Seasonal cuisine calls for wines with character, capable of complementing the textures, aromatic profiles and depth of seasonal dishes. At Clos de Caille, each wine is crafted in the noble sense of the word: precise, balanced and faithful to its terroir.<\/p>\n<p><img fetchpriority=\"high\" decoding=\"async\" class=\"wp-image-6675 size-medium\" src=\"https:\/\/www.closdecaille.com\/wp-content\/uploads\/2025\/12\/sampi_clos-de-caille_press-ig-300x300.jpg\" alt=\"Clos de Caille - Lifestyle - Lucis - Fond textur\u00e9 - Carr\u00e9\" width=\"300\" height=\"300\" srcset=\"https:\/\/www.closdecaille.com\/wp-content\/uploads\/2025\/12\/sampi_clos-de-caille_press-ig-300x300.jpg 300w, https:\/\/www.closdecaille.com\/wp-content\/uploads\/2025\/12\/sampi_clos-de-caille_press-ig-1024x1024.jpg 1024w, https:\/\/www.closdecaille.com\/wp-content\/uploads\/2025\/12\/sampi_clos-de-caille_press-ig-150x150.jpg 150w, https:\/\/www.closdecaille.com\/wp-content\/uploads\/2025\/12\/sampi_clos-de-caille_press-ig-768x768.jpg 768w, https:\/\/www.closdecaille.com\/wp-content\/uploads\/2025\/12\/sampi_clos-de-caille_press-ig-1536x1536.jpg 1536w, https:\/\/www.closdecaille.com\/wp-content\/uploads\/2025\/12\/sampi_clos-de-caille_press-ig-2048x2048.jpg 2048w, https:\/\/www.closdecaille.com\/wp-content\/uploads\/2025\/12\/sampi_clos-de-caille_press-ig-12x12.jpg 12w, https:\/\/www.closdecaille.com\/wp-content\/uploads\/2025\/12\/sampi_clos-de-caille_press-ig-100x100.jpg 100w\" sizes=\"(max-width: 300px) 100vw, 300px\" \/><\/p>\n<p><strong>Clos de Caille \u2018Lucis\u2019 2023 \u2013 Gastronomic white wine<\/strong><br \/>\nRolle 100% aged in 5-hectolitre French oak barrels (light toasting)<\/p>\n<p>After careful sorting and harvesting in small crates, the whole grapes are gently pressed by gravity to obtain clear, pure juices. Lightly cold-settled, the juices are then transferred to new barrels, one and two wines old, selected from trusted coopers. Eight months of ageing, punctuated by regular b\u00e2tonnage, gives the wine roundness, precision and complexity.<\/p>\n<p>A structured, luminous white wine, ideal with fine fish, shellfish, poultry in sauce, risottos and mature cheeses.<\/p>\n<h4><a href=\"https:\/\/www.closdecaille.com\/en\/product\/clos-de-caille-lucis\/\">Buy Clos de Caille \u2018Lucis\u2019<\/a><\/h4>\n<p><img decoding=\"async\" class=\"wp-image-6676 size-medium\" src=\"https:\/\/www.closdecaille.com\/wp-content\/uploads\/2025\/12\/sampi_clos-de-caille_press-ig-1-300x300.jpg\" alt=\"Clos de Caille - Lifestyle - Rouge - Fond textur\u00e9 - Carr\u00e9\" width=\"300\" height=\"300\" srcset=\"https:\/\/www.closdecaille.com\/wp-content\/uploads\/2025\/12\/sampi_clos-de-caille_press-ig-1-300x300.jpg 300w, https:\/\/www.closdecaille.com\/wp-content\/uploads\/2025\/12\/sampi_clos-de-caille_press-ig-1-1024x1024.jpg 1024w, https:\/\/www.closdecaille.com\/wp-content\/uploads\/2025\/12\/sampi_clos-de-caille_press-ig-1-150x150.jpg 150w, https:\/\/www.closdecaille.com\/wp-content\/uploads\/2025\/12\/sampi_clos-de-caille_press-ig-1-768x768.jpg 768w, https:\/\/www.closdecaille.com\/wp-content\/uploads\/2025\/12\/sampi_clos-de-caille_press-ig-1-1536x1536.jpg 1536w, https:\/\/www.closdecaille.com\/wp-content\/uploads\/2025\/12\/sampi_clos-de-caille_press-ig-1-2048x2048.jpg 2048w, https:\/\/www.closdecaille.com\/wp-content\/uploads\/2025\/12\/sampi_clos-de-caille_press-ig-1-12x12.jpg 12w, https:\/\/www.closdecaille.com\/wp-content\/uploads\/2025\/12\/sampi_clos-de-caille_press-ig-1-100x100.jpg 100w\" sizes=\"(max-width: 300px) 100vw, 300px\" \/><\/p>\n<p><strong>Clos de Caille Red 2021 \u2013 A red with character<br \/>\n<\/strong>90% Syrah (25 years old) | 10% Cabernet Sauvignon<\/p>\n<p>Approximately 40% of the blend is aged in lightly toasted French oak: Syrah in 500-litre demi-muids for 12 months, Cabernet Sauvignon in 225-litre barrels for 15 months.<br \/>\nBottled in April 2023, the wine was then left to rest for 18 months to gain roundness while preserving its brightness. The result of three years of work, the estate's 2021 vintage marks its very first red wine, a major milestone in its history.<\/p>\n<p>An elegant, well-balanced wine, perfectly suited to roast meats, slow-cooked dishes and revisited regional cuisine.<\/p>\n<h4><a href=\"https:\/\/www.closdecaille.com\/en\/product\/clos-de-caille-rouge\/\">Buy Clos de Caille Red<\/a><\/h4>\n<h3><strong><u>The right agreement, serving the table<\/u><\/strong><\/h3>\n<p>Produced under the technical direction of Matthieu Cosse, our wines are aimed at chefs, sommeliers and influencers seeking distinctive wines that can enhance a menu without ever dominating it.<\/p>\n<p>Each bottle reflects the demanding artisanal winemaking techniques and the diversity of the soils of our Proven\u00e7al terroir, resulting in a sincere and contemporary expression of the C\u00f4tes de Provence.<\/p>\n<blockquote>\n<p style=\"text-align: center;\">\u00abAt Clos de Caille, our job is to support the ingredients without constraining them, so that each wine finds its rightful place at the table. We seek balance, structure and depth, so that the wine interacts with the dish and fully reveals the moment. A successful wine is one that steps back just enough to let the table express itself.\u00bb<br \/>\n\u2014 Matthieu Cosse, oenologist<\/p>\n<\/blockquote>\n<h3><strong><u>Support dedicated to professionals<\/u><\/strong><\/h3>\n<p>Clos de Caille assists partner restaurants and establishments in selecting wines, pairing food and wine, and promoting wine at the table.<\/p>\n<h4><a href=\"https:\/\/www.closdecaille.com\/en\/boutique\/\">Discover our Haute Couture wines from Provence<\/a><\/h4>\n<p>At Clos de Caille, each glass becomes a dialogue between earth and light, where the precision of the winemaker's craft meets the freedom of pleasure.<\/p>\n<p>Shaped by time and patience, this rare balance reveals the essence of the terroir and magnifies the beauty of the moment.<\/p>\n<p><em>Shipping is free for purchases over \u20ac100 in France and Monaco.<\/em><br \/>\n<em>Delivery within 3 working days in secure, reinforced packaging.<\/em><\/p>\n<p style=\"text-align: center;\">_______________________________<\/p>\n<h2 style=\"text-align: center;\"><strong>THE CLOS JOURNAL<br \/>\n<\/strong><strong>\ud83d\uddde\ufe0f<\/strong><\/h2>\n<p>With bottling set to begin in a few days, Clos de Caille is entering a pivotal moment, where precision in every action is already preparing for the future and where each intervention is part of the vineyard's long-term plan.<\/p>\n<p>The <strong>trellising work<\/strong> are undertaken in order to structure the plots and support the vines in their future development. At the same time, until March, the estate continues its winter maintenance: clearing brush, improving paths and headlands, rebuilding walls and low walls, all of which are essential for the consistency and sustainability of the vineyard.<\/p>\n<p>This period also marks <strong>the claim of our PDOs and PGIs<\/strong>, affirming the origin, quality and identity of Clos de Caille wines, in keeping with our terroir and our commitment.<\/p>\n<p><strong>Wine Paris 2026<\/strong><br \/>\nBook your places now, we look forward to welcoming you for an exclusive tasting of our 2025 vintage.<br \/>\nHall 7.2 \u2013 Stand C058<\/p>\n<p><a href=\"mailto:info@closdecaille.com\">info@closdecaille.com<\/a><\/p>\n<p style=\"text-align: center;\" data-start=\"467\" data-end=\"710\">\u2014<\/p>\n<h3 style=\"text-align: center;\"><strong>YOUR PERSONAL APPOINTMENT<\/strong><\/h3>\n<p style=\"text-align: center;\">Because we are committed to offering our customers a unique experience, we invite you to make an appointment with one of our ambassadors, who will be happy to answer all your questions and discuss distribution terms.<\/p>\n<h4 style=\"text-align: center;\"><a href=\"mailto:info@closdecaille.com\">Contact our Customer Service Department<\/a><\/h4>","protected":false},"excerpt":{"rendered":"<p>La signature des grands blancs et rouges de gastronomie L\u2019Excellence des vins C\u00f4tes de Provence Chaque mill\u00e9sime du Clos de Caille incarne l\u2019expression d\u2019un terroir d\u2019exception et la signature d\u2019un geste vigneron engag\u00e9. Au c\u0153ur de la Provence, notre Domaine viticole r\u00e9v\u00e8le trois grandes expressions \u2014 ros\u00e9, blanc et rouge \u2014 pens\u00e9es comme autant d\u2019interpr\u00e9tations [&hellip;]<\/p>\n","protected":false},"author":10,"featured_media":6674,"comment_status":"closed","ping_status":"closed","sticky":false,"template":"","format":"standard","meta":{"_acf_changed":false,"_mo_disable_npp":"","footnotes":""},"categories":[324,116],"tags":[],"class_list":["post-6673","post","type-post","status-publish","format-standard","has-post-thumbnail","hentry","category-art-de-vivre","category-domaine-du-clos-de-caille"],"acf":[],"yoast_head":"<!-- This site is optimized with the Yoast SEO plugin v27.0 - https:\/\/yoast.com\/product\/yoast-seo-wordpress\/ -->\n<title>L\u2019hiver \u00e0 table : l\u2019expression du Clos de Caille - Clos de Caille<\/title>\n<meta name=\"description\" content=\"D\u00e9couvrez l\u2019expression gastronomique du Clos de Caille : grands blancs et rouges de C\u00f4tes de Provence, pens\u00e9s pour sublimer la table hivernale.\" \/>\n<meta name=\"robots\" content=\"index, follow, max-snippet:-1, max-image-preview:large, max-video-preview:-1\" \/>\n<link rel=\"canonical\" href=\"https:\/\/www.closdecaille.com\/en\/hiver-table-selection-vins\/\" \/>\n<meta property=\"og:locale\" content=\"en_GB\" \/>\n<meta property=\"og:type\" content=\"article\" \/>\n<meta property=\"og:title\" content=\"L\u2019hiver \u00e0 table : l\u2019expression du Clos de Caille - Clos de Caille\" \/>\n<meta property=\"og:description\" content=\"D\u00e9couvrez l\u2019expression gastronomique du Clos de Caille : grands blancs et rouges de C\u00f4tes de Provence, pens\u00e9s pour sublimer la table hivernale.\" \/>\n<meta property=\"og:url\" content=\"https:\/\/www.closdecaille.com\/en\/hiver-table-selection-vins\/\" \/>\n<meta property=\"og:site_name\" content=\"Clos de Caille\" \/>\n<meta property=\"article:published_time\" content=\"2026-01-06T12:06:00+00:00\" \/>\n<meta property=\"og:image\" content=\"https:\/\/www.closdecaille.com\/wp-content\/uploads\/2025\/12\/chatgpt-image-23-dec-2025-12_05_01.png\" \/>\n\t<meta property=\"og:image:width\" content=\"1536\" \/>\n\t<meta property=\"og:image:height\" content=\"1024\" \/>\n\t<meta property=\"og:image:type\" content=\"image\/png\" \/>\n<meta name=\"author\" content=\"Julie Fleisch\" \/>\n<meta name=\"twitter:label1\" content=\"Written by\" \/>\n\t<meta name=\"twitter:data1\" content=\"Julie Fleisch\" \/>\n\t<meta name=\"twitter:label2\" content=\"Estimated reading time\" \/>\n\t<meta name=\"twitter:data2\" content=\"5 minutes\" \/>\n<script type=\"application\/ld+json\" class=\"yoast-schema-graph\">{\"@context\":\"https:\/\/schema.org\",\"@graph\":[{\"@type\":\"Article\",\"@id\":\"https:\/\/www.closdecaille.com\/hiver-table-selection-vins\/#article\",\"isPartOf\":{\"@id\":\"https:\/\/www.closdecaille.com\/hiver-table-selection-vins\/\"},\"author\":{\"name\":\"Julie Fleisch\",\"@id\":\"https:\/\/www.closdecaille.com\/#\/schema\/person\/183ec33b0abe209accdd35f1ba15b586\"},\"headline\":\"L\u2019hiver \u00e0 table : l\u2019expression du Clos de Caille\",\"datePublished\":\"2026-01-06T12:06:00+00:00\",\"mainEntityOfPage\":{\"@id\":\"https:\/\/www.closdecaille.com\/hiver-table-selection-vins\/\"},\"wordCount\":955,\"publisher\":{\"@id\":\"https:\/\/www.closdecaille.com\/#organization\"},\"image\":{\"@id\":\"https:\/\/www.closdecaille.com\/hiver-table-selection-vins\/#primaryimage\"},\"thumbnailUrl\":\"https:\/\/www.closdecaille.com\/wp-content\/uploads\/2025\/12\/chatgpt-image-23-dec-2025-12_05_01.png\",\"articleSection\":[\"Art de vivre\",\"Clos de Caille\"],\"inLanguage\":\"en-GB\"},{\"@type\":\"WebPage\",\"@id\":\"https:\/\/www.closdecaille.com\/hiver-table-selection-vins\/\",\"url\":\"https:\/\/www.closdecaille.com\/hiver-table-selection-vins\/\",\"name\":\"L\u2019hiver \u00e0 table : l\u2019expression du Clos de Caille - Clos de Caille\",\"isPartOf\":{\"@id\":\"https:\/\/www.closdecaille.com\/#website\"},\"primaryImageOfPage\":{\"@id\":\"https:\/\/www.closdecaille.com\/hiver-table-selection-vins\/#primaryimage\"},\"image\":{\"@id\":\"https:\/\/www.closdecaille.com\/hiver-table-selection-vins\/#primaryimage\"},\"thumbnailUrl\":\"https:\/\/www.closdecaille.com\/wp-content\/uploads\/2025\/12\/chatgpt-image-23-dec-2025-12_05_01.png\",\"datePublished\":\"2026-01-06T12:06:00+00:00\",\"description\":\"D\u00e9couvrez l\u2019expression gastronomique du Clos de Caille : grands blancs et rouges de C\u00f4tes de Provence, pens\u00e9s pour sublimer la table hivernale.\",\"breadcrumb\":{\"@id\":\"https:\/\/www.closdecaille.com\/hiver-table-selection-vins\/#breadcrumb\"},\"inLanguage\":\"en-GB\",\"potentialAction\":[{\"@type\":\"ReadAction\",\"target\":[\"https:\/\/www.closdecaille.com\/hiver-table-selection-vins\/\"]}]},{\"@type\":\"ImageObject\",\"inLanguage\":\"en-GB\",\"@id\":\"https:\/\/www.closdecaille.com\/hiver-table-selection-vins\/#primaryimage\",\"url\":\"https:\/\/www.closdecaille.com\/wp-content\/uploads\/2025\/12\/chatgpt-image-23-dec-2025-12_05_01.png\",\"contentUrl\":\"https:\/\/www.closdecaille.com\/wp-content\/uploads\/2025\/12\/chatgpt-image-23-dec-2025-12_05_01.png\",\"width\":1536,\"height\":1024,\"caption\":\"Header article de blog\"},{\"@type\":\"BreadcrumbList\",\"@id\":\"https:\/\/www.closdecaille.com\/hiver-table-selection-vins\/#breadcrumb\",\"itemListElement\":[{\"@type\":\"ListItem\",\"position\":1,\"name\":\"Art de vivre\",\"item\":\"https:\/\/www.closdecaille.com\/category\/art-de-vivre\/\"},{\"@type\":\"ListItem\",\"position\":2,\"name\":\"L\u2019hiver \u00e0 table : l\u2019expression du Clos de Caille\"}]},{\"@type\":\"WebSite\",\"@id\":\"https:\/\/www.closdecaille.com\/#website\",\"url\":\"https:\/\/www.closdecaille.com\/\",\"name\":\"Clos de Caille\",\"description\":\"Vins AOP C\u00f4tes de Provence\",\"publisher\":{\"@id\":\"https:\/\/www.closdecaille.com\/#organization\"},\"potentialAction\":[{\"@type\":\"SearchAction\",\"target\":{\"@type\":\"EntryPoint\",\"urlTemplate\":\"https:\/\/www.closdecaille.com\/?s={search_term_string}\"},\"query-input\":{\"@type\":\"PropertyValueSpecification\",\"valueRequired\":true,\"valueName\":\"search_term_string\"}}],\"inLanguage\":\"en-GB\"},{\"@type\":\"Organization\",\"@id\":\"https:\/\/www.closdecaille.com\/#organization\",\"name\":\"Clos de Caille\",\"url\":\"https:\/\/www.closdecaille.com\/\",\"logo\":{\"@type\":\"ImageObject\",\"inLanguage\":\"en-GB\",\"@id\":\"https:\/\/www.closdecaille.com\/#\/schema\/logo\/image\/\",\"url\":\"https:\/\/www.closdecaille.com\/wp-content\/uploads\/2023\/07\/favicon-2023.png\",\"contentUrl\":\"https:\/\/www.closdecaille.com\/wp-content\/uploads\/2023\/07\/favicon-2023.png\",\"width\":600,\"height\":600,\"caption\":\"Clos de Caille\"},\"image\":{\"@id\":\"https:\/\/www.closdecaille.com\/#\/schema\/logo\/image\/\"}},{\"@type\":\"Person\",\"@id\":\"https:\/\/www.closdecaille.com\/#\/schema\/person\/183ec33b0abe209accdd35f1ba15b586\",\"name\":\"Julie Fleisch\",\"image\":{\"@type\":\"ImageObject\",\"inLanguage\":\"en-GB\",\"@id\":\"https:\/\/www.closdecaille.com\/#\/schema\/person\/image\/\",\"url\":\"https:\/\/secure.gravatar.com\/avatar\/bffc10faa760f5f1f08f454e79e3342f047898af28fb87e9eec6b7842f516e2a?s=96&d=mm&r=g\",\"contentUrl\":\"https:\/\/secure.gravatar.com\/avatar\/bffc10faa760f5f1f08f454e79e3342f047898af28fb87e9eec6b7842f516e2a?s=96&d=mm&r=g\",\"caption\":\"Julie Fleisch\"}}]}<\/script>\n<!-- \/ Yoast SEO plugin. -->","yoast_head_json":{"title":"Winter at the table: the expression of Clos de Caille - Clos de Caille","description":"Discover the gastronomic expression of Clos de Caille: great whites and reds from C\u00f4tes de Provence, designed to sublimate the winter table.","robots":{"index":"index","follow":"follow","max-snippet":"max-snippet:-1","max-image-preview":"max-image-preview:large","max-video-preview":"max-video-preview:-1"},"canonical":"https:\/\/www.closdecaille.com\/en\/hiver-table-selection-vins\/","og_locale":"en_GB","og_type":"article","og_title":"L\u2019hiver \u00e0 table : l\u2019expression du Clos de Caille - Clos de Caille","og_description":"D\u00e9couvrez l\u2019expression gastronomique du Clos de Caille : grands blancs et rouges de C\u00f4tes de Provence, pens\u00e9s pour sublimer la table hivernale.","og_url":"https:\/\/www.closdecaille.com\/en\/hiver-table-selection-vins\/","og_site_name":"Clos de Caille","article_published_time":"2026-01-06T12:06:00+00:00","og_image":[{"width":1536,"height":1024,"url":"https:\/\/www.closdecaille.com\/wp-content\/uploads\/2025\/12\/chatgpt-image-23-dec-2025-12_05_01.png","type":"image\/png"}],"author":"Julie Fleisch","twitter_misc":{"Written by":"Julie Fleisch","Estimated reading time":"5 minutes"},"schema":{"@context":"https:\/\/schema.org","@graph":[{"@type":"Article","@id":"https:\/\/www.closdecaille.com\/hiver-table-selection-vins\/#article","isPartOf":{"@id":"https:\/\/www.closdecaille.com\/hiver-table-selection-vins\/"},"author":{"name":"Julie Fleisch","@id":"https:\/\/www.closdecaille.com\/#\/schema\/person\/183ec33b0abe209accdd35f1ba15b586"},"headline":"L\u2019hiver \u00e0 table : l\u2019expression du Clos de Caille","datePublished":"2026-01-06T12:06:00+00:00","mainEntityOfPage":{"@id":"https:\/\/www.closdecaille.com\/hiver-table-selection-vins\/"},"wordCount":955,"publisher":{"@id":"https:\/\/www.closdecaille.com\/#organization"},"image":{"@id":"https:\/\/www.closdecaille.com\/hiver-table-selection-vins\/#primaryimage"},"thumbnailUrl":"https:\/\/www.closdecaille.com\/wp-content\/uploads\/2025\/12\/chatgpt-image-23-dec-2025-12_05_01.png","articleSection":["Art de vivre","Clos de Caille"],"inLanguage":"en-GB"},{"@type":"WebPage","@id":"https:\/\/www.closdecaille.com\/hiver-table-selection-vins\/","url":"https:\/\/www.closdecaille.com\/hiver-table-selection-vins\/","name":"Winter at the table: the expression of Clos de Caille - Clos de Caille","isPartOf":{"@id":"https:\/\/www.closdecaille.com\/#website"},"primaryImageOfPage":{"@id":"https:\/\/www.closdecaille.com\/hiver-table-selection-vins\/#primaryimage"},"image":{"@id":"https:\/\/www.closdecaille.com\/hiver-table-selection-vins\/#primaryimage"},"thumbnailUrl":"https:\/\/www.closdecaille.com\/wp-content\/uploads\/2025\/12\/chatgpt-image-23-dec-2025-12_05_01.png","datePublished":"2026-01-06T12:06:00+00:00","description":"Discover the gastronomic expression of Clos de Caille: great whites and reds from C\u00f4tes de Provence, designed to sublimate the winter table.","breadcrumb":{"@id":"https:\/\/www.closdecaille.com\/hiver-table-selection-vins\/#breadcrumb"},"inLanguage":"en-GB","potentialAction":[{"@type":"ReadAction","target":["https:\/\/www.closdecaille.com\/hiver-table-selection-vins\/"]}]},{"@type":"ImageObject","inLanguage":"en-GB","@id":"https:\/\/www.closdecaille.com\/hiver-table-selection-vins\/#primaryimage","url":"https:\/\/www.closdecaille.com\/wp-content\/uploads\/2025\/12\/chatgpt-image-23-dec-2025-12_05_01.png","contentUrl":"https:\/\/www.closdecaille.com\/wp-content\/uploads\/2025\/12\/chatgpt-image-23-dec-2025-12_05_01.png","width":1536,"height":1024,"caption":"Header article de blog"},{"@type":"BreadcrumbList","@id":"https:\/\/www.closdecaille.com\/hiver-table-selection-vins\/#breadcrumb","itemListElement":[{"@type":"ListItem","position":1,"name":"Art de vivre","item":"https:\/\/www.closdecaille.com\/category\/art-de-vivre\/"},{"@type":"ListItem","position":2,"name":"L\u2019hiver \u00e0 table : l\u2019expression du Clos de Caille"}]},{"@type":"WebSite","@id":"https:\/\/www.closdecaille.com\/#website","url":"https:\/\/www.closdecaille.com\/","name":"Clos de Caille","description":"C\u00f4tes de Provence AOP wines","publisher":{"@id":"https:\/\/www.closdecaille.com\/#organization"},"potentialAction":[{"@type":"SearchAction","target":{"@type":"EntryPoint","urlTemplate":"https:\/\/www.closdecaille.com\/?s={search_term_string}"},"query-input":{"@type":"PropertyValueSpecification","valueRequired":true,"valueName":"search_term_string"}}],"inLanguage":"en-GB"},{"@type":"Organization","@id":"https:\/\/www.closdecaille.com\/#organization","name":"Clos de Caille","url":"https:\/\/www.closdecaille.com\/","logo":{"@type":"ImageObject","inLanguage":"en-GB","@id":"https:\/\/www.closdecaille.com\/#\/schema\/logo\/image\/","url":"https:\/\/www.closdecaille.com\/wp-content\/uploads\/2023\/07\/favicon-2023.png","contentUrl":"https:\/\/www.closdecaille.com\/wp-content\/uploads\/2023\/07\/favicon-2023.png","width":600,"height":600,"caption":"Clos de Caille"},"image":{"@id":"https:\/\/www.closdecaille.com\/#\/schema\/logo\/image\/"}},{"@type":"Person","@id":"https:\/\/www.closdecaille.com\/#\/schema\/person\/183ec33b0abe209accdd35f1ba15b586","name":"Julie Fleisch","image":{"@type":"ImageObject","inLanguage":"en-GB","@id":"https:\/\/www.closdecaille.com\/#\/schema\/person\/image\/","url":"https:\/\/secure.gravatar.com\/avatar\/bffc10faa760f5f1f08f454e79e3342f047898af28fb87e9eec6b7842f516e2a?s=96&d=mm&r=g","contentUrl":"https:\/\/secure.gravatar.com\/avatar\/bffc10faa760f5f1f08f454e79e3342f047898af28fb87e9eec6b7842f516e2a?s=96&d=mm&r=g","caption":"Julie Fleisch"}}]}},"_links":{"self":[{"href":"https:\/\/www.closdecaille.com\/en\/wp-json\/wp\/v2\/posts\/6673","targetHints":{"allow":["GET"]}}],"collection":[{"href":"https:\/\/www.closdecaille.com\/en\/wp-json\/wp\/v2\/posts"}],"about":[{"href":"https:\/\/www.closdecaille.com\/en\/wp-json\/wp\/v2\/types\/post"}],"author":[{"embeddable":true,"href":"https:\/\/www.closdecaille.com\/en\/wp-json\/wp\/v2\/users\/10"}],"replies":[{"embeddable":true,"href":"https:\/\/www.closdecaille.com\/en\/wp-json\/wp\/v2\/comments?post=6673"}],"version-history":[{"count":3,"href":"https:\/\/www.closdecaille.com\/en\/wp-json\/wp\/v2\/posts\/6673\/revisions"}],"predecessor-version":[{"id":6680,"href":"https:\/\/www.closdecaille.com\/en\/wp-json\/wp\/v2\/posts\/6673\/revisions\/6680"}],"wp:featuredmedia":[{"embeddable":true,"href":"https:\/\/www.closdecaille.com\/en\/wp-json\/wp\/v2\/media\/6674"}],"wp:attachment":[{"href":"https:\/\/www.closdecaille.com\/en\/wp-json\/wp\/v2\/media?parent=6673"}],"wp:term":[{"taxonomy":"category","embeddable":true,"href":"https:\/\/www.closdecaille.com\/en\/wp-json\/wp\/v2\/categories?post=6673"},{"taxonomy":"post_tag","embeddable":true,"href":"https:\/\/www.closdecaille.com\/en\/wp-json\/wp\/v2\/tags?post=6673"}],"curies":[{"name":"wp","href":"https:\/\/api.w.org\/{rel}","templated":true}]}}