{"id":5470,"date":"2025-11-26T14:13:50","date_gmt":"2025-11-26T13:13:50","guid":{"rendered":"https:\/\/www.closdecaille.com\/?p=5470"},"modified":"2025-12-09T09:35:21","modified_gmt":"2025-12-09T08:35:21","slug":"lucis-grandes-tables-de-fetes","status":"publish","type":"post","link":"https:\/\/www.closdecaille.com\/en\/lucis-grandes-tables-de-fetes\/","title":{"rendered":"\u2018Lucis\u2019 2023: The Splendour of Festive Dining Tables"},"content":{"rendered":"<p style=\"text-align: center;\"><strong>Saisir l\u2019instant, c\u00e9l\u00e9brer l\u2019\u00e9motion<\/strong><\/p>\n<h1 style=\"text-align: center;\" data-pm-slice=\"1 1 []\">\u2018LUCIS\u2019, SUBLIME L\u2019\u00c9CLAT DES F\u00caTES<\/h1>\n<p class=\"mcePastedContent\" style=\"text-align: center;\" data-pm-slice=\"1 1 []\">En cette saison de c\u00e9l\u00e9brations, offrez l\u2019exception avec le Clos de Caille \u2018<em>Lucis<\/em>\u2019 2023, notre t\u00eate de cuv\u00e9e en blanc.<\/p>\n<p class=\"\" style=\"text-align: center;\">Sous l\u2019impulsion de la famille Mariotti et sous la direction technique de <strong>Matthieu Cosse<\/strong>, Clos de Caille \u00ab <em>Lucis <\/em>\u00bb 2023 s\u2019affirme comme l\u2019expression la plus aboutie du Domaine. Fa\u00e7onn\u00e9 par nos artisans vignerons, <strong>ce grand blanc de gastronomie<\/strong> est le fruit d\u2019un savoir-faire exigeant et d\u2019un terroir singulier.<\/p>\n<p class=\"\" style=\"text-align: center;\">Hommage \u00e0 Lucia Mariotti, m\u00e8re de Jean-Pierre Mariotti, dont la lumi\u00e8re \u2014 <em>lucis <\/em>en latin \u2014 continue d\u2019inspirer le Domaine. Symbole d\u2019\u00e9l\u00e9gance et de ma\u00eetrise, \u2018<em>Lucis<\/em>\u2019 d\u00e9passe l\u2019instant pour offrir une v\u00e9ritable <strong>exp\u00e9rience \u0153nologique<\/strong> \u2014 un hommage \u00e0 la lumi\u00e8re, \u00e0 la beaut\u00e9 et au cycle patient de la vigne.<\/p>\n<h4 style=\"text-align: center;\"><a href=\"\/?p=4130\">C\u00e9l\u00e9brer les f\u00eates avec Clos de Caille &lsquo;Lucis&rsquo; 2023<\/a><\/h4>\n<p>&nbsp;<\/p>\n<p class=\"\" style=\"text-align: center;\" data-pm-slice=\"1 1 []\">Sous sa robe cristalline, la mati\u00e8re cisel\u00e9e et l\u2019\u00e9quilibre pr\u00e9cis laissent s\u2019exprimer une palette aromatique d\u2019une rare finesse. Port\u00e9 par une \u00e9l\u00e9gance intemporelle, \u2018<em>Lucis<\/em>\u2019 s\u2019impose comme un pr\u00e9sent d\u2019exception, destin\u00e9 \u00e0 celles et ceux qui c\u00e9l\u00e8brent la gr\u00e2ce, la subtilit\u00e9 et l\u2019art du vin.<\/p>\n<article class=\"text-token-text-primary w-full focus:outline-none scroll-mt-[calc(var(--header-height)+min(200px,max(70px,20svh)))]\" dir=\"auto\" tabindex=\"-1\" data-turn-id=\"request-6899fa4c-29f0-8325-bd10-071d617867b7-57\" data-testid=\"conversation-turn-158\" data-scroll-anchor=\"true\" data-turn=\"assistant\">\n<div class=\"text-base my-auto mx-auto pb-10 [--thread-content-margin:--spacing(4)] @[37rem]:[--thread-content-margin:--spacing(6)] @[72rem]:[--thread-content-margin:--spacing(16)] px-(--thread-content-margin)\">\n<div class=\"[--thread-content-max-width:32rem] @[34rem]:[--thread-content-max-width:40rem] @[64rem]:[--thread-content-max-width:48rem] mx-auto max-w-(--thread-content-max-width) flex-1 group\/turn-messages focus-visible:outline-hidden relative flex w-full min-w-0 flex-col agent-turn\" tabindex=\"-1\">\n<div class=\"flex max-w-full flex-col grow\">\n<div class=\"min-h-8 text-message relative flex w-full flex-col items-end gap-2 text-start break-words whitespace-normal [.text-message+&amp;]:mt-5\" dir=\"auto\" data-message-author-role=\"assistant\" data-message-id=\"41db5e63-fcd9-4cf8-9fcb-064e925581ce\" data-message-model-slug=\"gpt-5-mini\">\n<div class=\"flex w-full flex-col gap-1 empty:hidden first:pt-[3px]\">\n<div class=\"markdown prose dark:prose-invert w-full break-words dark markdown-new-styling\"><img fetchpriority=\"high\" decoding=\"async\" class=\" wp-image-5471 aligncenter\" src=\"https:\/\/www.closdecaille.com\/wp-content\/uploads\/2025\/11\/ChatGPT-Image-18-nov.-2025-12_13_50-Lucis-683x1024.png\" alt=\"Clos de Caille Lucis\" width=\"379\" height=\"569\" srcset=\"https:\/\/www.closdecaille.com\/wp-content\/uploads\/2025\/11\/ChatGPT-Image-18-nov.-2025-12_13_50-Lucis-683x1024.png 683w, https:\/\/www.closdecaille.com\/wp-content\/uploads\/2025\/11\/ChatGPT-Image-18-nov.-2025-12_13_50-Lucis-200x300.png 200w, https:\/\/www.closdecaille.com\/wp-content\/uploads\/2025\/11\/ChatGPT-Image-18-nov.-2025-12_13_50-Lucis-768x1152.png 768w, https:\/\/www.closdecaille.com\/wp-content\/uploads\/2025\/11\/ChatGPT-Image-18-nov.-2025-12_13_50-Lucis-300x450.png 300w, https:\/\/www.closdecaille.com\/wp-content\/uploads\/2025\/11\/ChatGPT-Image-18-nov.-2025-12_13_50-Lucis.png 1024w\" sizes=\"(max-width: 379px) 100vw, 379px\" \/><\/div>\n<\/div>\n<\/div>\n<\/div>\n<\/div>\n<\/div>\n<\/article>\n<h2 style=\"text-align: center;\"><\/h2>\n<h2 style=\"text-align: center;\">OFFRIR UNE IC\u00d4NE<\/h2>\n<p style=\"text-align: center;\">Avec son flacon \u00e9pur\u00e9 et son identit\u00e9 haute couture, \u2018Lucis\u2019 sublime un d\u00eener, permet de remercier un partenaire ou de marquer une attention m\u00e9morable ; il s\u2019impose comme un cadeau raffin\u00e9 dont l\u2019identit\u00e9 ne laisse aucun doute.<\/p>\n<p style=\"text-align: center;\">Chaque accord d\u00e9voile la finesse de sa trame, la puret\u00e9 du fruit et une \u00e9l\u00e9gance saline distinctive, pens\u00e9es pour illuminer vos tables de f\u00eate.<\/p>\n<h3 style=\"text-align: center;\" data-pm-slice=\"1 1 []\"><strong>C\u00c9L\u00c9BRER LES F\u00caTES AVEC CLOS DE CAILLE \u2018LUCIS\u2019<\/strong><\/h3>\n<h2 style=\"text-align: center;\" data-pm-slice=\"1 1 []\">Coffret Dentelle Blanche<\/h2>\n<p style=\"text-align: center;\"><img decoding=\"async\" class=\" wp-image-5473 aligncenter\" src=\"https:\/\/www.closdecaille.com\/wp-content\/uploads\/2025\/11\/77-1024x1024.png\" alt=\"Coffret Dentelle Blanche\" width=\"305\" height=\"305\" srcset=\"https:\/\/www.closdecaille.com\/wp-content\/uploads\/2025\/11\/77-1024x1024.png 1024w, https:\/\/www.closdecaille.com\/wp-content\/uploads\/2025\/11\/77-300x300.png 300w, https:\/\/www.closdecaille.com\/wp-content\/uploads\/2025\/11\/77-150x150.png 150w, https:\/\/www.closdecaille.com\/wp-content\/uploads\/2025\/11\/77-768x768.png 768w, https:\/\/www.closdecaille.com\/wp-content\/uploads\/2025\/11\/77-900x900.png 900w, https:\/\/www.closdecaille.com\/wp-content\/uploads\/2025\/11\/77-100x100.png 100w, https:\/\/www.closdecaille.com\/wp-content\/uploads\/2025\/11\/77.png 1080w\" sizes=\"(max-width: 305px) 100vw, 305px\" \/><\/p>\n<p style=\"text-align: center;\">\u2022 Clos de Caille \u2018<em>Lucis<\/em>\u2019 2023 \u2013 T\u00eate de Cuv\u00e9e<\/p>\n<p style=\"text-align: center;\">\u2022 The One 2024<\/p>\n<p style=\"text-align: center;\">\u2022 Clos de Caille Blanc 2024<\/p>\n<p style=\"text-align: center;\">AOP C\u00f4tes de Provence<\/p>\n<p style=\"text-align: center;\">Agriculture biologique<\/p>\n<h4 style=\"text-align: center;\"><a href=\"\/?p=5381\">Acheter<\/a><\/h4>\n<p>&nbsp;<\/p>\n<h2 style=\"text-align: center;\">Coffret Haute Couture<\/h2>\n<p style=\"text-align: center;\"><img decoding=\"async\" class=\" wp-image-5475 aligncenter\" src=\"https:\/\/www.closdecaille.com\/wp-content\/uploads\/2025\/11\/78-1024x1024.png\" alt=\"Coffret T\u00eates de Cuv\u00e9e\" width=\"305\" height=\"305\" srcset=\"https:\/\/www.closdecaille.com\/wp-content\/uploads\/2025\/11\/78-1024x1024.png 1024w, https:\/\/www.closdecaille.com\/wp-content\/uploads\/2025\/11\/78-300x300.png 300w, https:\/\/www.closdecaille.com\/wp-content\/uploads\/2025\/11\/78-150x150.png 150w, https:\/\/www.closdecaille.com\/wp-content\/uploads\/2025\/11\/78-768x768.png 768w, https:\/\/www.closdecaille.com\/wp-content\/uploads\/2025\/11\/78-900x900.png 900w, https:\/\/www.closdecaille.com\/wp-content\/uploads\/2025\/11\/78-100x100.png 100w, https:\/\/www.closdecaille.com\/wp-content\/uploads\/2025\/11\/78.png 1080w\" sizes=\"(max-width: 305px) 100vw, 305px\" \/><\/p>\n<p style=\"text-align: center;\" data-pm-slice=\"1 1 []\">\u2022 Clos de Caille \u2018<em>Lucis<\/em>\u2019 Blanc 2023<\/p>\n<p style=\"text-align: center;\">\u2022 Clos de Caille \u2018<em>Patrius<\/em>\u2019 Rouge 2021<\/p>\n<p style=\"text-align: center;\">\u2022 Clos de Caille \u2018<em>Clarisse<\/em>\u2019 Ros\u00e9 2024<\/p>\n<p style=\"text-align: center;\">AOP C\u00f4tes de Provence<\/p>\n<h4 style=\"text-align: center;\"><a href=\"\/?p=5187\">Acheter<\/a><\/h4>\n<p class=\"\" style=\"text-align: center;\" data-pm-slice=\"1 1 []\"><strong>ACCORDS METS &amp; VINS<\/strong><\/p>\n<p class=\"\" style=\"text-align: center;\"><strong>Les poissons et crustac\u00e9s<\/strong> : turbot r\u00f4ti, bar de ligne, homard bleu.<\/p>\n<p style=\"text-align: center;\"><strong>Les viandes<\/strong> : volaille fermi\u00e8re aux morilles, caille r\u00f4tie au jus perl\u00e9 et noisettes.<\/p>\n<p style=\"text-align: center;\"><strong>La gastronomie de f\u00eate<\/strong> : caviar d\u2019Aquitaine, tarama blanc, carpaccio de langoustine.<\/p>\n<p style=\"text-align: center;\"><strong>Les fromages affin\u00e9s<\/strong> : brie de Meaux truff\u00e9, tomme de brebis jeune.<\/p>\n<blockquote>\n<p data-pm-slice=\"1 1 []\"><em>\u00ab Avec \u2018Lucis\u2019, nous avons cherch\u00e9 \u00e0 r\u00e9v\u00e9ler la v\u00e9ritable quintessence du Clos de Caille. Ce vin traduit avec justesse l\u2019authenticit\u00e9, la tradition et la passion de toutes celles et ceux qui l\u2019ont fa\u00e7onn\u00e9. Chaque gorg\u00e9e porte la signature de ce d\u00e9vouement et, par son \u00e9clat, son raffinement et sa profondeur, aspire \u00e0 illuminer les plus belles tables. \u00bb \u2014 Mathieu Mariotti<\/em><\/p>\n<\/blockquote>\n<p class=\"\" style=\"text-align: center;\" data-pm-slice=\"1 1 []\">Vinifi\u00e9 en s\u00e9lection massale, ce blanc d\u2019exception est \u00e9labor\u00e9 dans notre \u00ab Chai d\u2019\u0152uvre \u00bb selon un savoir-faire s\u00e9culaire. <strong>N\u00e9 au c\u0153ur d\u2019un microclimat privil\u00e9gi\u00e9, \u00ab Lucis \u00bb 2023 incarne une cuv\u00e9e audacieuse, vibrante d\u2019\u00e9motion<\/strong>.<\/p>\n<h4 style=\"text-align: center;\"><a href=\"https:\/\/www.closdecaille.com\/e-boutique\/\">D\u00e9couvrir tous nos vins<\/a><\/h4>\n<p style=\"text-align: center;\">Les frais de port sont offerts \u00e0 partir de 100 \u20ac d&rsquo;achat en France et \u00e0 Monaco.<br \/>\nLivraison sous 3 jours ouvr\u00e9s dans un emballage s\u00e9curis\u00e9 et renforc\u00e9.<\/p>\n<p class=\"\" style=\"text-align: center;\" data-pm-slice=\"1 1 []\">Nos vins AOP C\u00f4tes de Provence sont le reflet d\u2019un terroir, d\u2019un savoir-faire vigneron et d\u2019\u00e9motions partag\u00e9es \u2014 une exp\u00e9rience gustative \u00e0 savourer \u00e0 deux ou entour\u00e9 de vos proches, pour prolonger la magie des grands moments.<\/p>\n<p style=\"text-align: center;\">_______________________________<\/p>\n<h2 style=\"text-align: center;\"><strong>LE JOURNAL DU CLOS<br \/>\n<\/strong><strong>\ud83d\uddde\ufe0f<\/strong><\/h2>\n<p style=\"text-align: center;\" data-pm-slice=\"1 1 []\">Cette semaine a \u00e9t\u00e9 marqu\u00e9e par un geste essentiel pour la vitalit\u00e9 de nos vignes : l\u2019apport de l\u2019engrais OvinAlp Haute Fertilisation, un enrichissement 100 % naturel qui nourrit la plante tout en respectant la terre. Cet engrais fournit \u00e0 la vigne tous les \u00e9l\u00e9ments n\u00e9cessaires \u00e0 son bon d\u00e9veloppement \u2014 azote, phosphore, potassium, ainsi que des oligo-\u00e9l\u00e9ments pr\u00e9cieux comme le magn\u00e9sium, le fer ou le zinc. Autant de nutriments qui jouent un r\u00f4le d\u00e9terminant dans la qualit\u00e9 du raisin et, demain, du vin. Sa richesse microbiologique contribue \u00e0 am\u00e9liorer la structure du sol, \u00e0 renforcer son \u00e9quilibre et \u00e0 soutenir une agriculture plus durable.<\/p>\n<p data-pm-slice=\"1 1 []\">\n<p style=\"text-align: center;\" data-start=\"467\" data-end=\"710\">\u2014<\/p>\n<h3 style=\"text-align: center;\"><strong>VOTRE RENDEZ-VOUS PERSONNEL<\/strong><\/h3>\n<p style=\"text-align: center;\">Parce que nous nous engageons \u00e0 offrir \u00e0 nos clients une exp\u00e9rience unique, nous vous invitons \u00e0 prendre rendez-vous avec l&rsquo;un de nos ambassadeurs, qui se fera un plaisir de r\u00e9pondre \u00e0 toutes vos questions et de discuter des conditions de distribution.<\/p>\n<h4 style=\"text-align: center;\"><a href=\"mailto:info@closdecaille.com\">Contactez notre Service Clients<\/a><\/h4>\n","protected":false},"excerpt":{"rendered":"<p>Saisir l\u2019instant, c\u00e9l\u00e9brer l\u2019\u00e9motion \u2018LUCIS\u2019, SUBLIME L\u2019\u00c9CLAT DES F\u00caTES En cette saison de c\u00e9l\u00e9brations, offrez l\u2019exception avec le Clos de Caille \u2018Lucis\u2019 2023, notre t\u00eate de cuv\u00e9e en blanc. Sous l\u2019impulsion de la famille Mariotti et sous la direction technique de Matthieu Cosse, Clos de Caille \u00ab Lucis \u00bb 2023 s\u2019affirme comme l\u2019expression la plus [&hellip;]<\/p>\n","protected":false},"author":10,"featured_media":5471,"comment_status":"closed","ping_status":"closed","sticky":false,"template":"","format":"standard","meta":{"_acf_changed":false,"_mo_disable_npp":"","footnotes":""},"categories":[324],"tags":[],"class_list":["post-5470","post","type-post","status-publish","format-standard","has-post-thumbnail","hentry","category-art-de-vivre"],"acf":[],"yoast_head":"<!-- This site is optimized with the Yoast SEO plugin v27.0 - https:\/\/yoast.com\/product\/yoast-seo-wordpress\/ -->\n<title>\u2018Lucis\u2019 2023 : L\u2019\u00c9clat des Grandes Tables de F\u00eates - Clos de Caille<\/title>\n<meta name=\"description\" content=\"D\u00e9couvrez \u2018Lucis\u2019 2023 du Clos de Caille : un grand blanc de Provence, raffin\u00e9 et lumineux, parfait pour sublimer vos f\u00eates et offrir un cadeau d\u2019exception.\" \/>\n<meta name=\"robots\" content=\"index, follow, max-snippet:-1, max-image-preview:large, max-video-preview:-1\" \/>\n<link rel=\"canonical\" href=\"https:\/\/www.closdecaille.com\/en\/lucis-grandes-tables-de-fetes\/\" \/>\n<meta property=\"og:locale\" content=\"en_GB\" \/>\n<meta property=\"og:type\" content=\"article\" \/>\n<meta property=\"og:title\" content=\"\u2018Lucis\u2019 2023 : L\u2019\u00c9clat des Grandes Tables de F\u00eates - Clos de Caille\" \/>\n<meta property=\"og:description\" content=\"D\u00e9couvrez \u2018Lucis\u2019 2023 du Clos de Caille : un grand blanc de Provence, raffin\u00e9 et lumineux, parfait pour sublimer vos f\u00eates et offrir un cadeau d\u2019exception.\" \/>\n<meta property=\"og:url\" content=\"https:\/\/www.closdecaille.com\/en\/lucis-grandes-tables-de-fetes\/\" \/>\n<meta property=\"og:site_name\" content=\"Clos de Caille\" \/>\n<meta property=\"article:published_time\" content=\"2025-11-26T13:13:50+00:00\" \/>\n<meta property=\"article:modified_time\" content=\"2025-12-09T08:35:21+00:00\" \/>\n<meta property=\"og:image\" content=\"https:\/\/www.closdecaille.com\/wp-content\/uploads\/2025\/11\/ChatGPT-Image-18-nov.-2025-12_13_50-Lucis.png\" \/>\n\t<meta property=\"og:image:width\" content=\"1024\" \/>\n\t<meta property=\"og:image:height\" content=\"1536\" \/>\n\t<meta property=\"og:image:type\" content=\"image\/png\" \/>\n<meta name=\"author\" content=\"Julie Fleisch\" \/>\n<meta name=\"twitter:label1\" content=\"Written by\" \/>\n\t<meta name=\"twitter:data1\" content=\"Julie Fleisch\" \/>\n\t<meta name=\"twitter:label2\" content=\"Estimated reading time\" \/>\n\t<meta name=\"twitter:data2\" content=\"4 minutes\" \/>\n<script type=\"application\/ld+json\" class=\"yoast-schema-graph\">{\"@context\":\"https:\/\/schema.org\",\"@graph\":[{\"@type\":\"Article\",\"@id\":\"https:\/\/www.closdecaille.com\/lucis-grandes-tables-de-fetes\/#article\",\"isPartOf\":{\"@id\":\"https:\/\/www.closdecaille.com\/lucis-grandes-tables-de-fetes\/\"},\"author\":{\"name\":\"Julie Fleisch\",\"@id\":\"https:\/\/www.closdecaille.com\/#\/schema\/person\/183ec33b0abe209accdd35f1ba15b586\"},\"headline\":\"\u2018Lucis\u2019 2023 : L\u2019\u00c9clat des Grandes Tables de F\u00eates\",\"datePublished\":\"2025-11-26T13:13:50+00:00\",\"dateModified\":\"2025-12-09T08:35:21+00:00\",\"mainEntityOfPage\":{\"@id\":\"https:\/\/www.closdecaille.com\/lucis-grandes-tables-de-fetes\/\"},\"wordCount\":751,\"publisher\":{\"@id\":\"https:\/\/www.closdecaille.com\/#organization\"},\"image\":{\"@id\":\"https:\/\/www.closdecaille.com\/lucis-grandes-tables-de-fetes\/#primaryimage\"},\"thumbnailUrl\":\"https:\/\/www.closdecaille.com\/wp-content\/uploads\/2025\/11\/ChatGPT-Image-18-nov.-2025-12_13_50-Lucis.png\",\"articleSection\":[\"Art de vivre\"],\"inLanguage\":\"en-GB\"},{\"@type\":\"WebPage\",\"@id\":\"https:\/\/www.closdecaille.com\/lucis-grandes-tables-de-fetes\/\",\"url\":\"https:\/\/www.closdecaille.com\/lucis-grandes-tables-de-fetes\/\",\"name\":\"\u2018Lucis\u2019 2023 : L\u2019\u00c9clat des Grandes Tables de F\u00eates - Clos de Caille\",\"isPartOf\":{\"@id\":\"https:\/\/www.closdecaille.com\/#website\"},\"primaryImageOfPage\":{\"@id\":\"https:\/\/www.closdecaille.com\/lucis-grandes-tables-de-fetes\/#primaryimage\"},\"image\":{\"@id\":\"https:\/\/www.closdecaille.com\/lucis-grandes-tables-de-fetes\/#primaryimage\"},\"thumbnailUrl\":\"https:\/\/www.closdecaille.com\/wp-content\/uploads\/2025\/11\/ChatGPT-Image-18-nov.-2025-12_13_50-Lucis.png\",\"datePublished\":\"2025-11-26T13:13:50+00:00\",\"dateModified\":\"2025-12-09T08:35:21+00:00\",\"description\":\"D\u00e9couvrez \u2018Lucis\u2019 2023 du Clos de Caille : un grand blanc de Provence, raffin\u00e9 et lumineux, parfait pour sublimer vos f\u00eates et offrir un cadeau d\u2019exception.\",\"breadcrumb\":{\"@id\":\"https:\/\/www.closdecaille.com\/lucis-grandes-tables-de-fetes\/#breadcrumb\"},\"inLanguage\":\"en-GB\",\"potentialAction\":[{\"@type\":\"ReadAction\",\"target\":[\"https:\/\/www.closdecaille.com\/lucis-grandes-tables-de-fetes\/\"]}]},{\"@type\":\"ImageObject\",\"inLanguage\":\"en-GB\",\"@id\":\"https:\/\/www.closdecaille.com\/lucis-grandes-tables-de-fetes\/#primaryimage\",\"url\":\"https:\/\/www.closdecaille.com\/wp-content\/uploads\/2025\/11\/ChatGPT-Image-18-nov.-2025-12_13_50-Lucis.png\",\"contentUrl\":\"https:\/\/www.closdecaille.com\/wp-content\/uploads\/2025\/11\/ChatGPT-Image-18-nov.-2025-12_13_50-Lucis.png\",\"width\":1024,\"height\":1536,\"caption\":\"Clos de Caille Lucis\"},{\"@type\":\"BreadcrumbList\",\"@id\":\"https:\/\/www.closdecaille.com\/lucis-grandes-tables-de-fetes\/#breadcrumb\",\"itemListElement\":[{\"@type\":\"ListItem\",\"position\":1,\"name\":\"Art de vivre\",\"item\":\"https:\/\/www.closdecaille.com\/category\/art-de-vivre\/\"},{\"@type\":\"ListItem\",\"position\":2,\"name\":\"\u2018Lucis\u2019 2023 : L\u2019\u00c9clat des Grandes Tables de F\u00eates\"}]},{\"@type\":\"WebSite\",\"@id\":\"https:\/\/www.closdecaille.com\/#website\",\"url\":\"https:\/\/www.closdecaille.com\/\",\"name\":\"Clos de Caille\",\"description\":\"Vins AOP C\u00f4tes de Provence\",\"publisher\":{\"@id\":\"https:\/\/www.closdecaille.com\/#organization\"},\"potentialAction\":[{\"@type\":\"SearchAction\",\"target\":{\"@type\":\"EntryPoint\",\"urlTemplate\":\"https:\/\/www.closdecaille.com\/?s={search_term_string}\"},\"query-input\":{\"@type\":\"PropertyValueSpecification\",\"valueRequired\":true,\"valueName\":\"search_term_string\"}}],\"inLanguage\":\"en-GB\"},{\"@type\":\"Organization\",\"@id\":\"https:\/\/www.closdecaille.com\/#organization\",\"name\":\"Clos de Caille\",\"url\":\"https:\/\/www.closdecaille.com\/\",\"logo\":{\"@type\":\"ImageObject\",\"inLanguage\":\"en-GB\",\"@id\":\"https:\/\/www.closdecaille.com\/#\/schema\/logo\/image\/\",\"url\":\"https:\/\/www.closdecaille.com\/wp-content\/uploads\/2023\/07\/favicon-2023.png\",\"contentUrl\":\"https:\/\/www.closdecaille.com\/wp-content\/uploads\/2023\/07\/favicon-2023.png\",\"width\":600,\"height\":600,\"caption\":\"Clos de Caille\"},\"image\":{\"@id\":\"https:\/\/www.closdecaille.com\/#\/schema\/logo\/image\/\"}},{\"@type\":\"Person\",\"@id\":\"https:\/\/www.closdecaille.com\/#\/schema\/person\/183ec33b0abe209accdd35f1ba15b586\",\"name\":\"Julie Fleisch\",\"image\":{\"@type\":\"ImageObject\",\"inLanguage\":\"en-GB\",\"@id\":\"https:\/\/www.closdecaille.com\/#\/schema\/person\/image\/\",\"url\":\"https:\/\/secure.gravatar.com\/avatar\/bffc10faa760f5f1f08f454e79e3342f047898af28fb87e9eec6b7842f516e2a?s=96&d=mm&r=g\",\"contentUrl\":\"https:\/\/secure.gravatar.com\/avatar\/bffc10faa760f5f1f08f454e79e3342f047898af28fb87e9eec6b7842f516e2a?s=96&d=mm&r=g\",\"caption\":\"Julie Fleisch\"}}]}<\/script>\n<!-- \/ Yoast SEO plugin. -->","yoast_head_json":{"title":"\u2018Lucis\u2019 2023: The Splendour of Grand Festive Tables - Clos de Caille","description":"Discover \u2018Lucis\u2019 2023 from Clos de Caille: a refined and luminous white wine from Provence, perfect for enhancing your celebrations and offering an exceptional gift.","robots":{"index":"index","follow":"follow","max-snippet":"max-snippet:-1","max-image-preview":"max-image-preview:large","max-video-preview":"max-video-preview:-1"},"canonical":"https:\/\/www.closdecaille.com\/en\/lucis-grandes-tables-de-fetes\/","og_locale":"en_GB","og_type":"article","og_title":"\u2018Lucis\u2019 2023 : L\u2019\u00c9clat des Grandes Tables de F\u00eates - Clos de Caille","og_description":"D\u00e9couvrez \u2018Lucis\u2019 2023 du Clos de Caille : un grand blanc de Provence, raffin\u00e9 et lumineux, parfait pour sublimer vos f\u00eates et offrir un cadeau d\u2019exception.","og_url":"https:\/\/www.closdecaille.com\/en\/lucis-grandes-tables-de-fetes\/","og_site_name":"Clos de Caille","article_published_time":"2025-11-26T13:13:50+00:00","article_modified_time":"2025-12-09T08:35:21+00:00","og_image":[{"width":1024,"height":1536,"url":"https:\/\/www.closdecaille.com\/wp-content\/uploads\/2025\/11\/ChatGPT-Image-18-nov.-2025-12_13_50-Lucis.png","type":"image\/png"}],"author":"Julie Fleisch","twitter_misc":{"Written by":"Julie Fleisch","Estimated reading time":"4 minutes"},"schema":{"@context":"https:\/\/schema.org","@graph":[{"@type":"Article","@id":"https:\/\/www.closdecaille.com\/lucis-grandes-tables-de-fetes\/#article","isPartOf":{"@id":"https:\/\/www.closdecaille.com\/lucis-grandes-tables-de-fetes\/"},"author":{"name":"Julie Fleisch","@id":"https:\/\/www.closdecaille.com\/#\/schema\/person\/183ec33b0abe209accdd35f1ba15b586"},"headline":"\u2018Lucis\u2019 2023 : L\u2019\u00c9clat des Grandes Tables de F\u00eates","datePublished":"2025-11-26T13:13:50+00:00","dateModified":"2025-12-09T08:35:21+00:00","mainEntityOfPage":{"@id":"https:\/\/www.closdecaille.com\/lucis-grandes-tables-de-fetes\/"},"wordCount":751,"publisher":{"@id":"https:\/\/www.closdecaille.com\/#organization"},"image":{"@id":"https:\/\/www.closdecaille.com\/lucis-grandes-tables-de-fetes\/#primaryimage"},"thumbnailUrl":"https:\/\/www.closdecaille.com\/wp-content\/uploads\/2025\/11\/ChatGPT-Image-18-nov.-2025-12_13_50-Lucis.png","articleSection":["Art de vivre"],"inLanguage":"en-GB"},{"@type":"WebPage","@id":"https:\/\/www.closdecaille.com\/lucis-grandes-tables-de-fetes\/","url":"https:\/\/www.closdecaille.com\/lucis-grandes-tables-de-fetes\/","name":"\u2018Lucis\u2019 2023: The Splendour of Grand Festive Tables - Clos de Caille","isPartOf":{"@id":"https:\/\/www.closdecaille.com\/#website"},"primaryImageOfPage":{"@id":"https:\/\/www.closdecaille.com\/lucis-grandes-tables-de-fetes\/#primaryimage"},"image":{"@id":"https:\/\/www.closdecaille.com\/lucis-grandes-tables-de-fetes\/#primaryimage"},"thumbnailUrl":"https:\/\/www.closdecaille.com\/wp-content\/uploads\/2025\/11\/ChatGPT-Image-18-nov.-2025-12_13_50-Lucis.png","datePublished":"2025-11-26T13:13:50+00:00","dateModified":"2025-12-09T08:35:21+00:00","description":"Discover \u2018Lucis\u2019 2023 from Clos de Caille: a refined and luminous white wine from Provence, perfect for enhancing your celebrations and offering an exceptional gift.","breadcrumb":{"@id":"https:\/\/www.closdecaille.com\/lucis-grandes-tables-de-fetes\/#breadcrumb"},"inLanguage":"en-GB","potentialAction":[{"@type":"ReadAction","target":["https:\/\/www.closdecaille.com\/lucis-grandes-tables-de-fetes\/"]}]},{"@type":"ImageObject","inLanguage":"en-GB","@id":"https:\/\/www.closdecaille.com\/lucis-grandes-tables-de-fetes\/#primaryimage","url":"https:\/\/www.closdecaille.com\/wp-content\/uploads\/2025\/11\/ChatGPT-Image-18-nov.-2025-12_13_50-Lucis.png","contentUrl":"https:\/\/www.closdecaille.com\/wp-content\/uploads\/2025\/11\/ChatGPT-Image-18-nov.-2025-12_13_50-Lucis.png","width":1024,"height":1536,"caption":"Clos de Caille Lucis"},{"@type":"BreadcrumbList","@id":"https:\/\/www.closdecaille.com\/lucis-grandes-tables-de-fetes\/#breadcrumb","itemListElement":[{"@type":"ListItem","position":1,"name":"Art de vivre","item":"https:\/\/www.closdecaille.com\/category\/art-de-vivre\/"},{"@type":"ListItem","position":2,"name":"\u2018Lucis\u2019 2023 : L\u2019\u00c9clat des Grandes Tables de F\u00eates"}]},{"@type":"WebSite","@id":"https:\/\/www.closdecaille.com\/#website","url":"https:\/\/www.closdecaille.com\/","name":"Clos de Caille","description":"C\u00f4tes de Provence AOP wines","publisher":{"@id":"https:\/\/www.closdecaille.com\/#organization"},"potentialAction":[{"@type":"SearchAction","target":{"@type":"EntryPoint","urlTemplate":"https:\/\/www.closdecaille.com\/?s={search_term_string}"},"query-input":{"@type":"PropertyValueSpecification","valueRequired":true,"valueName":"search_term_string"}}],"inLanguage":"en-GB"},{"@type":"Organization","@id":"https:\/\/www.closdecaille.com\/#organization","name":"Clos de Caille","url":"https:\/\/www.closdecaille.com\/","logo":{"@type":"ImageObject","inLanguage":"en-GB","@id":"https:\/\/www.closdecaille.com\/#\/schema\/logo\/image\/","url":"https:\/\/www.closdecaille.com\/wp-content\/uploads\/2023\/07\/favicon-2023.png","contentUrl":"https:\/\/www.closdecaille.com\/wp-content\/uploads\/2023\/07\/favicon-2023.png","width":600,"height":600,"caption":"Clos de Caille"},"image":{"@id":"https:\/\/www.closdecaille.com\/#\/schema\/logo\/image\/"}},{"@type":"Person","@id":"https:\/\/www.closdecaille.com\/#\/schema\/person\/183ec33b0abe209accdd35f1ba15b586","name":"Julie Fleisch","image":{"@type":"ImageObject","inLanguage":"en-GB","@id":"https:\/\/www.closdecaille.com\/#\/schema\/person\/image\/","url":"https:\/\/secure.gravatar.com\/avatar\/bffc10faa760f5f1f08f454e79e3342f047898af28fb87e9eec6b7842f516e2a?s=96&d=mm&r=g","contentUrl":"https:\/\/secure.gravatar.com\/avatar\/bffc10faa760f5f1f08f454e79e3342f047898af28fb87e9eec6b7842f516e2a?s=96&d=mm&r=g","caption":"Julie Fleisch"}}]}},"_links":{"self":[{"href":"https:\/\/www.closdecaille.com\/en\/wp-json\/wp\/v2\/posts\/5470","targetHints":{"allow":["GET"]}}],"collection":[{"href":"https:\/\/www.closdecaille.com\/en\/wp-json\/wp\/v2\/posts"}],"about":[{"href":"https:\/\/www.closdecaille.com\/en\/wp-json\/wp\/v2\/types\/post"}],"author":[{"embeddable":true,"href":"https:\/\/www.closdecaille.com\/en\/wp-json\/wp\/v2\/users\/10"}],"replies":[{"embeddable":true,"href":"https:\/\/www.closdecaille.com\/en\/wp-json\/wp\/v2\/comments?post=5470"}],"version-history":[{"count":3,"href":"https:\/\/www.closdecaille.com\/en\/wp-json\/wp\/v2\/posts\/5470\/revisions"}],"predecessor-version":[{"id":5483,"href":"https:\/\/www.closdecaille.com\/en\/wp-json\/wp\/v2\/posts\/5470\/revisions\/5483"}],"wp:featuredmedia":[{"embeddable":true,"href":"https:\/\/www.closdecaille.com\/en\/wp-json\/wp\/v2\/media\/5471"}],"wp:attachment":[{"href":"https:\/\/www.closdecaille.com\/en\/wp-json\/wp\/v2\/media?parent=5470"}],"wp:term":[{"taxonomy":"category","embeddable":true,"href":"https:\/\/www.closdecaille.com\/en\/wp-json\/wp\/v2\/categories?post=5470"},{"taxonomy":"post_tag","embeddable":true,"href":"https:\/\/www.closdecaille.com\/en\/wp-json\/wp\/v2\/tags?post=5470"}],"curies":[{"name":"wp","href":"https:\/\/api.w.org\/{rel}","templated":true}]}}