{"id":5211,"date":"2025-10-06T17:35:44","date_gmt":"2025-10-06T15:35:44","guid":{"rendered":"https:\/\/www.closdecaille.com\/?p=5211"},"modified":"2025-12-09T09:35:21","modified_gmt":"2025-12-09T08:35:21","slug":"les-incontournables-de-lautomne","status":"publish","type":"post","link":"https:\/\/www.closdecaille.com\/en\/les-incontournables-de-lautomne\/","title":{"rendered":"Autumn essentials"},"content":{"rendered":"<p style=\"text-align: center;\"><strong>La signature Haute Couture en Provence<\/strong><\/p>\n<h1 style=\"text-align: center;\" data-pm-slice=\"1 1 []\">DE LA TRADITION MONASTIQUE \u00c0 L\u2019INNOVATION VIGNERONNE<\/h1>\n<p style=\"text-align: center;\">H\u00e9ritier d\u2019une longue tradition viticole, le Domaine doit ses origines aux moines Cisterciens de l\u2019Abbaye du Thoronet qui, au XII\u1d49 si\u00e8cle, ont fa\u00e7onn\u00e9 ces terres avec la m\u00eame rigueur qu\u2019en Bourgogne. Au c\u0153ur de la Provence Verte, le Clos de Caille d\u00e9ploie ses vignes dans un paysage pr\u00e9serv\u00e9 o\u00f9 r\u00e8gnent calme et lumi\u00e8re.<\/p>\n<p style=\"text-align: center;\">Avec l\u2019inauguration du chai et le premier mill\u00e9sime vinifi\u00e9 sur place en 2021, le Clos de Caille ouvre un nouveau chapitre de son histoire. Chaque parcelle est vinifi\u00e9e s\u00e9par\u00e9ment pour r\u00e9v\u00e9ler la personnalit\u00e9 singuli\u00e8re de son terroir. Cette approche sur-mesure, alliant savoir-faire ancestral et technologie de pointe, permet d\u2019atteindre une pr\u00e9cision d\u2019orf\u00e8vre et de signer des vins d\u2019une \u00e9l\u00e9gance rare en Provence.<\/p>\n<p style=\"text-align: center;\">Sous l\u2019expertise de l\u2019\u0153nologue Matthieu Cosse, le Domaine s\u2019est affirm\u00e9 en quelques ann\u00e9es comme l\u2019un des fleurons de l\u2019appellation C\u00f4tes de Provence. Ses cuv\u00e9es r\u00e9v\u00e8lent un \u00e9quilibre subtil entre puissance et finesse, modernit\u00e9 et respect de l\u2019h\u00e9ritage. Symbole d\u2019un art de vivre, le Clos de Caille incarne une v\u00e9ritable vision : celle d\u2019une Provence intemporelle, sublim\u00e9e par l\u2019exigence et la passion de la Famille Mariotti.<\/p>\n<article class=\"text-token-text-primary w-full focus:outline-none scroll-mt-[calc(var(--header-height)+min(200px,max(70px,20svh)))]\" dir=\"auto\" tabindex=\"-1\" data-turn-id=\"request-6899fa4c-29f0-8325-bd10-071d617867b7-57\" data-testid=\"conversation-turn-158\" data-scroll-anchor=\"true\" data-turn=\"assistant\">\n<div class=\"text-base my-auto mx-auto pb-10 [--thread-content-margin:--spacing(4)] @[37rem]:[--thread-content-margin:--spacing(6)] @[72rem]:[--thread-content-margin:--spacing(16)] px-(--thread-content-margin)\">\n<div class=\"[--thread-content-max-width:32rem] @[34rem]:[--thread-content-max-width:40rem] @[64rem]:[--thread-content-max-width:48rem] mx-auto max-w-(--thread-content-max-width) flex-1 group\/turn-messages focus-visible:outline-hidden relative flex w-full min-w-0 flex-col agent-turn\" tabindex=\"-1\">\n<div class=\"flex max-w-full flex-col grow\">\n<div class=\"min-h-8 text-message relative flex w-full flex-col items-end gap-2 text-start break-words whitespace-normal [.text-message+&amp;]:mt-5\" dir=\"auto\" data-message-author-role=\"assistant\" data-message-id=\"41db5e63-fcd9-4cf8-9fcb-064e925581ce\" data-message-model-slug=\"gpt-5-mini\">\n<div class=\"flex w-full flex-col gap-1 empty:hidden first:pt-[3px]\">\n<div class=\"markdown prose dark:prose-invert w-full break-words dark markdown-new-styling\">\n<h2 style=\"text-align: center;\" data-pm-slice=\"1 1 []\">UN SUPPL\u00c9MENT D\u2019EXCELLENCE<\/h2>\n<p style=\"text-align: center;\" data-pm-slice=\"1 1 []\"><strong>Clos de Caille Rouge 2021<\/strong><\/p>\n<p style=\"text-align: center;\">90% Syrah (25 ans) | 10% Cabernet Sauvignon<\/p>\n<p style=\"text-align: center;\">Notes de d\u00e9gustation<br \/>\nBelle couleur profonde, nez complexe sur les \u00e9pices et les fruits noirs, \u00e9levage tout en finesse avec quelques notes de bois pr\u00e9cieux. Le vin est complet en bouche avec une belle mati\u00e8re ronde et harmonieuse, de jolis tanins m\u00fbrs, et une finale longue sur les \u00e9pices.<\/p>\n<p><img fetchpriority=\"high\" decoding=\"async\" class=\"wp-image-5212 aligncenter\" src=\"https:\/\/www.closdecaille.com\/wp-content\/uploads\/2025\/09\/128A7082-683x1024.jpg\" alt=\"Clos de Caille Rouge 2021\" width=\"272\" height=\"408\" srcset=\"https:\/\/www.closdecaille.com\/wp-content\/uploads\/2025\/09\/128A7082-683x1024.jpg 683w, https:\/\/www.closdecaille.com\/wp-content\/uploads\/2025\/09\/128A7082-200x300.jpg 200w, https:\/\/www.closdecaille.com\/wp-content\/uploads\/2025\/09\/128A7082-768x1151.jpg 768w, https:\/\/www.closdecaille.com\/wp-content\/uploads\/2025\/09\/128A7082-1025x1536.jpg 1025w, https:\/\/www.closdecaille.com\/wp-content\/uploads\/2025\/09\/128A7082-1024x1535.jpg 1024w, https:\/\/www.closdecaille.com\/wp-content\/uploads\/2025\/09\/128A7082-300x450.jpg 300w, https:\/\/www.closdecaille.com\/wp-content\/uploads\/2025\/09\/128A7082.jpg 1281w\" sizes=\"(max-width: 272px) 100vw, 272px\" \/><\/p>\n<h4 style=\"text-align: center;\"><a href=\"\/?p=2085\">D\u00e9couvrir notre vin Clos de Caille Rouge<\/a><\/h4>\n<\/div>\n<\/div>\n<\/div>\n<\/div>\n<\/div>\n<\/div>\n<\/article>\n<p style=\"text-align: center;\" data-pm-slice=\"1 1 []\"><strong>Clos de Caille Blanc 2024<\/strong><\/p>\n<p style=\"text-align: center;\">100% Rolle avec \u00e9levage sur lies fines 6 mois.<\/p>\n<p style=\"text-align: center;\">Notes de d\u00e9gustation<br \/>\nVin limpide et brillant, d\u2019une robe dor\u00e9e aux reflets lumineux.<br \/>\nLe nez, fin et complexe, r\u00e9v\u00e8le de subtils ar\u00f4mes d\u2019agrumes d\u00e9licatement soulign\u00e9s par des notes florales. En bouche, l\u2019expression aromatique se d\u00e9ploie avec fra\u00eecheur et \u00e9l\u00e9gance. Complet et raffin\u00e9, il offre une harmonie parfaite jusqu\u2019\u00e0 une finale longue et pure.<\/p>\n<p style=\"text-align: center;\"><img decoding=\"async\" class=\" wp-image-5214 aligncenter\" src=\"https:\/\/www.closdecaille.com\/wp-content\/uploads\/2025\/09\/128A7004-revu-blanc-683x1024.png\" alt=\"Clos de Caille Blanc 2024\" width=\"272\" height=\"408\" srcset=\"https:\/\/www.closdecaille.com\/wp-content\/uploads\/2025\/09\/128A7004-revu-blanc-683x1024.png 683w, https:\/\/www.closdecaille.com\/wp-content\/uploads\/2025\/09\/128A7004-revu-blanc-200x300.png 200w, https:\/\/www.closdecaille.com\/wp-content\/uploads\/2025\/09\/128A7004-revu-blanc-768x1151.png 768w, https:\/\/www.closdecaille.com\/wp-content\/uploads\/2025\/09\/128A7004-revu-blanc-1025x1536.png 1025w, https:\/\/www.closdecaille.com\/wp-content\/uploads\/2025\/09\/128A7004-revu-blanc-1024x1535.png 1024w, https:\/\/www.closdecaille.com\/wp-content\/uploads\/2025\/09\/128A7004-revu-blanc-300x450.png 300w, https:\/\/www.closdecaille.com\/wp-content\/uploads\/2025\/09\/128A7004-revu-blanc.png 1281w\" sizes=\"(max-width: 272px) 100vw, 272px\" \/><\/p>\n<h4 style=\"text-align: center;\"><a href=\"\/?p=2071\">D\u00e9couvrir notre vin Clos de Caille Blanc<\/a><\/h4>\n<p style=\"text-align: center;\" data-pm-slice=\"1 1 []\"><strong>Nos accords d\u2019automne<\/strong><\/p>\n<p style=\"text-align: center;\">\u0152uf parfait, cr\u00e8me de champignons &amp; copeaux de truffes<\/p>\n<p style=\"text-align: center;\">Filet de turbot r\u00f4ti, sauce au beurre noisette &amp; sauge<\/p>\n<p style=\"text-align: center;\">C\u00f4te de b\u0153uf grill\u00e9e, gratin dauphinois \u00e0 la muscade<\/p>\n<p style=\"text-align: center;\">Saint-Nectaire fermier<\/p>\n<p style=\"text-align: center;\" data-pm-slice=\"1 1 []\">Clos de Caille repousse les fronti\u00e8res de l\u2019Excellence en d\u00e9clinant son savoir-faire <strong>dans les trois couleurs<\/strong>. Blanc, Rouge et Ros\u00e9, expriment chacun, avec une pr\u00e9cision cisel\u00e9e, <strong>la puret\u00e9 du terroir et la lumi\u00e8re de Provence<\/strong>.<\/p>\n<blockquote>\n<p style=\"text-align: center;\" data-pm-slice=\"1 1 []\"><em>\u00ab Chaque vendange nous rappelle que nous sommes les passeurs d\u2019une histoire commenc\u00e9e il y a des si\u00e8cles. Au Clos de Caille, notre ambition est de prolonger cet h\u00e9ritage avec audace, en r\u00e9v\u00e9lant l\u2019\u00e2me de chaque parcelle \u00e0 travers des vins qui parlent de leur lieu, de leur lumi\u00e8re et de leur temps. \u00bb \u2014 Mathieu Mariotti<\/em><\/p>\n<\/blockquote>\n<h4 style=\"text-align: center;\"><a href=\"https:\/\/www.closdecaille.com\/e-boutique\/\">D\u00c9COUVRIR NOS VINS HAUTE COUTURE DE PROVENCE<\/a><\/h4>\n<p style=\"text-align: center;\"><em>Les frais de port sont offerts \u00e0 partir de 100 \u20ac d&rsquo;achat en France et \u00e0 Monaco.<br \/>\nLivraison sous 3 jours ouvr\u00e9s dans un emballage s\u00e9curis\u00e9 et renforc\u00e9.<\/em><\/p>\n<p>&nbsp;<\/p>\n<p style=\"text-align: center;\">_______________________________<\/p>\n<h2 style=\"text-align: center;\"><strong>LE JOURNAL DU CLOS<br \/>\n<\/strong><strong>\ud83d\uddde\ufe0f<\/strong><\/h2>\n<h3 style=\"text-align: center;\" data-pm-slice=\"1 1 []\"><strong>Apr\u00e8s un mois de vendanges intenses, place \u00e0 la c\u00e9l\u00e9bration ! <\/strong><\/h3>\n<p style=\"text-align: center;\">Apr\u00e8s plus d\u2019un mois de travail intense, toute l\u2019\u00e9quipe du Clos de Caille a c\u00e9l\u00e9br\u00e9 la fin des vendanges. La Famille Mariotti et Matthieu Cosse tiennent \u00e0 remercier chaque intervenant, vigneron et collaborateur pour son engagement et son d\u00e9vouement durant cette p\u00e9riode exigeante.<\/p>\n<p style=\"text-align: center;\">Nous avons h\u00e2te de vous faire d\u00e9couvrir notre mill\u00e9sime 2025, fa\u00e7onn\u00e9 pour sublimer vos plus belles tables et partager des moments d\u2019exception.<\/p>\n<p style=\"text-align: center;\">&#8211;<\/p>\n<h3 style=\"text-align: center;\"><strong>VOTRE RENDEZ-VOUS PERSONNEL<\/strong><\/h3>\n<p style=\"text-align: center;\">Parce que nous nous engageons \u00e0 offrir \u00e0 nos clients une exp\u00e9rience unique, nous vous invitons \u00e0 prendre rendez-vous avec l&rsquo;un de nos ambassadeurs, qui se fera un plaisir de r\u00e9pondre \u00e0 toutes vos questions et de discuter des conditions de distribution.<\/p>\n<h4 style=\"text-align: center;\"><a href=\"mailto:info@closdecaille.com\">Contactez notre Service Clients<\/a><\/h4>\n","protected":false},"excerpt":{"rendered":"<p>La signature Haute Couture en Provence DE LA TRADITION MONASTIQUE \u00c0 L\u2019INNOVATION VIGNERONNE H\u00e9ritier d\u2019une longue tradition viticole, le Domaine doit ses origines aux moines Cisterciens de l\u2019Abbaye du Thoronet qui, au XII\u1d49 si\u00e8cle, ont fa\u00e7onn\u00e9 ces terres avec la m\u00eame rigueur qu\u2019en Bourgogne. Au c\u0153ur de la Provence Verte, le Clos de Caille d\u00e9ploie [&hellip;]<\/p>\n","protected":false},"author":10,"featured_media":5216,"comment_status":"closed","ping_status":"closed","sticky":false,"template":"","format":"standard","meta":{"_acf_changed":false,"_mo_disable_npp":"","footnotes":""},"categories":[324],"tags":[219,190],"class_list":["post-5211","post","type-post","status-publish","format-standard","has-post-thumbnail","hentry","category-art-de-vivre","tag-clos-de-caille-blanc","tag-clos-de-caille-rouge"],"acf":[],"yoast_head":"<!-- This site is optimized with the Yoast SEO plugin v27.0 - https:\/\/yoast.com\/product\/yoast-seo-wordpress\/ -->\n<title>Les incontournables de l\u2019Automne - Clos de Caille<\/title>\n<meta name=\"description\" content=\"Clos de Caille en Provence : vins d\u2019exception fa\u00e7onn\u00e9s par l\u2019h\u00e9ritage cistercien et le savoir-faire vigneron contemporain.\" \/>\n<meta name=\"robots\" content=\"index, follow, max-snippet:-1, max-image-preview:large, max-video-preview:-1\" \/>\n<link rel=\"canonical\" href=\"https:\/\/www.closdecaille.com\/en\/les-incontournables-de-lautomne\/\" \/>\n<meta property=\"og:locale\" content=\"en_GB\" \/>\n<meta property=\"og:type\" content=\"article\" \/>\n<meta property=\"og:title\" content=\"Les incontournables de l\u2019Automne - Clos de Caille\" \/>\n<meta property=\"og:description\" content=\"Clos de Caille en Provence : vins d\u2019exception fa\u00e7onn\u00e9s par l\u2019h\u00e9ritage cistercien et le savoir-faire vigneron contemporain.\" \/>\n<meta property=\"og:url\" content=\"https:\/\/www.closdecaille.com\/en\/les-incontournables-de-lautomne\/\" \/>\n<meta property=\"og:site_name\" content=\"Clos de Caille\" \/>\n<meta property=\"article:published_time\" content=\"2025-10-06T15:35:44+00:00\" \/>\n<meta property=\"article:modified_time\" content=\"2025-12-09T08:35:21+00:00\" \/>\n<meta property=\"og:image\" content=\"https:\/\/www.closdecaille.com\/wp-content\/uploads\/2025\/09\/Clos-de-Caille-3-1024x683.jpg\" \/>\n\t<meta property=\"og:image:width\" content=\"1024\" \/>\n\t<meta property=\"og:image:height\" content=\"683\" \/>\n\t<meta property=\"og:image:type\" content=\"image\/jpeg\" \/>\n<meta name=\"author\" content=\"Julie Fleisch\" \/>\n<meta name=\"twitter:label1\" content=\"Written by\" \/>\n\t<meta name=\"twitter:data1\" content=\"Julie Fleisch\" \/>\n\t<meta name=\"twitter:label2\" content=\"Estimated reading time\" \/>\n\t<meta name=\"twitter:data2\" content=\"4 minutes\" \/>\n<script type=\"application\/ld+json\" class=\"yoast-schema-graph\">{\"@context\":\"https:\/\/schema.org\",\"@graph\":[{\"@type\":\"Article\",\"@id\":\"https:\/\/www.closdecaille.com\/les-incontournables-de-lautomne\/#article\",\"isPartOf\":{\"@id\":\"https:\/\/www.closdecaille.com\/les-incontournables-de-lautomne\/\"},\"author\":{\"name\":\"Julie Fleisch\",\"@id\":\"https:\/\/www.closdecaille.com\/#\/schema\/person\/183ec33b0abe209accdd35f1ba15b586\"},\"headline\":\"Les incontournables de l\u2019Automne\",\"datePublished\":\"2025-10-06T15:35:44+00:00\",\"dateModified\":\"2025-12-09T08:35:21+00:00\",\"mainEntityOfPage\":{\"@id\":\"https:\/\/www.closdecaille.com\/les-incontournables-de-lautomne\/\"},\"wordCount\":713,\"publisher\":{\"@id\":\"https:\/\/www.closdecaille.com\/#organization\"},\"image\":{\"@id\":\"https:\/\/www.closdecaille.com\/les-incontournables-de-lautomne\/#primaryimage\"},\"thumbnailUrl\":\"https:\/\/www.closdecaille.com\/wp-content\/uploads\/2025\/09\/Clos-de-Caille-3-scaled.jpg\",\"keywords\":[\"Clos de Caille blanc\",\"Clos de Caille rouge\"],\"articleSection\":[\"Art de vivre\"],\"inLanguage\":\"en-GB\"},{\"@type\":\"WebPage\",\"@id\":\"https:\/\/www.closdecaille.com\/les-incontournables-de-lautomne\/\",\"url\":\"https:\/\/www.closdecaille.com\/les-incontournables-de-lautomne\/\",\"name\":\"Les incontournables de l\u2019Automne - Clos de Caille\",\"isPartOf\":{\"@id\":\"https:\/\/www.closdecaille.com\/#website\"},\"primaryImageOfPage\":{\"@id\":\"https:\/\/www.closdecaille.com\/les-incontournables-de-lautomne\/#primaryimage\"},\"image\":{\"@id\":\"https:\/\/www.closdecaille.com\/les-incontournables-de-lautomne\/#primaryimage\"},\"thumbnailUrl\":\"https:\/\/www.closdecaille.com\/wp-content\/uploads\/2025\/09\/Clos-de-Caille-3-scaled.jpg\",\"datePublished\":\"2025-10-06T15:35:44+00:00\",\"dateModified\":\"2025-12-09T08:35:21+00:00\",\"description\":\"Clos de Caille en Provence : vins d\u2019exception fa\u00e7onn\u00e9s par l\u2019h\u00e9ritage cistercien et le savoir-faire vigneron contemporain.\",\"breadcrumb\":{\"@id\":\"https:\/\/www.closdecaille.com\/les-incontournables-de-lautomne\/#breadcrumb\"},\"inLanguage\":\"en-GB\",\"potentialAction\":[{\"@type\":\"ReadAction\",\"target\":[\"https:\/\/www.closdecaille.com\/les-incontournables-de-lautomne\/\"]}]},{\"@type\":\"ImageObject\",\"inLanguage\":\"en-GB\",\"@id\":\"https:\/\/www.closdecaille.com\/les-incontournables-de-lautomne\/#primaryimage\",\"url\":\"https:\/\/www.closdecaille.com\/wp-content\/uploads\/2025\/09\/Clos-de-Caille-3-scaled.jpg\",\"contentUrl\":\"https:\/\/www.closdecaille.com\/wp-content\/uploads\/2025\/09\/Clos-de-Caille-3-scaled.jpg\",\"width\":2560,\"height\":1707,\"caption\":\"Domaine viticole en Provence\"},{\"@type\":\"BreadcrumbList\",\"@id\":\"https:\/\/www.closdecaille.com\/les-incontournables-de-lautomne\/#breadcrumb\",\"itemListElement\":[{\"@type\":\"ListItem\",\"position\":1,\"name\":\"Art de vivre\",\"item\":\"https:\/\/www.closdecaille.com\/category\/art-de-vivre\/\"},{\"@type\":\"ListItem\",\"position\":2,\"name\":\"Les incontournables de l\u2019Automne\"}]},{\"@type\":\"WebSite\",\"@id\":\"https:\/\/www.closdecaille.com\/#website\",\"url\":\"https:\/\/www.closdecaille.com\/\",\"name\":\"Clos de Caille\",\"description\":\"Vins AOP C\u00f4tes de Provence\",\"publisher\":{\"@id\":\"https:\/\/www.closdecaille.com\/#organization\"},\"potentialAction\":[{\"@type\":\"SearchAction\",\"target\":{\"@type\":\"EntryPoint\",\"urlTemplate\":\"https:\/\/www.closdecaille.com\/?s={search_term_string}\"},\"query-input\":{\"@type\":\"PropertyValueSpecification\",\"valueRequired\":true,\"valueName\":\"search_term_string\"}}],\"inLanguage\":\"en-GB\"},{\"@type\":\"Organization\",\"@id\":\"https:\/\/www.closdecaille.com\/#organization\",\"name\":\"Clos de Caille\",\"url\":\"https:\/\/www.closdecaille.com\/\",\"logo\":{\"@type\":\"ImageObject\",\"inLanguage\":\"en-GB\",\"@id\":\"https:\/\/www.closdecaille.com\/#\/schema\/logo\/image\/\",\"url\":\"https:\/\/www.closdecaille.com\/wp-content\/uploads\/2023\/07\/favicon-2023.png\",\"contentUrl\":\"https:\/\/www.closdecaille.com\/wp-content\/uploads\/2023\/07\/favicon-2023.png\",\"width\":600,\"height\":600,\"caption\":\"Clos de Caille\"},\"image\":{\"@id\":\"https:\/\/www.closdecaille.com\/#\/schema\/logo\/image\/\"}},{\"@type\":\"Person\",\"@id\":\"https:\/\/www.closdecaille.com\/#\/schema\/person\/183ec33b0abe209accdd35f1ba15b586\",\"name\":\"Julie Fleisch\",\"image\":{\"@type\":\"ImageObject\",\"inLanguage\":\"en-GB\",\"@id\":\"https:\/\/www.closdecaille.com\/#\/schema\/person\/image\/\",\"url\":\"https:\/\/secure.gravatar.com\/avatar\/bffc10faa760f5f1f08f454e79e3342f047898af28fb87e9eec6b7842f516e2a?s=96&d=mm&r=g\",\"contentUrl\":\"https:\/\/secure.gravatar.com\/avatar\/bffc10faa760f5f1f08f454e79e3342f047898af28fb87e9eec6b7842f516e2a?s=96&d=mm&r=g\",\"caption\":\"Julie Fleisch\"}}]}<\/script>\n<!-- \/ Yoast SEO plugin. -->","yoast_head_json":{"title":"Autumn essentials - Clos de Caille","description":"Clos de Caille in Provence: exceptional wines shaped by Cistercian heritage and contemporary winemaking expertise.","robots":{"index":"index","follow":"follow","max-snippet":"max-snippet:-1","max-image-preview":"max-image-preview:large","max-video-preview":"max-video-preview:-1"},"canonical":"https:\/\/www.closdecaille.com\/en\/les-incontournables-de-lautomne\/","og_locale":"en_GB","og_type":"article","og_title":"Les incontournables de l\u2019Automne - Clos de Caille","og_description":"Clos de Caille en Provence : vins d\u2019exception fa\u00e7onn\u00e9s par l\u2019h\u00e9ritage cistercien et le savoir-faire vigneron contemporain.","og_url":"https:\/\/www.closdecaille.com\/en\/les-incontournables-de-lautomne\/","og_site_name":"Clos de Caille","article_published_time":"2025-10-06T15:35:44+00:00","article_modified_time":"2025-12-09T08:35:21+00:00","og_image":[{"width":1024,"height":683,"url":"https:\/\/www.closdecaille.com\/wp-content\/uploads\/2025\/09\/Clos-de-Caille-3-1024x683.jpg","type":"image\/jpeg"}],"author":"Julie Fleisch","twitter_misc":{"Written by":"Julie Fleisch","Estimated reading time":"4 minutes"},"schema":{"@context":"https:\/\/schema.org","@graph":[{"@type":"Article","@id":"https:\/\/www.closdecaille.com\/les-incontournables-de-lautomne\/#article","isPartOf":{"@id":"https:\/\/www.closdecaille.com\/les-incontournables-de-lautomne\/"},"author":{"name":"Julie Fleisch","@id":"https:\/\/www.closdecaille.com\/#\/schema\/person\/183ec33b0abe209accdd35f1ba15b586"},"headline":"Les incontournables de l\u2019Automne","datePublished":"2025-10-06T15:35:44+00:00","dateModified":"2025-12-09T08:35:21+00:00","mainEntityOfPage":{"@id":"https:\/\/www.closdecaille.com\/les-incontournables-de-lautomne\/"},"wordCount":713,"publisher":{"@id":"https:\/\/www.closdecaille.com\/#organization"},"image":{"@id":"https:\/\/www.closdecaille.com\/les-incontournables-de-lautomne\/#primaryimage"},"thumbnailUrl":"https:\/\/www.closdecaille.com\/wp-content\/uploads\/2025\/09\/Clos-de-Caille-3-scaled.jpg","keywords":["Clos de Caille blanc","Clos de Caille rouge"],"articleSection":["Art de vivre"],"inLanguage":"en-GB"},{"@type":"WebPage","@id":"https:\/\/www.closdecaille.com\/les-incontournables-de-lautomne\/","url":"https:\/\/www.closdecaille.com\/les-incontournables-de-lautomne\/","name":"Autumn essentials - Clos de Caille","isPartOf":{"@id":"https:\/\/www.closdecaille.com\/#website"},"primaryImageOfPage":{"@id":"https:\/\/www.closdecaille.com\/les-incontournables-de-lautomne\/#primaryimage"},"image":{"@id":"https:\/\/www.closdecaille.com\/les-incontournables-de-lautomne\/#primaryimage"},"thumbnailUrl":"https:\/\/www.closdecaille.com\/wp-content\/uploads\/2025\/09\/Clos-de-Caille-3-scaled.jpg","datePublished":"2025-10-06T15:35:44+00:00","dateModified":"2025-12-09T08:35:21+00:00","description":"Clos de Caille in Provence: exceptional wines shaped by Cistercian heritage and contemporary winemaking expertise.","breadcrumb":{"@id":"https:\/\/www.closdecaille.com\/les-incontournables-de-lautomne\/#breadcrumb"},"inLanguage":"en-GB","potentialAction":[{"@type":"ReadAction","target":["https:\/\/www.closdecaille.com\/les-incontournables-de-lautomne\/"]}]},{"@type":"ImageObject","inLanguage":"en-GB","@id":"https:\/\/www.closdecaille.com\/les-incontournables-de-lautomne\/#primaryimage","url":"https:\/\/www.closdecaille.com\/wp-content\/uploads\/2025\/09\/Clos-de-Caille-3-scaled.jpg","contentUrl":"https:\/\/www.closdecaille.com\/wp-content\/uploads\/2025\/09\/Clos-de-Caille-3-scaled.jpg","width":2560,"height":1707,"caption":"Domaine viticole en Provence"},{"@type":"BreadcrumbList","@id":"https:\/\/www.closdecaille.com\/les-incontournables-de-lautomne\/#breadcrumb","itemListElement":[{"@type":"ListItem","position":1,"name":"Art de vivre","item":"https:\/\/www.closdecaille.com\/category\/art-de-vivre\/"},{"@type":"ListItem","position":2,"name":"Les incontournables de l\u2019Automne"}]},{"@type":"WebSite","@id":"https:\/\/www.closdecaille.com\/#website","url":"https:\/\/www.closdecaille.com\/","name":"Clos de Caille","description":"C\u00f4tes de Provence AOP wines","publisher":{"@id":"https:\/\/www.closdecaille.com\/#organization"},"potentialAction":[{"@type":"SearchAction","target":{"@type":"EntryPoint","urlTemplate":"https:\/\/www.closdecaille.com\/?s={search_term_string}"},"query-input":{"@type":"PropertyValueSpecification","valueRequired":true,"valueName":"search_term_string"}}],"inLanguage":"en-GB"},{"@type":"Organization","@id":"https:\/\/www.closdecaille.com\/#organization","name":"Clos de Caille","url":"https:\/\/www.closdecaille.com\/","logo":{"@type":"ImageObject","inLanguage":"en-GB","@id":"https:\/\/www.closdecaille.com\/#\/schema\/logo\/image\/","url":"https:\/\/www.closdecaille.com\/wp-content\/uploads\/2023\/07\/favicon-2023.png","contentUrl":"https:\/\/www.closdecaille.com\/wp-content\/uploads\/2023\/07\/favicon-2023.png","width":600,"height":600,"caption":"Clos de Caille"},"image":{"@id":"https:\/\/www.closdecaille.com\/#\/schema\/logo\/image\/"}},{"@type":"Person","@id":"https:\/\/www.closdecaille.com\/#\/schema\/person\/183ec33b0abe209accdd35f1ba15b586","name":"Julie Fleisch","image":{"@type":"ImageObject","inLanguage":"en-GB","@id":"https:\/\/www.closdecaille.com\/#\/schema\/person\/image\/","url":"https:\/\/secure.gravatar.com\/avatar\/bffc10faa760f5f1f08f454e79e3342f047898af28fb87e9eec6b7842f516e2a?s=96&d=mm&r=g","contentUrl":"https:\/\/secure.gravatar.com\/avatar\/bffc10faa760f5f1f08f454e79e3342f047898af28fb87e9eec6b7842f516e2a?s=96&d=mm&r=g","caption":"Julie Fleisch"}}]}},"_links":{"self":[{"href":"https:\/\/www.closdecaille.com\/en\/wp-json\/wp\/v2\/posts\/5211","targetHints":{"allow":["GET"]}}],"collection":[{"href":"https:\/\/www.closdecaille.com\/en\/wp-json\/wp\/v2\/posts"}],"about":[{"href":"https:\/\/www.closdecaille.com\/en\/wp-json\/wp\/v2\/types\/post"}],"author":[{"embeddable":true,"href":"https:\/\/www.closdecaille.com\/en\/wp-json\/wp\/v2\/users\/10"}],"replies":[{"embeddable":true,"href":"https:\/\/www.closdecaille.com\/en\/wp-json\/wp\/v2\/comments?post=5211"}],"version-history":[{"count":7,"href":"https:\/\/www.closdecaille.com\/en\/wp-json\/wp\/v2\/posts\/5211\/revisions"}],"predecessor-version":[{"id":5260,"href":"https:\/\/www.closdecaille.com\/en\/wp-json\/wp\/v2\/posts\/5211\/revisions\/5260"}],"wp:featuredmedia":[{"embeddable":true,"href":"https:\/\/www.closdecaille.com\/en\/wp-json\/wp\/v2\/media\/5216"}],"wp:attachment":[{"href":"https:\/\/www.closdecaille.com\/en\/wp-json\/wp\/v2\/media?parent=5211"}],"wp:term":[{"taxonomy":"category","embeddable":true,"href":"https:\/\/www.closdecaille.com\/en\/wp-json\/wp\/v2\/categories?post=5211"},{"taxonomy":"post_tag","embeddable":true,"href":"https:\/\/www.closdecaille.com\/en\/wp-json\/wp\/v2\/tags?post=5211"}],"curies":[{"name":"wp","href":"https:\/\/api.w.org\/{rel}","templated":true}]}}