{"id":5080,"date":"2025-08-25T17:10:51","date_gmt":"2025-08-25T15:10:51","guid":{"rendered":"https:\/\/www.closdecaille.com\/?p=5080"},"modified":"2025-12-09T09:29:17","modified_gmt":"2025-12-09T08:29:17","slug":"servir-le-vin-a-la-temperature-parfaite","status":"publish","type":"post","link":"https:\/\/www.closdecaille.com\/en\/servir-le-vin-a-la-temperature-parfaite\/","title":{"rendered":"Serving wine at the perfect temperature: the game-changing advantage"},"content":{"rendered":"<p style=\"text-align: center;\"><strong>Le Go\u00fbt de l\u2019Excellence, jusqu\u2019au degr\u00e9 pr\u00e8s<\/strong><\/p>\n<p style=\"text-align: center;\">Parce qu\u2019un grand vin se d\u00e9guste dans les r\u00e8gles de l\u2019art, parfois, <strong>un seul degr\u00e9 de diff\u00e9rence<\/strong> suffit \u00e0 transformer l\u2019exp\u00e9rience de d\u00e9gustation. Au Clos de Caille, nous croyons que <strong>l\u2019Excellence ne se mesure pas seulement dans le verre, mais aussi dans la mani\u00e8re de le servir<\/strong>.<\/p>\n<article class=\"text-token-text-primary w-full focus:outline-none scroll-mt-[calc(var(--header-height)+min(200px,max(70px,20svh)))]\" dir=\"auto\" tabindex=\"-1\" data-turn-id=\"request-6899fa4c-29f0-8325-bd10-071d617867b7-57\" data-testid=\"conversation-turn-158\" data-scroll-anchor=\"true\" data-turn=\"assistant\">\n<div class=\"text-base my-auto mx-auto pb-10 [--thread-content-margin:--spacing(4)] @[37rem]:[--thread-content-margin:--spacing(6)] @[72rem]:[--thread-content-margin:--spacing(16)] px-(--thread-content-margin)\">\n<div class=\"[--thread-content-max-width:32rem] @[34rem]:[--thread-content-max-width:40rem] @[64rem]:[--thread-content-max-width:48rem] mx-auto max-w-(--thread-content-max-width) flex-1 group\/turn-messages focus-visible:outline-hidden relative flex w-full min-w-0 flex-col agent-turn\" tabindex=\"-1\">\n<div class=\"flex max-w-full flex-col grow\">\n<div class=\"min-h-8 text-message relative flex w-full flex-col items-end gap-2 text-start break-words whitespace-normal [.text-message+&amp;]:mt-5\" dir=\"auto\" data-message-author-role=\"assistant\" data-message-id=\"41db5e63-fcd9-4cf8-9fcb-064e925581ce\" data-message-model-slug=\"gpt-5-mini\">\n<div class=\"flex w-full flex-col gap-1 empty:hidden first:pt-[3px]\">\n<div class=\"markdown prose dark:prose-invert w-full break-words dark markdown-new-styling\">\n<h1 style=\"text-align: center;\" data-start=\"0\" data-end=\"64\"><strong>LE GO\u00dbT DE L\u2019EXCELLENCE D\u00c9BUTE PAR LA MA\u00ceTRISE DE LA TEMP\u00c9RATURE<\/strong><\/h1>\n<\/div>\n<\/div>\n<\/div>\n<\/div>\n<\/div>\n<\/div>\n<\/article>\n<div class=\"pointer-events-none h-px w-px\" style=\"text-align: center;\" aria-hidden=\"true\" data-edge=\"true\"><\/div>\n<p style=\"text-align: center;\">Le vin est un organisme vivant, en perp\u00e9tuelle \u00e9volution. Servi trop froid, il se referme, ses ar\u00f4mes se figent, sa texture se contracte. Servi trop chaud, il perd son \u00e9quilibre, l\u2019alcool prend le dessus et la finesse s\u2019estompe. Trouver la juste temp\u00e9rature, c\u2019est offrir au vin l\u2019\u00e9crin parfait pour qu\u2019il d\u00e9ploie sa palette aromatique avec la plus grande \u00e9l\u00e9gance.<\/p>\n<p style=\"text-align: center;\">D\u00e9couvrez nos conseils pour sublimer nos vins Haute Couture, vinifi\u00e9s sous la Direction Technique de <strong>Matthieu Cosse<\/strong>, et r\u00e9v\u00e9ler ainsi toute leur richesse aromatique\u00a0:<\/p>\n<p style=\"text-align: center;\"><strong>Blancs<\/strong> : entre <strong>10\u00b0C et 12\u00b0C<\/strong> pour pr\u00e9server l\u2019\u00e9clat aromatique, la fra\u00eecheur et la tension.<\/p>\n<p style=\"text-align: center;\"><strong>Ros\u00e9s<\/strong> : entre <strong>8\u00b0C et 10\u00b0C<\/strong> pour exalter leur rondeur, leur fra\u00eecheur et la finesse de leurs ar\u00f4mes fruit\u00e9s.<\/p>\n<p style=\"text-align: center;\"><strong>Rouges<\/strong> : entre <strong>14\u00b0C et 18\u00b0C<\/strong> pour offrir la pleine expression des tanins, de la structure et de la complexit\u00e9 aromatique.<\/p>\n<p style=\"text-align: center;\"><strong><a href=\"https:\/\/www.closdecaille.com\/e-boutique\/\">Prolongez cette exp\u00e9rience chez vous<\/a><\/strong><\/p>\n<p>&nbsp;<\/p>\n<p style=\"text-align: center;\"><strong>CLOS DE CAILLE BLANC 2024<\/strong><\/p>\n<p style=\"text-align: center;\">AOP C\u00f4tes de Provence | AB<\/p>\n<p style=\"text-align: center;\"><strong>Assemblage<\/strong>\u00a0: 100% Rolle<\/p>\n<h4 style=\"text-align: center;\"><strong><a href=\"\/?p=2071\">D\u00e9couvrir notre vin Clos de Caille Blanc 2024<\/a><\/strong><\/h4>\n<p>&nbsp;<\/p>\n<p style=\"text-align: center;\"><img fetchpriority=\"high\" decoding=\"async\" class=\" wp-image-5023 aligncenter\" src=\"https:\/\/www.closdecaille.com\/wp-content\/uploads\/2025\/07\/128A7284-683x1024.jpg\" alt=\"Clos de Caille Blanc\" width=\"230\" height=\"345\" srcset=\"https:\/\/www.closdecaille.com\/wp-content\/uploads\/2025\/07\/128A7284-683x1024.jpg 683w, https:\/\/www.closdecaille.com\/wp-content\/uploads\/2025\/07\/128A7284-200x300.jpg 200w, https:\/\/www.closdecaille.com\/wp-content\/uploads\/2025\/07\/128A7284-768x1151.jpg 768w, https:\/\/www.closdecaille.com\/wp-content\/uploads\/2025\/07\/128A7284-1025x1536.jpg 1025w, https:\/\/www.closdecaille.com\/wp-content\/uploads\/2025\/07\/128A7284-1024x1535.jpg 1024w, https:\/\/www.closdecaille.com\/wp-content\/uploads\/2025\/07\/128A7284-300x450.jpg 300w, https:\/\/www.closdecaille.com\/wp-content\/uploads\/2025\/07\/128A7284.jpg 1281w\" sizes=\"(max-width: 230px) 100vw, 230px\" \/><\/p>\n<p style=\"text-align: center;\"><strong>Notes de d\u00e9gustation\u00a0: <\/strong>Vin d\u2019exception \u00e0 la brillance cristalline, robe dor\u00e9e aux reflets lumineux. Le nez, \u00e0 la fois fin et complexe, s\u2019ouvre sur des notes d\u2019agrumes, relev\u00e9es par une nuance florale \u00e9l\u00e9gante. En bouche, l\u2019expression aromatique s\u2019exprime par une fra\u00eecheur pr\u00e9cise et ma\u00eetris\u00e9e. Complet et raffin\u00e9, il d\u00e9ploie une harmonie parfaite jusqu\u2019\u00e0 une finale longue, pure et persistante.<\/p>\n<p style=\"text-align: center;\"><strong>Accords &amp; moments<\/strong>\u00a0: Id\u00e9al \u00e0 l\u2019ap\u00e9ritif, il s\u2019impose aux c\u00f4t\u00e9s de poissons et crustac\u00e9s. Il r\u00e9v\u00e9lera \u00e9galement la finesse des viandes blanches, grill\u00e9es ou en sauce.<\/p>\n<p style=\"text-align: center;\"><strong>Conseil de sommelier<\/strong> : Servez-le autour de 9\u00b0C dans un verre \u00e0 vin blanc tulipe, afin de concentrer ses ar\u00f4mes et de laisser sa fra\u00eecheur souligner chaque nuance.<\/p>\n<p>&nbsp;<\/p>\n<p style=\"text-align: center;\"><strong>THE ONE ROS\u00c9 2024<\/strong><\/p>\n<p style=\"text-align: center;\">AOP C\u00f4tes de Provence<br \/>\nAB | \u00c9galement disponible en 0,50cl et 1L<\/p>\n<p style=\"text-align: center;\"><strong>Assemblage<\/strong>\u00a0: Grenache 60% | Cinsault 30% | Syrah 10%<\/p>\n<h4 style=\"text-align: center;\"><a href=\"\/?p=2170\"><strong>D\u00e9couvrir notre vin The One Ros\u00e9 2024<\/strong><\/a><\/h4>\n<p style=\"text-align: center;\"><img decoding=\"async\" class=\"wp-image-5081 aligncenter\" src=\"https:\/\/www.closdecaille.com\/wp-content\/uploads\/2025\/08\/128A7396-683x1024.jpg\" alt=\"The One Ros\u00e9\" width=\"230\" height=\"344\" srcset=\"https:\/\/www.closdecaille.com\/wp-content\/uploads\/2025\/08\/128A7396-683x1024.jpg 683w, https:\/\/www.closdecaille.com\/wp-content\/uploads\/2025\/08\/128A7396-200x300.jpg 200w, https:\/\/www.closdecaille.com\/wp-content\/uploads\/2025\/08\/128A7396-768x1151.jpg 768w, https:\/\/www.closdecaille.com\/wp-content\/uploads\/2025\/08\/128A7396-1025x1536.jpg 1025w, https:\/\/www.closdecaille.com\/wp-content\/uploads\/2025\/08\/128A7396-1024x1535.jpg 1024w, https:\/\/www.closdecaille.com\/wp-content\/uploads\/2025\/08\/128A7396-300x450.jpg 300w, https:\/\/www.closdecaille.com\/wp-content\/uploads\/2025\/08\/128A7396.jpg 1281w\" sizes=\"(max-width: 230px) 100vw, 230px\" \/><\/p>\n<p style=\"text-align: center;\"><strong>Notes de d\u00e9gustation<\/strong>\u00a0: Ce ros\u00e9 se distingue par un suppl\u00e9ment de puissance aromatique qui caract\u00e9rise le mill\u00e9sime 2024. Le nez s\u2019ouvre sur un \u00e9clat d\u2019agrumes frais, suivi de nuances de fruits m\u00fbrs et d\u2019une touche \u00e9pic\u00e9e. En bouche, la mati\u00e8re s\u00e9duit par son volume et son intensit\u00e9, offrant un gras, parfaitement contrebalanc\u00e9 par une fra\u00eecheur. La finale s\u2019\u00e9tire avec de d\u00e9licats amers, promesse d\u2019une grande personnalit\u00e9.<\/p>\n<p style=\"text-align: center;\"><strong>Accords &amp; moments<\/strong>\u00a0: Compagnon id\u00e9al des instants conviviaux, il magnifie aussi bien les carpaccios et sashimis de poisson que les mets m\u00e9diterran\u00e9ens aux herbes fra\u00eeches.<\/p>\n<p style=\"text-align: center;\"><strong>Conseil de sommelier<\/strong> : Servez-le entre 9\u00b0C et 10\u00b0C dans un grand verre \u00e0 vin, pour r\u00e9v\u00e9ler la pl\u00e9nitude de ses ar\u00f4mes et laisser sa texture envelopper le palais.<\/p>\n<p style=\"text-align: center;\"><strong>CLOS DE CAILLE ROUGE 2021<\/strong><\/p>\n<p style=\"text-align: center;\">AOP C\u00f4tes de Provence<\/p>\n<p style=\"text-align: center;\"><strong>Assemblage<\/strong>\u00a0: 90% Syrah (25 ans) | 10% Cabernet Sauvignon<\/p>\n<h4 style=\"text-align: center;\"><strong><a href=\"\/?p=2085\">D\u00e9couvrir notre vin Clos de Caille Rouge 2021<\/a><\/strong><\/h4>\n<p>&nbsp;<\/p>\n<p style=\"text-align: center;\"><img decoding=\"async\" class=\"wp-image-5021 aligncenter\" src=\"https:\/\/www.closdecaille.com\/wp-content\/uploads\/2025\/07\/128A7287-683x1024.jpg\" alt=\"Clos de Caille Rouge\" width=\"230\" height=\"345\" srcset=\"https:\/\/www.closdecaille.com\/wp-content\/uploads\/2025\/07\/128A7287-683x1024.jpg 683w, https:\/\/www.closdecaille.com\/wp-content\/uploads\/2025\/07\/128A7287-200x300.jpg 200w, https:\/\/www.closdecaille.com\/wp-content\/uploads\/2025\/07\/128A7287-768x1151.jpg 768w, https:\/\/www.closdecaille.com\/wp-content\/uploads\/2025\/07\/128A7287-1025x1536.jpg 1025w, https:\/\/www.closdecaille.com\/wp-content\/uploads\/2025\/07\/128A7287-1024x1535.jpg 1024w, https:\/\/www.closdecaille.com\/wp-content\/uploads\/2025\/07\/128A7287-300x450.jpg 300w, https:\/\/www.closdecaille.com\/wp-content\/uploads\/2025\/07\/128A7287.jpg 1281w\" sizes=\"(max-width: 230px) 100vw, 230px\" \/><\/p>\n<p style=\"text-align: center;\"><strong>Notes de d\u00e9gustation<\/strong>\u00a0: Nez raffin\u00e9 et complexe, mariant les \u00e9pices douces, les fruits noirs m\u00fbrs et une empreinte bois\u00e9e, signature d\u2019un \u00e9levage long et ma\u00eetris\u00e9.<br \/>\nBouche ample et harmonieuse. La finale, persistante et \u00e9l\u00e9gante, s\u2019ouvre sur des notes \u00e9pic\u00e9es et l\u00e9g\u00e8rement r\u00e9gliss\u00e9es.<\/p>\n<p style=\"text-align: center;\"><strong>Accords mets &amp; moments<\/strong> : Id\u00e9al avec un filet de b\u0153uf aux morilles, un agneau r\u00f4ti aux herbes de Provence, ou encore un risotto cr\u00e9meux aux c\u00e8pes. Sublime \u00e9galement avec un plateau de fromages affin\u00e9s \u00e0 p\u00e2te dure comme le Comt\u00e9 ou le beaufort.<\/p>\n<p style=\"text-align: center;\"><strong>Conseil de sommelier<\/strong> : Servez entre 16\u00b0C et 18\u00b0C, apr\u00e8s une a\u00e9ration d\u2019une trentaine de minutes, pour r\u00e9v\u00e9ler la profondeur aromatique et sa texture.<\/p>\n<p>&nbsp;<\/p>\n<p style=\"text-align: center;\"><em>\u00ab Dans notre qu\u00eate d\u2019Excellence, la temp\u00e9rature de service n\u2019est pas un simple chiffre, un \u00e9l\u00e9ment technique, c\u2019est la cl\u00e9 qui r\u00e9v\u00e8le toute la complexit\u00e9 aromatique et la texture d\u2019un vin. Un degr\u00e9 de trop ou de moins, et l\u2019\u00e9motion s\u2019att\u00e9nue. Au Clos de Caille, nous cherchons \u00e0 offrir cette pr\u00e9cision absolue, pour que chaque verre r\u00e9v\u00e8le notre savoir-faire dans toute sa justesse.\u00bb<br \/>\n\u2014 Mathieu Mariotti<\/em><\/p>\n<blockquote>\n<p style=\"text-align: center;\">\n<\/blockquote>\n<h4 style=\"text-align: center;\"><a href=\"https:\/\/www.closdecaille.com\/e-boutique\/\">D\u00c9COUVRIR NOS VINS HAUTE COUTURE DE PROVENCE<\/a><\/h4>\n<p style=\"text-align: center;\"><em>Les frais de port sont offerts \u00e0 partir de 100 \u20ac d&rsquo;achat en France et \u00e0 Monaco.<br \/>\nLivraison sous 3 jours ouvr\u00e9s dans un emballage s\u00e9curis\u00e9 et renforc\u00e9.<\/em><\/p>\n<p>&nbsp;<\/p>\n<p style=\"text-align: center;\">_______________________________<\/p>\n<h2 style=\"text-align: center;\"><strong> \ud83d\uddde\ufe0f LE JOURNAL DU CLOS <\/strong><strong>\ud83d\uddde\ufe0f<\/strong><\/h2>\n<h3 style=\"text-align: center;\"><em><strong>Les vendanges du Clos de Caille : quand la Nature livre ses tr\u00e9sors<\/strong><br \/>\n<\/em><\/h3>\n<p style=\"text-align: center;\"><img loading=\"lazy\" decoding=\"async\" class=\" wp-image-5083 aligncenter\" src=\"https:\/\/www.closdecaille.com\/wp-content\/uploads\/2025\/08\/Capture-decran-2024-10-11-081928-1024x491.png\" alt=\"Vendanges 2025\" width=\"417\" height=\"200\" srcset=\"https:\/\/www.closdecaille.com\/wp-content\/uploads\/2025\/08\/Capture-decran-2024-10-11-081928-1024x491.png 1024w, https:\/\/www.closdecaille.com\/wp-content\/uploads\/2025\/08\/Capture-decran-2024-10-11-081928-300x144.png 300w, https:\/\/www.closdecaille.com\/wp-content\/uploads\/2025\/08\/Capture-decran-2024-10-11-081928-768x368.png 768w, https:\/\/www.closdecaille.com\/wp-content\/uploads\/2025\/08\/Capture-decran-2024-10-11-081928-1536x736.png 1536w, https:\/\/www.closdecaille.com\/wp-content\/uploads\/2025\/08\/Capture-decran-2024-10-11-081928.png 1828w\" sizes=\"(max-width: 417px) 100vw, 417px\" \/><\/p>\n<p style=\"text-align: center;\"><em>L\u2019automne approche et avec lui, l\u2019effervescence des vendanges commence au Clos de Caille. Nous nous appr\u00eatons \u00e0 r\u00e9colter les premi\u00e8res parcelles, en respectant le rythme de la nature.<\/em><\/p>\n<p style=\"text-align: center;\"><em>C\u2019est un moment toujours particulier au Domaine : la vigne offre ses fruits apr\u00e8s une ann\u00e9e de soin et d\u2019attention. L\u2019ensemble de notre \u00e9quipe, sous la direction de G\u00e9rald Abbou et la Direction Technique de Matthieu Cosse, est pleinement mobilis\u00e9 pour que ce mill\u00e9sime refl\u00e8te toute l\u2019expertise et le soin apport\u00e9s au Clos de Caille.<\/em><\/p>\n<p style=\"text-align: center;\"><em>Nous avons h\u00e2te de partager avec vous cette nouvelle r\u00e9colte, qui promet d\u00e9j\u00e0 de r\u00e9v\u00e9ler sa plus belle expression.<\/em><\/p>\n<p style=\"text-align: center;\">&#8211;<\/p>\n<h3 style=\"text-align: center;\"><strong>VOTRE RENDEZ-VOUS PERSONNEL<\/strong><\/h3>\n<p style=\"text-align: center;\">Parce que nous nous engageons \u00e0 offrir \u00e0 nos clients une exp\u00e9rience unique, nous vous invitons \u00e0 prendre rendez-vous avec l&rsquo;un de nos ambassadeurs, qui se fera un plaisir de r\u00e9pondre \u00e0 toutes vos questions et de discuter des conditions de distribution.<\/p>\n<h4 style=\"text-align: center;\"><a href=\"mailto:info@closdecaille.com\">Contactez notre Service Clients<\/a><\/h4>\n","protected":false},"excerpt":{"rendered":"<p>Le Go\u00fbt de l\u2019Excellence, jusqu\u2019au degr\u00e9 pr\u00e8s Parce qu\u2019un grand vin se d\u00e9guste dans les r\u00e8gles de l\u2019art, parfois, un seul degr\u00e9 de diff\u00e9rence suffit \u00e0 transformer l\u2019exp\u00e9rience de d\u00e9gustation. Au Clos de Caille, nous croyons que l\u2019Excellence ne se mesure pas seulement dans le verre, mais aussi dans la mani\u00e8re de le servir. LE [&hellip;]<\/p>\n","protected":false},"author":10,"featured_media":5083,"comment_status":"closed","ping_status":"closed","sticky":false,"template":"","format":"standard","meta":{"_acf_changed":false,"_mo_disable_npp":"","footnotes":""},"categories":[324],"tags":[219,190,222,130],"class_list":["post-5080","post","type-post","status-publish","format-standard","has-post-thumbnail","hentry","category-art-de-vivre","tag-clos-de-caille-blanc","tag-clos-de-caille-rouge","tag-the-one-rose","tag-vendanges"],"acf":[],"yoast_head":"<!-- This site is optimized with the Yoast SEO plugin v27.0 - https:\/\/yoast.com\/product\/yoast-seo-wordpress\/ -->\n<title>Servir le vin \u00e0 la temp\u00e9rature parfaite : l\u2019atout qui change tout - Clos de Caille<\/title>\n<meta name=\"description\" content=\"Ma\u00eetrisez la temp\u00e9rature de service de vos vins et r\u00e9v\u00e9lez toute leur \u00e9l\u00e9gance. Nos recommandations pour une d\u00e9gustation Haute Couture sign\u00e9e Clos de Caille.\" \/>\n<meta name=\"robots\" content=\"index, follow, max-snippet:-1, max-image-preview:large, max-video-preview:-1\" \/>\n<link rel=\"canonical\" href=\"https:\/\/www.closdecaille.com\/en\/servir-le-vin-a-la-temperature-parfaite\/\" \/>\n<meta property=\"og:locale\" content=\"en_GB\" \/>\n<meta property=\"og:type\" content=\"article\" \/>\n<meta property=\"og:title\" content=\"Servir le vin \u00e0 la temp\u00e9rature parfaite : l\u2019atout qui change tout - Clos de Caille\" \/>\n<meta property=\"og:description\" content=\"Ma\u00eetrisez la temp\u00e9rature de service de vos vins et r\u00e9v\u00e9lez toute leur \u00e9l\u00e9gance. Nos recommandations pour une d\u00e9gustation Haute Couture sign\u00e9e Clos de Caille.\" \/>\n<meta property=\"og:url\" content=\"https:\/\/www.closdecaille.com\/en\/servir-le-vin-a-la-temperature-parfaite\/\" \/>\n<meta property=\"og:site_name\" content=\"Clos de Caille\" \/>\n<meta property=\"article:published_time\" content=\"2025-08-25T15:10:51+00:00\" \/>\n<meta property=\"article:modified_time\" content=\"2025-12-09T08:29:17+00:00\" \/>\n<meta property=\"og:image\" content=\"https:\/\/www.closdecaille.com\/wp-content\/uploads\/2025\/08\/Capture-decran-2024-10-11-081928-1024x491.png\" \/>\n\t<meta property=\"og:image:width\" content=\"1024\" \/>\n\t<meta property=\"og:image:height\" content=\"491\" \/>\n\t<meta property=\"og:image:type\" content=\"image\/png\" \/>\n<meta name=\"author\" content=\"Julie Fleisch\" \/>\n<meta name=\"twitter:label1\" content=\"Written by\" \/>\n\t<meta name=\"twitter:data1\" content=\"Julie Fleisch\" \/>\n\t<meta name=\"twitter:label2\" content=\"Estimated reading time\" \/>\n\t<meta name=\"twitter:data2\" content=\"6 minutes\" \/>\n<script type=\"application\/ld+json\" class=\"yoast-schema-graph\">{\"@context\":\"https:\/\/schema.org\",\"@graph\":[{\"@type\":\"Article\",\"@id\":\"https:\/\/www.closdecaille.com\/servir-le-vin-a-la-temperature-parfaite\/#article\",\"isPartOf\":{\"@id\":\"https:\/\/www.closdecaille.com\/servir-le-vin-a-la-temperature-parfaite\/\"},\"author\":{\"name\":\"Julie Fleisch\",\"@id\":\"https:\/\/www.closdecaille.com\/#\/schema\/person\/183ec33b0abe209accdd35f1ba15b586\"},\"headline\":\"Servir le vin \u00e0 la temp\u00e9rature parfaite : l\u2019atout qui change tout\",\"datePublished\":\"2025-08-25T15:10:51+00:00\",\"dateModified\":\"2025-12-09T08:29:17+00:00\",\"mainEntityOfPage\":{\"@id\":\"https:\/\/www.closdecaille.com\/servir-le-vin-a-la-temperature-parfaite\/\"},\"wordCount\":1034,\"publisher\":{\"@id\":\"https:\/\/www.closdecaille.com\/#organization\"},\"image\":{\"@id\":\"https:\/\/www.closdecaille.com\/servir-le-vin-a-la-temperature-parfaite\/#primaryimage\"},\"thumbnailUrl\":\"https:\/\/www.closdecaille.com\/wp-content\/uploads\/2025\/08\/Capture-decran-2024-10-11-081928.png\",\"keywords\":[\"Clos de Caille blanc\",\"Clos de Caille rouge\",\"The One Ros\u00e9\",\"vendanges\"],\"articleSection\":[\"Art de vivre\"],\"inLanguage\":\"en-GB\"},{\"@type\":\"WebPage\",\"@id\":\"https:\/\/www.closdecaille.com\/servir-le-vin-a-la-temperature-parfaite\/\",\"url\":\"https:\/\/www.closdecaille.com\/servir-le-vin-a-la-temperature-parfaite\/\",\"name\":\"Servir le vin \u00e0 la temp\u00e9rature parfaite : l\u2019atout qui change tout - Clos de Caille\",\"isPartOf\":{\"@id\":\"https:\/\/www.closdecaille.com\/#website\"},\"primaryImageOfPage\":{\"@id\":\"https:\/\/www.closdecaille.com\/servir-le-vin-a-la-temperature-parfaite\/#primaryimage\"},\"image\":{\"@id\":\"https:\/\/www.closdecaille.com\/servir-le-vin-a-la-temperature-parfaite\/#primaryimage\"},\"thumbnailUrl\":\"https:\/\/www.closdecaille.com\/wp-content\/uploads\/2025\/08\/Capture-decran-2024-10-11-081928.png\",\"datePublished\":\"2025-08-25T15:10:51+00:00\",\"dateModified\":\"2025-12-09T08:29:17+00:00\",\"description\":\"Ma\u00eetrisez la temp\u00e9rature de service de vos vins et r\u00e9v\u00e9lez toute leur \u00e9l\u00e9gance. Nos recommandations pour une d\u00e9gustation Haute Couture sign\u00e9e Clos de Caille.\",\"breadcrumb\":{\"@id\":\"https:\/\/www.closdecaille.com\/servir-le-vin-a-la-temperature-parfaite\/#breadcrumb\"},\"inLanguage\":\"en-GB\",\"potentialAction\":[{\"@type\":\"ReadAction\",\"target\":[\"https:\/\/www.closdecaille.com\/servir-le-vin-a-la-temperature-parfaite\/\"]}]},{\"@type\":\"ImageObject\",\"inLanguage\":\"en-GB\",\"@id\":\"https:\/\/www.closdecaille.com\/servir-le-vin-a-la-temperature-parfaite\/#primaryimage\",\"url\":\"https:\/\/www.closdecaille.com\/wp-content\/uploads\/2025\/08\/Capture-decran-2024-10-11-081928.png\",\"contentUrl\":\"https:\/\/www.closdecaille.com\/wp-content\/uploads\/2025\/08\/Capture-decran-2024-10-11-081928.png\",\"width\":1828,\"height\":876,\"caption\":\"Vendanges 2025\"},{\"@type\":\"BreadcrumbList\",\"@id\":\"https:\/\/www.closdecaille.com\/servir-le-vin-a-la-temperature-parfaite\/#breadcrumb\",\"itemListElement\":[{\"@type\":\"ListItem\",\"position\":1,\"name\":\"Art de vivre\",\"item\":\"https:\/\/www.closdecaille.com\/category\/art-de-vivre\/\"},{\"@type\":\"ListItem\",\"position\":2,\"name\":\"Servir le vin \u00e0 la temp\u00e9rature parfaite : l\u2019atout qui change tout\"}]},{\"@type\":\"WebSite\",\"@id\":\"https:\/\/www.closdecaille.com\/#website\",\"url\":\"https:\/\/www.closdecaille.com\/\",\"name\":\"Clos de Caille\",\"description\":\"Vins AOP C\u00f4tes de Provence\",\"publisher\":{\"@id\":\"https:\/\/www.closdecaille.com\/#organization\"},\"potentialAction\":[{\"@type\":\"SearchAction\",\"target\":{\"@type\":\"EntryPoint\",\"urlTemplate\":\"https:\/\/www.closdecaille.com\/?s={search_term_string}\"},\"query-input\":{\"@type\":\"PropertyValueSpecification\",\"valueRequired\":true,\"valueName\":\"search_term_string\"}}],\"inLanguage\":\"en-GB\"},{\"@type\":\"Organization\",\"@id\":\"https:\/\/www.closdecaille.com\/#organization\",\"name\":\"Clos de Caille\",\"url\":\"https:\/\/www.closdecaille.com\/\",\"logo\":{\"@type\":\"ImageObject\",\"inLanguage\":\"en-GB\",\"@id\":\"https:\/\/www.closdecaille.com\/#\/schema\/logo\/image\/\",\"url\":\"https:\/\/www.closdecaille.com\/wp-content\/uploads\/2023\/07\/favicon-2023.png\",\"contentUrl\":\"https:\/\/www.closdecaille.com\/wp-content\/uploads\/2023\/07\/favicon-2023.png\",\"width\":600,\"height\":600,\"caption\":\"Clos de Caille\"},\"image\":{\"@id\":\"https:\/\/www.closdecaille.com\/#\/schema\/logo\/image\/\"}},{\"@type\":\"Person\",\"@id\":\"https:\/\/www.closdecaille.com\/#\/schema\/person\/183ec33b0abe209accdd35f1ba15b586\",\"name\":\"Julie Fleisch\",\"image\":{\"@type\":\"ImageObject\",\"inLanguage\":\"en-GB\",\"@id\":\"https:\/\/www.closdecaille.com\/#\/schema\/person\/image\/\",\"url\":\"https:\/\/secure.gravatar.com\/avatar\/bffc10faa760f5f1f08f454e79e3342f047898af28fb87e9eec6b7842f516e2a?s=96&d=mm&r=g\",\"contentUrl\":\"https:\/\/secure.gravatar.com\/avatar\/bffc10faa760f5f1f08f454e79e3342f047898af28fb87e9eec6b7842f516e2a?s=96&d=mm&r=g\",\"caption\":\"Julie Fleisch\"}}]}<\/script>\n<!-- \/ Yoast SEO plugin. -->","yoast_head_json":{"title":"Serving wine at the perfect temperature: the game-changing advantage - Clos de Caille","description":"Control the serving temperature of your wines and reveal their full elegance. Our recommendations for a Haute Couture tasting experience by Clos de Caille.","robots":{"index":"index","follow":"follow","max-snippet":"max-snippet:-1","max-image-preview":"max-image-preview:large","max-video-preview":"max-video-preview:-1"},"canonical":"https:\/\/www.closdecaille.com\/en\/servir-le-vin-a-la-temperature-parfaite\/","og_locale":"en_GB","og_type":"article","og_title":"Servir le vin \u00e0 la temp\u00e9rature parfaite : l\u2019atout qui change tout - Clos de Caille","og_description":"Ma\u00eetrisez la temp\u00e9rature de service de vos vins et r\u00e9v\u00e9lez toute leur \u00e9l\u00e9gance. Nos recommandations pour une d\u00e9gustation Haute Couture sign\u00e9e Clos de Caille.","og_url":"https:\/\/www.closdecaille.com\/en\/servir-le-vin-a-la-temperature-parfaite\/","og_site_name":"Clos de Caille","article_published_time":"2025-08-25T15:10:51+00:00","article_modified_time":"2025-12-09T08:29:17+00:00","og_image":[{"width":1024,"height":491,"url":"https:\/\/www.closdecaille.com\/wp-content\/uploads\/2025\/08\/Capture-decran-2024-10-11-081928-1024x491.png","type":"image\/png"}],"author":"Julie Fleisch","twitter_misc":{"Written by":"Julie Fleisch","Estimated reading time":"6 minutes"},"schema":{"@context":"https:\/\/schema.org","@graph":[{"@type":"Article","@id":"https:\/\/www.closdecaille.com\/servir-le-vin-a-la-temperature-parfaite\/#article","isPartOf":{"@id":"https:\/\/www.closdecaille.com\/servir-le-vin-a-la-temperature-parfaite\/"},"author":{"name":"Julie Fleisch","@id":"https:\/\/www.closdecaille.com\/#\/schema\/person\/183ec33b0abe209accdd35f1ba15b586"},"headline":"Servir le vin \u00e0 la temp\u00e9rature parfaite : l\u2019atout qui change tout","datePublished":"2025-08-25T15:10:51+00:00","dateModified":"2025-12-09T08:29:17+00:00","mainEntityOfPage":{"@id":"https:\/\/www.closdecaille.com\/servir-le-vin-a-la-temperature-parfaite\/"},"wordCount":1034,"publisher":{"@id":"https:\/\/www.closdecaille.com\/#organization"},"image":{"@id":"https:\/\/www.closdecaille.com\/servir-le-vin-a-la-temperature-parfaite\/#primaryimage"},"thumbnailUrl":"https:\/\/www.closdecaille.com\/wp-content\/uploads\/2025\/08\/Capture-decran-2024-10-11-081928.png","keywords":["Clos de Caille blanc","Clos de Caille rouge","The One Ros\u00e9","vendanges"],"articleSection":["Art de vivre"],"inLanguage":"en-GB"},{"@type":"WebPage","@id":"https:\/\/www.closdecaille.com\/servir-le-vin-a-la-temperature-parfaite\/","url":"https:\/\/www.closdecaille.com\/servir-le-vin-a-la-temperature-parfaite\/","name":"Serving wine at the perfect temperature: the game-changing advantage - Clos de Caille","isPartOf":{"@id":"https:\/\/www.closdecaille.com\/#website"},"primaryImageOfPage":{"@id":"https:\/\/www.closdecaille.com\/servir-le-vin-a-la-temperature-parfaite\/#primaryimage"},"image":{"@id":"https:\/\/www.closdecaille.com\/servir-le-vin-a-la-temperature-parfaite\/#primaryimage"},"thumbnailUrl":"https:\/\/www.closdecaille.com\/wp-content\/uploads\/2025\/08\/Capture-decran-2024-10-11-081928.png","datePublished":"2025-08-25T15:10:51+00:00","dateModified":"2025-12-09T08:29:17+00:00","description":"Control the serving temperature of your wines and reveal their full elegance. Our recommendations for a Haute Couture tasting experience by Clos de Caille.","breadcrumb":{"@id":"https:\/\/www.closdecaille.com\/servir-le-vin-a-la-temperature-parfaite\/#breadcrumb"},"inLanguage":"en-GB","potentialAction":[{"@type":"ReadAction","target":["https:\/\/www.closdecaille.com\/servir-le-vin-a-la-temperature-parfaite\/"]}]},{"@type":"ImageObject","inLanguage":"en-GB","@id":"https:\/\/www.closdecaille.com\/servir-le-vin-a-la-temperature-parfaite\/#primaryimage","url":"https:\/\/www.closdecaille.com\/wp-content\/uploads\/2025\/08\/Capture-decran-2024-10-11-081928.png","contentUrl":"https:\/\/www.closdecaille.com\/wp-content\/uploads\/2025\/08\/Capture-decran-2024-10-11-081928.png","width":1828,"height":876,"caption":"Vendanges 2025"},{"@type":"BreadcrumbList","@id":"https:\/\/www.closdecaille.com\/servir-le-vin-a-la-temperature-parfaite\/#breadcrumb","itemListElement":[{"@type":"ListItem","position":1,"name":"Art de vivre","item":"https:\/\/www.closdecaille.com\/category\/art-de-vivre\/"},{"@type":"ListItem","position":2,"name":"Servir le vin \u00e0 la temp\u00e9rature parfaite : l\u2019atout qui change tout"}]},{"@type":"WebSite","@id":"https:\/\/www.closdecaille.com\/#website","url":"https:\/\/www.closdecaille.com\/","name":"Clos de Caille","description":"C\u00f4tes de Provence AOP wines","publisher":{"@id":"https:\/\/www.closdecaille.com\/#organization"},"potentialAction":[{"@type":"SearchAction","target":{"@type":"EntryPoint","urlTemplate":"https:\/\/www.closdecaille.com\/?s={search_term_string}"},"query-input":{"@type":"PropertyValueSpecification","valueRequired":true,"valueName":"search_term_string"}}],"inLanguage":"en-GB"},{"@type":"Organization","@id":"https:\/\/www.closdecaille.com\/#organization","name":"Clos de Caille","url":"https:\/\/www.closdecaille.com\/","logo":{"@type":"ImageObject","inLanguage":"en-GB","@id":"https:\/\/www.closdecaille.com\/#\/schema\/logo\/image\/","url":"https:\/\/www.closdecaille.com\/wp-content\/uploads\/2023\/07\/favicon-2023.png","contentUrl":"https:\/\/www.closdecaille.com\/wp-content\/uploads\/2023\/07\/favicon-2023.png","width":600,"height":600,"caption":"Clos de Caille"},"image":{"@id":"https:\/\/www.closdecaille.com\/#\/schema\/logo\/image\/"}},{"@type":"Person","@id":"https:\/\/www.closdecaille.com\/#\/schema\/person\/183ec33b0abe209accdd35f1ba15b586","name":"Julie Fleisch","image":{"@type":"ImageObject","inLanguage":"en-GB","@id":"https:\/\/www.closdecaille.com\/#\/schema\/person\/image\/","url":"https:\/\/secure.gravatar.com\/avatar\/bffc10faa760f5f1f08f454e79e3342f047898af28fb87e9eec6b7842f516e2a?s=96&d=mm&r=g","contentUrl":"https:\/\/secure.gravatar.com\/avatar\/bffc10faa760f5f1f08f454e79e3342f047898af28fb87e9eec6b7842f516e2a?s=96&d=mm&r=g","caption":"Julie Fleisch"}}]}},"_links":{"self":[{"href":"https:\/\/www.closdecaille.com\/en\/wp-json\/wp\/v2\/posts\/5080","targetHints":{"allow":["GET"]}}],"collection":[{"href":"https:\/\/www.closdecaille.com\/en\/wp-json\/wp\/v2\/posts"}],"about":[{"href":"https:\/\/www.closdecaille.com\/en\/wp-json\/wp\/v2\/types\/post"}],"author":[{"embeddable":true,"href":"https:\/\/www.closdecaille.com\/en\/wp-json\/wp\/v2\/users\/10"}],"replies":[{"embeddable":true,"href":"https:\/\/www.closdecaille.com\/en\/wp-json\/wp\/v2\/comments?post=5080"}],"version-history":[{"count":5,"href":"https:\/\/www.closdecaille.com\/en\/wp-json\/wp\/v2\/posts\/5080\/revisions"}],"predecessor-version":[{"id":5266,"href":"https:\/\/www.closdecaille.com\/en\/wp-json\/wp\/v2\/posts\/5080\/revisions\/5266"}],"wp:featuredmedia":[{"embeddable":true,"href":"https:\/\/www.closdecaille.com\/en\/wp-json\/wp\/v2\/media\/5083"}],"wp:attachment":[{"href":"https:\/\/www.closdecaille.com\/en\/wp-json\/wp\/v2\/media?parent=5080"}],"wp:term":[{"taxonomy":"category","embeddable":true,"href":"https:\/\/www.closdecaille.com\/en\/wp-json\/wp\/v2\/categories?post=5080"},{"taxonomy":"post_tag","embeddable":true,"href":"https:\/\/www.closdecaille.com\/en\/wp-json\/wp\/v2\/tags?post=5080"}],"curies":[{"name":"wp","href":"https:\/\/api.w.org\/{rel}","templated":true}]}}