{"id":4863,"date":"2025-07-01T14:24:30","date_gmt":"2025-07-01T12:24:30","guid":{"rendered":"https:\/\/www.closdecaille.com\/?p=4863"},"modified":"2025-12-09T09:29:17","modified_gmt":"2025-12-09T08:29:17","slug":"la-saison-des-mariages","status":"publish","type":"post","link":"https:\/\/www.closdecaille.com\/en\/la-saison-des-mariages\/","title":{"rendered":"Wedding season is here!"},"content":{"rendered":"<p style=\"text-align: center;\"><strong>Clos de Caille, the guest of honour at your reception<\/strong><\/p>\n<p style=\"text-align: center;\">Every wine from Clos de Caille tells a story... your story.<\/p>\n<p>Our wines <strong>AOP C\u00f4tes de Provence<\/strong>, certified organic since the 2024 vintage, reflect a terroir, a <strong>winemaking expertise<\/strong> and shared emotions \u2014 a taste experience to savour with your partner or surrounded by your loved ones, to prolong the magic of special moments.<\/p>\n<h1 style=\"text-align: center;\"><strong>CLOS DE CAILLE, THE GUEST OF HONOUR AT YOUR RECEPTIONS<\/strong><\/h1>\n<p style=\"text-align: center;\"><img fetchpriority=\"high\" decoding=\"async\" class=\"wp-image-4912 aligncenter\" src=\"https:\/\/www.closdecaille.com\/wp-content\/uploads\/2025\/07\/SAMPI_CLOS-DE-CAILLE_ANIMATION-PRODUITS-598x1024.gif\" alt=\"S\u00e9lection pour les r\u00e9ceptions vins de Provence\" width=\"283\" height=\"485\" srcset=\"https:\/\/www.closdecaille.com\/wp-content\/uploads\/2025\/07\/SAMPI_CLOS-DE-CAILLE_ANIMATION-PRODUITS-598x1024.gif 598w, https:\/\/www.closdecaille.com\/wp-content\/uploads\/2025\/07\/SAMPI_CLOS-DE-CAILLE_ANIMATION-PRODUITS-175x300.gif 175w, https:\/\/www.closdecaille.com\/wp-content\/uploads\/2025\/07\/SAMPI_CLOS-DE-CAILLE_ANIMATION-PRODUITS-768x1316.gif 768w, https:\/\/www.closdecaille.com\/wp-content\/uploads\/2025\/07\/SAMPI_CLOS-DE-CAILLE_ANIMATION-PRODUITS-897x1536.gif 897w, https:\/\/www.closdecaille.com\/wp-content\/uploads\/2025\/07\/SAMPI_CLOS-DE-CAILLE_ANIMATION-PRODUITS-1024x1754.gif 1024w, https:\/\/www.closdecaille.com\/wp-content\/uploads\/2025\/07\/SAMPI_CLOS-DE-CAILLE_ANIMATION-PRODUITS-300x514.gif 300w\" sizes=\"(max-width: 283px) 100vw, 283px\" \/><\/p>\n<h2 style=\"text-align: center;\"><strong>A MARRIAGE OF FLAVOURS AND ELEGANCE TO ACCOMPANY EVERY MOMENT OF YOUR SPECIAL DAY<\/strong><\/h2>\n<p style=\"text-align: center;\"><strong>CLOS DE CAILLE<\/strong><\/p>\n<p style=\"text-align: center;\"><img decoding=\"async\" class=\"wp-image-4866 aligncenter\" src=\"https:\/\/www.closdecaille.com\/wp-content\/uploads\/2025\/06\/128A7003-683x1024.jpg\" alt=\"Gamme Clos de Caille\" width=\"243\" height=\"365\" srcset=\"https:\/\/www.closdecaille.com\/wp-content\/uploads\/2025\/06\/128A7003-683x1024.jpg 683w, https:\/\/www.closdecaille.com\/wp-content\/uploads\/2025\/06\/128A7003-200x300.jpg 200w, https:\/\/www.closdecaille.com\/wp-content\/uploads\/2025\/06\/128A7003-768x1151.jpg 768w, https:\/\/www.closdecaille.com\/wp-content\/uploads\/2025\/06\/128A7003-1025x1536.jpg 1025w, https:\/\/www.closdecaille.com\/wp-content\/uploads\/2025\/06\/128A7003-1024x1535.jpg 1024w, https:\/\/www.closdecaille.com\/wp-content\/uploads\/2025\/06\/128A7003-300x450.jpg 300w, https:\/\/www.closdecaille.com\/wp-content\/uploads\/2025\/06\/128A7003.jpg 1281w\" sizes=\"(max-width: 243px) 100vw, 243px\" \/><\/p>\n<p style=\"text-align: center;\">Signature of the Estate, our Clos de Caille vintages \u2014 <strong>ros\u00e9, white and red<\/strong> \u2014 are the perfect companions for a wedding marked by authenticity and passion.<\/p>\n<p style=\"text-align: center;\"><strong>Clos de Caille<\/strong> <strong>red 2021<\/strong>, With its complex nose of spices and black fruits, it is a delicate choice for dinner, pairing well with roast meats or sophisticated vegetarian dishes.<br \/>\n<strong>Clos de Caille white 2024<\/strong>, Bright and beautifully refreshing, it is the natural choice for a reception on the terrace. Served chilled, it charms with its liveliness and enhances refined appetisers made with seafood, fresh goat's cheese or crunchy vegetables.<br \/>\nOur <strong>ros\u00e9 2024<\/strong>, Fresh and fruity, it is the perfect accompaniment to your welcome cocktail \u2014 a true nod to the light and gentle way of life in Provence.<\/p>\n<h4 style=\"text-align: center;\"><a href=\"https:\/\/www.closdecaille.com\/en\/e-boutique\/\">Discover Clos de Caille<\/a><\/h4>\n<p>&nbsp;<\/p>\n<p style=\"text-align: center;\"><strong>CLOS DE CAILLE \u2013 T\u00eates de Cuv\u00e9e<\/strong><\/p>\n<p style=\"text-align: center;\"><img decoding=\"async\" class=\"wp-image-4868 aligncenter\" src=\"https:\/\/www.closdecaille.com\/wp-content\/uploads\/2025\/06\/128A7179-683x1024.jpg\" alt=\"Gamme Clos de Caille T\u00eates de Cuv\u00e9e\" width=\"243\" height=\"365\" srcset=\"https:\/\/www.closdecaille.com\/wp-content\/uploads\/2025\/06\/128A7179-683x1024.jpg 683w, https:\/\/www.closdecaille.com\/wp-content\/uploads\/2025\/06\/128A7179-200x300.jpg 200w, https:\/\/www.closdecaille.com\/wp-content\/uploads\/2025\/06\/128A7179-768x1151.jpg 768w, https:\/\/www.closdecaille.com\/wp-content\/uploads\/2025\/06\/128A7179-1025x1536.jpg 1025w, https:\/\/www.closdecaille.com\/wp-content\/uploads\/2025\/06\/128A7179-1024x1535.jpg 1024w, https:\/\/www.closdecaille.com\/wp-content\/uploads\/2025\/06\/128A7179-300x450.jpg 300w, https:\/\/www.closdecaille.com\/wp-content\/uploads\/2025\/06\/128A7179.jpg 1281w\" sizes=\"(max-width: 243px) 100vw, 243px\" \/><\/p>\n<p style=\"text-align: center;\">Designed for special occasions and truly reflecting our high standards, our T\u00eates de Cuv\u00e9e \u2014 <strong>available in three colours<\/strong> \u2014 embody the most accomplished expression of our expertise. They elegantly reveal all the uniqueness of our terroir.<\/p>\n<p style=\"text-align: center;\"><strong>Clos de Caille \u2018Patrius\u2019 2021<\/strong>, Powerful and soulful, it reaches its peak with the main course: refined, authentic cuisine designed to honour the moment and bring out all the flavours. It also pairs well with mature cheese, paying homage to the great traditions of French cuisine.<br \/>\nGrand Blanc de Provence, <strong>Clos de Caille \u2018Lucis\u2019 2023<\/strong>, intense and complex, is perfect for enhancing your wedding dinner, particularly with truffled poultry, morel mushroom risotto or roasted langoustines.<br \/>\n<strong>Clos de Caille \u2018Clarisse\u2019 2024<\/strong>, Our ros\u00e9, which is ideal for ageing, reveals its full depth during a dinner with summery notes, in a small group by the water or under the olive trees.<\/p>\n<h4 style=\"text-align: center;\"><a href=\"https:\/\/www.closdecaille.com\/en\/e-boutique\/\">Discover our T\u00eates de Cuv\u00e9e<\/a><\/h4>\n<p style=\"text-align: center;\"><strong>THE ONE<\/strong><\/p>\n<p><img loading=\"lazy\" decoding=\"async\" class=\"wp-image-4870 aligncenter\" style=\"text-align: center;\" src=\"https:\/\/www.closdecaille.com\/wp-content\/uploads\/2025\/06\/128A7040-683x1024.jpg\" alt=\"Gamme The One\" width=\"243\" height=\"364\" srcset=\"https:\/\/www.closdecaille.com\/wp-content\/uploads\/2025\/06\/128A7040-683x1024.jpg 683w, https:\/\/www.closdecaille.com\/wp-content\/uploads\/2025\/06\/128A7040-200x300.jpg 200w, https:\/\/www.closdecaille.com\/wp-content\/uploads\/2025\/06\/128A7040-768x1151.jpg 768w, https:\/\/www.closdecaille.com\/wp-content\/uploads\/2025\/06\/128A7040-1025x1536.jpg 1025w, https:\/\/www.closdecaille.com\/wp-content\/uploads\/2025\/06\/128A7040-1024x1535.jpg 1024w, https:\/\/www.closdecaille.com\/wp-content\/uploads\/2025\/06\/128A7040-300x450.jpg 300w, https:\/\/www.closdecaille.com\/wp-content\/uploads\/2025\/06\/128A7040.jpg 1281w\" sizes=\"(max-width: 243px) 100vw, 243px\" \/><\/p>\n<p style=\"text-align: center;\">Available in 0.50L and 1L formats, <strong>The One<\/strong> is ideal for a simple celebration without compromising on taste. <strong>White or ros\u00e9<\/strong>, It is the perfect accompaniment to brunch the day after the ceremony, a long aperitif in the sunshine or a romantic tasting session after the festivities. Its size and conviviality make it the ideal companion for large, relaxed festive gatherings \u2014 an invitation to prolong the pleasure until the first light of day or to savour a more intimate moment for two.<\/p>\n<p>The delicate white wine seduces with its aromatic purity and crystalline freshness, while the lively and vibrant ros\u00e9 prolongs the festive spirit.<\/p>\n<h4 style=\"text-align: center;\"><a href=\"\/en\/?p=2187\">Discover The One<\/a><\/h4>\n<p>&nbsp;<\/p>\n<blockquote><p><em>\u00abIt all starts with a connection: that of the heart, the land, and a passionate family. It is with emotion and humility that we see our Clos de Caille wines become part of your most precious memories. Celebrating love, heritage, and tradition alongside you gives meaning to our commitment.\u00bb \u2013 Mathieu Mariotti<\/em><\/p>\n<p>&nbsp;<\/p><\/blockquote>\n<h4 style=\"text-align: center;\"><strong>Say \u00abyes\u00bb to the Taste of Excellence<\/strong><\/h4>\n<h4 style=\"text-align: center;\"><a href=\"https:\/\/www.closdecaille.com\/en\/e-boutique\/\">DISCOVER OUR HAUTE COUTURE WINES FROM PROVENCE<\/a><\/h4>\n<p style=\"text-align: center;\"><em>Shipping is free for purchases over \u20ac100 in France and Monaco.<br \/>\nDelivery within 3 working days in secure, reinforced packaging.<\/em><\/p>\n<p style=\"text-align: center;\">Fruits from a vineyard cultivated in<strong> mass selection <\/strong>and a <strong>single vineyard vinification<\/strong>, Our wines are a tribute to our terroir, a promise of authenticity for all lovers of fine wines, making each one a sumptuous source of refinement and emotion.<\/p>\n<p>&nbsp;<\/p>\n<p style=\"text-align: center;\">_______________________________<\/p>\n<h2 style=\"text-align: center;\"><strong>THE CLOS JOURNAL<\/strong><\/h2>\n<h3 style=\"text-align: center;\"><em><strong>Wine &amp; Wealth x Clos de Caille<\/strong><\/em><\/h3>\n<p style=\"text-align: center;\">A look back at an exclusive event in partnership with the management bank <a href=\"https:\/\/monaco.ca-indosuez.com\/fr\/cfm-indosuez-a-monaco\"><strong>CFM Indosuez \u2013 Indosuez Wealth Management<\/strong><\/a>, bringing together around sixty private clients on the magnificent Passable beach in Saint-Jean-Cap-Ferrat. An idyllic setting, perfectly suited to kicking off the summer season in style.<\/p>\n<p style=\"text-align: center;\">Alongside two other fellow winemakers \u2013 Domaine La Rouill\u00e8re and Fondugues Pradugues \u2013 we had the pleasure of presenting our signature vintages: <strong>Clos de Caille Ros\u00e9<\/strong> <strong>2024<\/strong> as well as our first white T\u00eate de Cuv\u00e9e, <strong>Clos de Caille \u2018Lucis\u2019 2023<\/strong>.<\/p>\n<p style=\"text-align: center;\">We would like to extend our warmest thanks to the entire bank team for their organisation, as well as to the connoisseurs and enthusiasts in attendance, who fully appreciated the potential and uniqueness of our vintages.<\/p>\n<p style=\"text-align: center;\"><img loading=\"lazy\" decoding=\"async\" class=\"wp-image-4872 aligncenter\" src=\"https:\/\/www.closdecaille.com\/wp-content\/uploads\/2025\/06\/SAMPI_CLOS-DE-CAILLE_SNEAK-PEEK-1-1024x1024.png\" alt=\"Event Plage St Jean Cap Ferrat - banque priv\u00e9e\" width=\"300\" height=\"300\" srcset=\"https:\/\/www.closdecaille.com\/wp-content\/uploads\/2025\/06\/SAMPI_CLOS-DE-CAILLE_SNEAK-PEEK-1-1024x1024.png 1024w, https:\/\/www.closdecaille.com\/wp-content\/uploads\/2025\/06\/SAMPI_CLOS-DE-CAILLE_SNEAK-PEEK-1-300x300.png 300w, https:\/\/www.closdecaille.com\/wp-content\/uploads\/2025\/06\/SAMPI_CLOS-DE-CAILLE_SNEAK-PEEK-1-150x150.png 150w, https:\/\/www.closdecaille.com\/wp-content\/uploads\/2025\/06\/SAMPI_CLOS-DE-CAILLE_SNEAK-PEEK-1-768x768.png 768w, https:\/\/www.closdecaille.com\/wp-content\/uploads\/2025\/06\/SAMPI_CLOS-DE-CAILLE_SNEAK-PEEK-1-1536x1536.png 1536w, https:\/\/www.closdecaille.com\/wp-content\/uploads\/2025\/06\/SAMPI_CLOS-DE-CAILLE_SNEAK-PEEK-1-2048x2048.png 2048w, https:\/\/www.closdecaille.com\/wp-content\/uploads\/2025\/06\/SAMPI_CLOS-DE-CAILLE_SNEAK-PEEK-1-900x900.png 900w, https:\/\/www.closdecaille.com\/wp-content\/uploads\/2025\/06\/SAMPI_CLOS-DE-CAILLE_SNEAK-PEEK-1-100x100.png 100w\" sizes=\"(max-width: 300px) 100vw, 300px\" \/><\/p>\n<h4 style=\"text-align: center;\"><a href=\"https:\/\/www.instagram.com\/clos_de_caille\/\">Follow our news on social media<\/a><\/h4>\n<p style=\"text-align: center;\">-<\/p>\n<h3 style=\"text-align: center;\"><strong>YOUR PERSONAL APPOINTMENT<\/strong><\/h3>\n<p style=\"text-align: center;\">Because we are committed to offering our customers a unique experience, we invite you to make an appointment with one of our ambassadors, who will be happy to answer all your questions and discuss distribution terms.<\/p>\n<h4 style=\"text-align: center;\"><a href=\"mailto:info@closdecaille.com\">Contact our Customer Service Department<\/a><\/h4>","protected":false},"excerpt":{"rendered":"<p>Clos de Caille, l\u2019invit\u00e9 d\u2019honneur de votre r\u00e9ception Chaque vin du Clos de Caille raconte une histoire&#8230; votre histoire. Nos vins AOP C\u00f4tes de Provence, certifi\u00e9s AB depuis le mill\u00e9sime 2024, sont le reflet d\u2019un terroir, d\u2019un savoir-faire vigneron et d\u2019\u00e9motions partag\u00e9es \u2014 une exp\u00e9rience gustative \u00e0 savourer \u00e0 deux ou entour\u00e9s de vos proches, [&hellip;]<\/p>\n","protected":false},"author":10,"featured_media":4864,"comment_status":"closed","ping_status":"closed","sticky":false,"template":"","format":"standard","meta":{"_acf_changed":false,"_mo_disable_npp":"","footnotes":""},"categories":[324],"tags":[238,229],"class_list":["post-4863","post","type-post","status-publish","format-standard","has-post-thumbnail","hentry","category-art-de-vivre","tag-celebration","tag-evenements"],"acf":[],"yoast_head":"<!-- This site is optimized with the Yoast SEO plugin v27.0 - https:\/\/yoast.com\/product\/yoast-seo-wordpress\/ -->\n<title>La saison des mariages est lanc\u00e9e! - Clos de Caille<\/title>\n<meta name=\"description\" content=\"Trouvez les vins AOP C\u00f4tes de Provence parfaits pour la saison des mariages, d\u00e9clin\u00e9s en blanc, ros\u00e9 et rouge, adapt\u00e9s \u00e0 tous les moments et budgets. Sublimez vos c\u00e9l\u00e9brations d\u00e8s maintenant !\" \/>\n<meta name=\"robots\" content=\"index, follow, max-snippet:-1, max-image-preview:large, max-video-preview:-1\" \/>\n<link rel=\"canonical\" href=\"https:\/\/www.closdecaille.com\/en\/la-saison-des-mariages\/\" \/>\n<meta property=\"og:locale\" content=\"en_GB\" \/>\n<meta property=\"og:type\" content=\"article\" \/>\n<meta property=\"og:title\" content=\"La saison des mariages est lanc\u00e9e! - Clos de Caille\" \/>\n<meta property=\"og:description\" content=\"Trouvez les vins AOP C\u00f4tes de Provence parfaits pour la saison des mariages, d\u00e9clin\u00e9s en blanc, ros\u00e9 et rouge, adapt\u00e9s \u00e0 tous les moments et budgets. Sublimez vos c\u00e9l\u00e9brations d\u00e8s maintenant !\" \/>\n<meta property=\"og:url\" content=\"https:\/\/www.closdecaille.com\/en\/la-saison-des-mariages\/\" \/>\n<meta property=\"og:site_name\" content=\"Clos de Caille\" \/>\n<meta property=\"article:published_time\" content=\"2025-07-01T12:24:30+00:00\" \/>\n<meta property=\"article:modified_time\" content=\"2025-12-09T08:29:17+00:00\" \/>\n<meta property=\"og:image\" content=\"https:\/\/www.closdecaille.com\/wp-content\/uploads\/2025\/06\/SAMPI_CLOS-DE-CAILLE_ANIMATION-PRODUITS.gif\" \/>\n\t<meta property=\"og:image:width\" content=\"648\" \/>\n\t<meta property=\"og:image:height\" content=\"1110\" \/>\n\t<meta property=\"og:image:type\" content=\"image\/gif\" \/>\n<meta name=\"author\" content=\"Julie Fleisch\" \/>\n<meta name=\"twitter:label1\" content=\"Written by\" \/>\n\t<meta name=\"twitter:data1\" content=\"Julie Fleisch\" \/>\n\t<meta name=\"twitter:label2\" content=\"Estimated reading time\" \/>\n\t<meta name=\"twitter:data2\" content=\"6 minutes\" \/>\n<script type=\"application\/ld+json\" class=\"yoast-schema-graph\">{\"@context\":\"https:\/\/schema.org\",\"@graph\":[{\"@type\":\"Article\",\"@id\":\"https:\/\/www.closdecaille.com\/la-saison-des-mariages\/#article\",\"isPartOf\":{\"@id\":\"https:\/\/www.closdecaille.com\/la-saison-des-mariages\/\"},\"author\":{\"name\":\"Julie Fleisch\",\"@id\":\"https:\/\/www.closdecaille.com\/#\/schema\/person\/183ec33b0abe209accdd35f1ba15b586\"},\"headline\":\"La saison des mariages est lanc\u00e9e!\",\"datePublished\":\"2025-07-01T12:24:30+00:00\",\"dateModified\":\"2025-12-09T08:29:17+00:00\",\"mainEntityOfPage\":{\"@id\":\"https:\/\/www.closdecaille.com\/la-saison-des-mariages\/\"},\"wordCount\":947,\"publisher\":{\"@id\":\"https:\/\/www.closdecaille.com\/#organization\"},\"image\":{\"@id\":\"https:\/\/www.closdecaille.com\/la-saison-des-mariages\/#primaryimage\"},\"thumbnailUrl\":\"https:\/\/www.closdecaille.com\/wp-content\/uploads\/2025\/06\/SAMPI_CLOS-DE-CAILLE_ANIMATION-PRODUITS.gif\",\"keywords\":[\"Celebration\",\"\u00e9v\u00e9nements\"],\"articleSection\":[\"Art de vivre\"],\"inLanguage\":\"en-GB\"},{\"@type\":\"WebPage\",\"@id\":\"https:\/\/www.closdecaille.com\/la-saison-des-mariages\/\",\"url\":\"https:\/\/www.closdecaille.com\/la-saison-des-mariages\/\",\"name\":\"La saison des mariages est lanc\u00e9e! - Clos de Caille\",\"isPartOf\":{\"@id\":\"https:\/\/www.closdecaille.com\/#website\"},\"primaryImageOfPage\":{\"@id\":\"https:\/\/www.closdecaille.com\/la-saison-des-mariages\/#primaryimage\"},\"image\":{\"@id\":\"https:\/\/www.closdecaille.com\/la-saison-des-mariages\/#primaryimage\"},\"thumbnailUrl\":\"https:\/\/www.closdecaille.com\/wp-content\/uploads\/2025\/06\/SAMPI_CLOS-DE-CAILLE_ANIMATION-PRODUITS.gif\",\"datePublished\":\"2025-07-01T12:24:30+00:00\",\"dateModified\":\"2025-12-09T08:29:17+00:00\",\"description\":\"Trouvez les vins AOP C\u00f4tes de Provence parfaits pour la saison des mariages, d\u00e9clin\u00e9s en blanc, ros\u00e9 et rouge, adapt\u00e9s \u00e0 tous les moments et budgets. Sublimez vos c\u00e9l\u00e9brations d\u00e8s maintenant !\",\"breadcrumb\":{\"@id\":\"https:\/\/www.closdecaille.com\/la-saison-des-mariages\/#breadcrumb\"},\"inLanguage\":\"en-GB\",\"potentialAction\":[{\"@type\":\"ReadAction\",\"target\":[\"https:\/\/www.closdecaille.com\/la-saison-des-mariages\/\"]}]},{\"@type\":\"ImageObject\",\"inLanguage\":\"en-GB\",\"@id\":\"https:\/\/www.closdecaille.com\/la-saison-des-mariages\/#primaryimage\",\"url\":\"https:\/\/www.closdecaille.com\/wp-content\/uploads\/2025\/06\/SAMPI_CLOS-DE-CAILLE_ANIMATION-PRODUITS.gif\",\"contentUrl\":\"https:\/\/www.closdecaille.com\/wp-content\/uploads\/2025\/06\/SAMPI_CLOS-DE-CAILLE_ANIMATION-PRODUITS.gif\",\"width\":648,\"height\":1110,\"caption\":\"S\u00e9lection pour les r\u00e9ceptions vins de Proven\u00e7e\"},{\"@type\":\"BreadcrumbList\",\"@id\":\"https:\/\/www.closdecaille.com\/la-saison-des-mariages\/#breadcrumb\",\"itemListElement\":[{\"@type\":\"ListItem\",\"position\":1,\"name\":\"Art de vivre\",\"item\":\"https:\/\/www.closdecaille.com\/category\/art-de-vivre\/\"},{\"@type\":\"ListItem\",\"position\":2,\"name\":\"La saison des mariages est lanc\u00e9e!\"}]},{\"@type\":\"WebSite\",\"@id\":\"https:\/\/www.closdecaille.com\/#website\",\"url\":\"https:\/\/www.closdecaille.com\/\",\"name\":\"Clos de Caille\",\"description\":\"Vins AOP C\u00f4tes de Provence\",\"publisher\":{\"@id\":\"https:\/\/www.closdecaille.com\/#organization\"},\"potentialAction\":[{\"@type\":\"SearchAction\",\"target\":{\"@type\":\"EntryPoint\",\"urlTemplate\":\"https:\/\/www.closdecaille.com\/?s={search_term_string}\"},\"query-input\":{\"@type\":\"PropertyValueSpecification\",\"valueRequired\":true,\"valueName\":\"search_term_string\"}}],\"inLanguage\":\"en-GB\"},{\"@type\":\"Organization\",\"@id\":\"https:\/\/www.closdecaille.com\/#organization\",\"name\":\"Clos de Caille\",\"url\":\"https:\/\/www.closdecaille.com\/\",\"logo\":{\"@type\":\"ImageObject\",\"inLanguage\":\"en-GB\",\"@id\":\"https:\/\/www.closdecaille.com\/#\/schema\/logo\/image\/\",\"url\":\"https:\/\/www.closdecaille.com\/wp-content\/uploads\/2023\/07\/favicon-2023.png\",\"contentUrl\":\"https:\/\/www.closdecaille.com\/wp-content\/uploads\/2023\/07\/favicon-2023.png\",\"width\":600,\"height\":600,\"caption\":\"Clos de Caille\"},\"image\":{\"@id\":\"https:\/\/www.closdecaille.com\/#\/schema\/logo\/image\/\"}},{\"@type\":\"Person\",\"@id\":\"https:\/\/www.closdecaille.com\/#\/schema\/person\/183ec33b0abe209accdd35f1ba15b586\",\"name\":\"Julie Fleisch\",\"image\":{\"@type\":\"ImageObject\",\"inLanguage\":\"en-GB\",\"@id\":\"https:\/\/www.closdecaille.com\/#\/schema\/person\/image\/\",\"url\":\"https:\/\/secure.gravatar.com\/avatar\/bffc10faa760f5f1f08f454e79e3342f047898af28fb87e9eec6b7842f516e2a?s=96&d=mm&r=g\",\"contentUrl\":\"https:\/\/secure.gravatar.com\/avatar\/bffc10faa760f5f1f08f454e79e3342f047898af28fb87e9eec6b7842f516e2a?s=96&d=mm&r=g\",\"caption\":\"Julie Fleisch\"}}]}<\/script>\n<!-- \/ Yoast SEO plugin. -->","yoast_head_json":{"title":"Wedding season is here! - Clos de Caille","description":"Find the perfect AOP C\u00f4tes de Provence wines for the wedding season, available in white, ros\u00e9 and red, suitable for all occasions and budgets. Enhance your celebrations now!","robots":{"index":"index","follow":"follow","max-snippet":"max-snippet:-1","max-image-preview":"max-image-preview:large","max-video-preview":"max-video-preview:-1"},"canonical":"https:\/\/www.closdecaille.com\/en\/la-saison-des-mariages\/","og_locale":"en_GB","og_type":"article","og_title":"La saison des mariages est lanc\u00e9e! - Clos de Caille","og_description":"Trouvez les vins AOP C\u00f4tes de Provence parfaits pour la saison des mariages, d\u00e9clin\u00e9s en blanc, ros\u00e9 et rouge, adapt\u00e9s \u00e0 tous les moments et budgets. Sublimez vos c\u00e9l\u00e9brations d\u00e8s maintenant !","og_url":"https:\/\/www.closdecaille.com\/en\/la-saison-des-mariages\/","og_site_name":"Clos de Caille","article_published_time":"2025-07-01T12:24:30+00:00","article_modified_time":"2025-12-09T08:29:17+00:00","og_image":[{"width":648,"height":1110,"url":"https:\/\/www.closdecaille.com\/wp-content\/uploads\/2025\/06\/SAMPI_CLOS-DE-CAILLE_ANIMATION-PRODUITS.gif","type":"image\/gif"}],"author":"Julie Fleisch","twitter_misc":{"Written by":"Julie Fleisch","Estimated reading time":"6 minutes"},"schema":{"@context":"https:\/\/schema.org","@graph":[{"@type":"Article","@id":"https:\/\/www.closdecaille.com\/la-saison-des-mariages\/#article","isPartOf":{"@id":"https:\/\/www.closdecaille.com\/la-saison-des-mariages\/"},"author":{"name":"Julie Fleisch","@id":"https:\/\/www.closdecaille.com\/#\/schema\/person\/183ec33b0abe209accdd35f1ba15b586"},"headline":"La saison des mariages est lanc\u00e9e!","datePublished":"2025-07-01T12:24:30+00:00","dateModified":"2025-12-09T08:29:17+00:00","mainEntityOfPage":{"@id":"https:\/\/www.closdecaille.com\/la-saison-des-mariages\/"},"wordCount":947,"publisher":{"@id":"https:\/\/www.closdecaille.com\/#organization"},"image":{"@id":"https:\/\/www.closdecaille.com\/la-saison-des-mariages\/#primaryimage"},"thumbnailUrl":"https:\/\/www.closdecaille.com\/wp-content\/uploads\/2025\/06\/SAMPI_CLOS-DE-CAILLE_ANIMATION-PRODUITS.gif","keywords":["Celebration","\u00e9v\u00e9nements"],"articleSection":["Art de vivre"],"inLanguage":"en-GB"},{"@type":"WebPage","@id":"https:\/\/www.closdecaille.com\/la-saison-des-mariages\/","url":"https:\/\/www.closdecaille.com\/la-saison-des-mariages\/","name":"Wedding season is here! - Clos de Caille","isPartOf":{"@id":"https:\/\/www.closdecaille.com\/#website"},"primaryImageOfPage":{"@id":"https:\/\/www.closdecaille.com\/la-saison-des-mariages\/#primaryimage"},"image":{"@id":"https:\/\/www.closdecaille.com\/la-saison-des-mariages\/#primaryimage"},"thumbnailUrl":"https:\/\/www.closdecaille.com\/wp-content\/uploads\/2025\/06\/SAMPI_CLOS-DE-CAILLE_ANIMATION-PRODUITS.gif","datePublished":"2025-07-01T12:24:30+00:00","dateModified":"2025-12-09T08:29:17+00:00","description":"Find the perfect AOP C\u00f4tes de Provence wines for the wedding season, available in white, ros\u00e9 and red, suitable for all occasions and budgets. Enhance your celebrations now!","breadcrumb":{"@id":"https:\/\/www.closdecaille.com\/la-saison-des-mariages\/#breadcrumb"},"inLanguage":"en-GB","potentialAction":[{"@type":"ReadAction","target":["https:\/\/www.closdecaille.com\/la-saison-des-mariages\/"]}]},{"@type":"ImageObject","inLanguage":"en-GB","@id":"https:\/\/www.closdecaille.com\/la-saison-des-mariages\/#primaryimage","url":"https:\/\/www.closdecaille.com\/wp-content\/uploads\/2025\/06\/SAMPI_CLOS-DE-CAILLE_ANIMATION-PRODUITS.gif","contentUrl":"https:\/\/www.closdecaille.com\/wp-content\/uploads\/2025\/06\/SAMPI_CLOS-DE-CAILLE_ANIMATION-PRODUITS.gif","width":648,"height":1110,"caption":"S\u00e9lection pour les r\u00e9ceptions vins de Proven\u00e7e"},{"@type":"BreadcrumbList","@id":"https:\/\/www.closdecaille.com\/la-saison-des-mariages\/#breadcrumb","itemListElement":[{"@type":"ListItem","position":1,"name":"Art de vivre","item":"https:\/\/www.closdecaille.com\/category\/art-de-vivre\/"},{"@type":"ListItem","position":2,"name":"La saison des mariages est lanc\u00e9e!"}]},{"@type":"WebSite","@id":"https:\/\/www.closdecaille.com\/#website","url":"https:\/\/www.closdecaille.com\/","name":"Clos de Caille","description":"C\u00f4tes de Provence AOP wines","publisher":{"@id":"https:\/\/www.closdecaille.com\/#organization"},"potentialAction":[{"@type":"SearchAction","target":{"@type":"EntryPoint","urlTemplate":"https:\/\/www.closdecaille.com\/?s={search_term_string}"},"query-input":{"@type":"PropertyValueSpecification","valueRequired":true,"valueName":"search_term_string"}}],"inLanguage":"en-GB"},{"@type":"Organization","@id":"https:\/\/www.closdecaille.com\/#organization","name":"Clos de Caille","url":"https:\/\/www.closdecaille.com\/","logo":{"@type":"ImageObject","inLanguage":"en-GB","@id":"https:\/\/www.closdecaille.com\/#\/schema\/logo\/image\/","url":"https:\/\/www.closdecaille.com\/wp-content\/uploads\/2023\/07\/favicon-2023.png","contentUrl":"https:\/\/www.closdecaille.com\/wp-content\/uploads\/2023\/07\/favicon-2023.png","width":600,"height":600,"caption":"Clos de Caille"},"image":{"@id":"https:\/\/www.closdecaille.com\/#\/schema\/logo\/image\/"}},{"@type":"Person","@id":"https:\/\/www.closdecaille.com\/#\/schema\/person\/183ec33b0abe209accdd35f1ba15b586","name":"Julie Fleisch","image":{"@type":"ImageObject","inLanguage":"en-GB","@id":"https:\/\/www.closdecaille.com\/#\/schema\/person\/image\/","url":"https:\/\/secure.gravatar.com\/avatar\/bffc10faa760f5f1f08f454e79e3342f047898af28fb87e9eec6b7842f516e2a?s=96&d=mm&r=g","contentUrl":"https:\/\/secure.gravatar.com\/avatar\/bffc10faa760f5f1f08f454e79e3342f047898af28fb87e9eec6b7842f516e2a?s=96&d=mm&r=g","caption":"Julie Fleisch"}}]}},"_links":{"self":[{"href":"https:\/\/www.closdecaille.com\/en\/wp-json\/wp\/v2\/posts\/4863","targetHints":{"allow":["GET"]}}],"collection":[{"href":"https:\/\/www.closdecaille.com\/en\/wp-json\/wp\/v2\/posts"}],"about":[{"href":"https:\/\/www.closdecaille.com\/en\/wp-json\/wp\/v2\/types\/post"}],"author":[{"embeddable":true,"href":"https:\/\/www.closdecaille.com\/en\/wp-json\/wp\/v2\/users\/10"}],"replies":[{"embeddable":true,"href":"https:\/\/www.closdecaille.com\/en\/wp-json\/wp\/v2\/comments?post=4863"}],"version-history":[{"count":9,"href":"https:\/\/www.closdecaille.com\/en\/wp-json\/wp\/v2\/posts\/4863\/revisions"}],"predecessor-version":[{"id":5279,"href":"https:\/\/www.closdecaille.com\/en\/wp-json\/wp\/v2\/posts\/4863\/revisions\/5279"}],"wp:featuredmedia":[{"embeddable":true,"href":"https:\/\/www.closdecaille.com\/en\/wp-json\/wp\/v2\/media\/4864"}],"wp:attachment":[{"href":"https:\/\/www.closdecaille.com\/en\/wp-json\/wp\/v2\/media?parent=4863"}],"wp:term":[{"taxonomy":"category","embeddable":true,"href":"https:\/\/www.closdecaille.com\/en\/wp-json\/wp\/v2\/categories?post=4863"},{"taxonomy":"post_tag","embeddable":true,"href":"https:\/\/www.closdecaille.com\/en\/wp-json\/wp\/v2\/tags?post=4863"}],"curies":[{"name":"wp","href":"https:\/\/api.w.org\/{rel}","templated":true}]}}