{"id":4834,"date":"2025-06-24T10:49:56","date_gmt":"2025-06-24T08:49:56","guid":{"rendered":"https:\/\/www.closdecaille.com\/?p=4834"},"modified":"2025-12-09T09:29:17","modified_gmt":"2025-12-09T08:29:17","slug":"clos-de-caille-rose-ete","status":"publish","type":"post","link":"https:\/\/www.closdecaille.com\/en\/clos-de-caille-rose-ete\/","title":{"rendered":"Clos de Caille Ros\u00e9, an invitation to savour summer"},"content":{"rendered":"<p style=\"text-align: center;\"><strong>Summer getaway in Provence<\/strong><\/p>\n<p style=\"text-align: center;\">Ros\u00e9 Clos de Caille embodies <strong>the very essence of Provence<\/strong>. This treasure, vintage 2024, signed <strong>Matthew Cosse<\/strong>\u00a0reveals all the finesse of its terroir and offers a unique ros\u00e9 wine with a distinctive taste experience.<br \/>\nSummer is slowly settling in, bringing with it the taste of the first sunny promises...<\/p>\n<h1 style=\"text-align: center;\"><strong>AN INVITATION TO ENJOY SUMMER IN THE HEART OF PROVENCE<\/strong><\/h1>\n<p style=\"text-align: center;\">Genuine <strong>domain banner<\/strong>, Clos de Caille Ros\u00e9 2024 is the embodiment of the quest for excellence that characterises Clos de Caille, under the leadership of the Mariotti family.<\/p>\n<p style=\"text-align: center;\"><a href=\"\/en\/?p=2072\"><img fetchpriority=\"high\" decoding=\"async\" class=\"wp-image-4835 aligncenter\" src=\"https:\/\/www.closdecaille.com\/wp-content\/uploads\/2025\/06\/SAMPI_CLOS-DE-CAILLE_PRESS-IG-3-1024x1024.png\" alt=\"Clos de Caille Ros\u00e9 2024\" width=\"320\" height=\"320\" srcset=\"https:\/\/www.closdecaille.com\/wp-content\/uploads\/2025\/06\/SAMPI_CLOS-DE-CAILLE_PRESS-IG-3-1024x1024.png 1024w, https:\/\/www.closdecaille.com\/wp-content\/uploads\/2025\/06\/SAMPI_CLOS-DE-CAILLE_PRESS-IG-3-300x300.png 300w, https:\/\/www.closdecaille.com\/wp-content\/uploads\/2025\/06\/SAMPI_CLOS-DE-CAILLE_PRESS-IG-3-150x150.png 150w, https:\/\/www.closdecaille.com\/wp-content\/uploads\/2025\/06\/SAMPI_CLOS-DE-CAILLE_PRESS-IG-3-768x768.png 768w, https:\/\/www.closdecaille.com\/wp-content\/uploads\/2025\/06\/SAMPI_CLOS-DE-CAILLE_PRESS-IG-3-1536x1536.png 1536w\" sizes=\"(max-width: 320px) 100vw, 320px\" \/><\/a><\/p>\n<h4 style=\"text-align: center;\"><a href=\"\/en\/?p=2072\">Buy Clos de Caille Ros\u00e9 2024<\/a><\/h4>\n<h4 style=\"text-align: center;\"><strong><em>AOP C\u00f4tes de Provence | Certified organic<br \/>\nDiscover it also in magnum and jeroboam formats for your larger gatherings.<\/em><\/strong><\/h4>\n<p style=\"text-align: center;\"><strong>TERROIR AND BLENDING<\/strong><\/p>\n<p style=\"text-align: center;\">Grown on soils composed of high-quality ancient limestone, alternating with silica, silt and clay, which provide an ideal terroir for the wine to express itself while preserving its balance and aromatic freshness. <strong>This wine is the result of a precise blend of Grenache (70%), Cinsault (20%) and Syrah (10%).<\/strong>.<\/p>\n<p style=\"text-align: center;\">From harvesting to vinification, every care has been taken to produce this Clos de Caille ros\u00e9. Hand-picked grapes, whole bunch pressing, slow fermentation in temperature-controlled stainless steel vats, then ageing on fine lees: all these precise steps contribute to the finesse and complexity of Clos de Caille Ros\u00e9.<\/p>\n<blockquote><p><em>\u00abThe 2024 vintage of Clos de Caille Ros\u00e9 accurately expresses the uniqueness of our terroir, combining the freshness of altitude, geological complexity and the high standards of our practices. It is a ros\u00e9 with a winemaker's soul, driven by the ambition to showcase the excellence of the estate and the passion of our master winemakers.\u00bb <\/em>\u200b\u200b\u200b\u200b\u200b\u200b<br \/>\n<em>\u2013 Mathieu Mariotti<\/em><\/p><\/blockquote>\n<h2 style=\"text-align: center;\"><strong>THE ART OF LIVING IN PROVENCE IN A GLASS<\/strong><\/h2>\n<p style=\"text-align: center;\">\nTo the eye, the colour is a very light ros\u00e9. The nose is refined and complex, with notes of white fruit and citrus. The palate is round and harmonious, with a delicate, balanced texture.<br \/>\nThe expressive and persistent finish enhances ripe fruit, carried by remarkable aromatic freshness. Subtle and luminous, notes of summer fruit intertwine perfectly in a balanced texture, prolonging the experience on the palate.<\/p>\n<p style=\"text-align: center;\"><strong>THE AGREEMENTS<\/strong><br \/>\nClos de Caille ros\u00e9 vintage 2024 can be enjoyed as an aperitif accompanied by a plate of Iberian ham or refined tapas.<br \/>\nIt pairs perfectly with Thai green curry, pollock ceviche, sea bream tartare, or grilled rib of beef, bringing out all the richness of the flavours.<\/p>\n<h3 style=\"text-align: center;\"><strong>PRESS REVIEW &amp; EXPERT OPINIONS<\/strong><\/h3>\n<p style=\"text-align: center;\"><img decoding=\"async\" class=\"wp-image-4850 aligncenter\" src=\"https:\/\/www.closdecaille.com\/wp-content\/uploads\/2025\/06\/SAMPI-CLOS-DE-CAILLE-NL-5-1024x819.gif\" alt=\"Parutions presse \u00e9t\u00e9 2025\" width=\"424\" height=\"339\" srcset=\"https:\/\/www.closdecaille.com\/wp-content\/uploads\/2025\/06\/SAMPI-CLOS-DE-CAILLE-NL-5-1024x819.gif 1024w, https:\/\/www.closdecaille.com\/wp-content\/uploads\/2025\/06\/SAMPI-CLOS-DE-CAILLE-NL-5-300x240.gif 300w, https:\/\/www.closdecaille.com\/wp-content\/uploads\/2025\/06\/SAMPI-CLOS-DE-CAILLE-NL-5-768x614.gif 768w, https:\/\/www.closdecaille.com\/wp-content\/uploads\/2025\/06\/SAMPI-CLOS-DE-CAILLE-NL-5-1536x1229.gif 1536w\" sizes=\"(max-width: 424px) 100vw, 424px\" \/><\/p>\n<p style=\"text-align: center;\">Rating 92\/100 \u2013 Favourite Ros\u00e9s<br \/>\n<strong>The Figaro<\/strong><\/p>\n<p style=\"text-align: center;\">\u00ab\u00a0<em>A new star shines in the firmament of Provence's great wines<\/em>\u00a0\u00bb<br \/>\n<strong>South-facing houses\u00a0<\/strong><\/p>\n<p style=\"text-align: center;\"><em>\u00abThe Mariotti family has taken over the Clos de Caille appellation, a gem of the region that you could taste with your eyes closed... but that would be a shame. The colour of this ros\u00e9 is so delicate that it is well worth a look.\u00bb<br \/>\n<\/em><strong>Le Parisien-Today in France Weekend<\/strong><\/p>\n<p style=\"text-align: center;\"><em>\u00abWithin the range, this ros\u00e9 is already playing in the big leagues.\u00bb<\/em><br \/>\n<strong>Restaurant Magazine<\/strong><\/p>\n<p style=\"text-align: center;\"><em>\u00abThis is a complex ros\u00e9 with a clean nose and a hint of saltiness. There are also notes of citrus and white fruits. This is a ros\u00e9 for fine dining and enjoyment.\u00bb<\/em><br \/>\n<strong>Denis Garret, head sommelier<\/strong><\/p>\n<h4 style=\"text-align: center;\"><a href=\"\/en\/?page_id=2845\">See our press articles<\/a><\/h4>\n<h4 style=\"text-align: center;\"><a href=\"https:\/\/www.closdecaille.com\/en\/e-boutique\/\">DISCOVER OUR HAUTE COUTURE WINES FROM PROVENCE<\/a><\/h4>\n<p style=\"text-align: center;\"><em>Shipping is free for purchases over \u20ac100 in France and Monaco.<br \/>\nDelivery within 3 working days in secure, reinforced packaging.<\/em><\/p>\n<p style=\"text-align: center;\">_______________________________<\/p>\n<h2 style=\"text-align: center;\"><strong> THE CLOS JOURNAL<\/strong><\/h2>\n<h3 style=\"text-align: center;\"><em><strong>The Clos de Caille is coming to Monaco\u00a0<\/strong><\/em><\/h3>\n<p style=\"text-align: center;\">We are continuing our development within a selective distribution network and are now listed on the platform and application. <a href=\"https:\/\/delovery.mc\/\"><strong>Delovery.mc<\/strong><\/a>.<br \/>\nHere you will find all of Riccardo Giraudi's establishments, as well as other iconic brands from the Principality.<\/p>\n<p style=\"text-align: center;\">Ideal to accompany all your summer meals, at the right moment, according to your desires!<\/p>\n<h4 style=\"text-align: center;\"><strong><a href=\"https:\/\/delovery.mc\/restaurants\/le-caviste-21?period=3#suggestions-du-mois-213\">I would like delivery<\/a><\/strong><\/h4>\n<p style=\"text-align: center;\">-<\/p>\n<h3 style=\"text-align: center;\"><strong>YOUR PERSONAL APPOINTMENT<\/strong><\/h3>\n<p style=\"text-align: center;\">Because we are committed to offering our customers a unique experience, we invite you to make an appointment with one of our ambassadors, who will be happy to answer all your questions and discuss distribution terms.<\/p>\n<h4 style=\"text-align: center;\"><a href=\"mailto:info@closdecaille.com\">Contact our Customer Service Department<\/a><\/h4>","protected":false},"excerpt":{"rendered":"<p>Escapade estivale en Provence Le ros\u00e9 Clos de Caille incarne l\u2019essence m\u00eame de la Provence. Ce tr\u00e9sor, mill\u00e9sime 2024, sign\u00e9 Matthieu Cosse\u00a0r\u00e9v\u00e8le toute la finesse de son terroir et offre un vin ros\u00e9 singulier, \u00e0 l\u2019exp\u00e9rience gustative r\u00e9solument identitaire. L\u2019\u00e9t\u00e9 s\u2019installe doucement, apportant avec lui le go\u00fbt des premi\u00e8res promesses ensoleill\u00e9es \u2026 UNE INVITATION \u00c0 [&hellip;]<\/p>\n","protected":false},"author":10,"featured_media":4835,"comment_status":"closed","ping_status":"closed","sticky":false,"template":"","format":"standard","meta":{"_acf_changed":false,"_mo_disable_npp":"","footnotes":""},"categories":[324],"tags":[165,275,274],"class_list":["post-4834","post","type-post","status-publish","format-standard","has-post-thumbnail","hentry","category-art-de-vivre","tag-clos-de-caille-rose","tag-delovery-mc","tag-revue-de-presse"],"acf":[],"yoast_head":"<!-- This site is optimized with the Yoast SEO plugin v27.0 - https:\/\/yoast.com\/product\/yoast-seo-wordpress\/ -->\n<title>Clos de Caille Ros\u00e9, une invitation \u00e0 savourer l\u2019\u00e9t\u00e9 - Clos de Caille<\/title>\n<meta name=\"description\" content=\"Avis presse et experts sur le Clos de Caille Ros\u00e9 2024, un vin AOP C\u00f4tes de Provence d\u2019exception r\u00e9v\u00e9lant finesse et caract\u00e8re unique fa\u00e7onn\u00e9 par Matthieu Cosse.\" \/>\n<meta name=\"robots\" content=\"index, follow, max-snippet:-1, max-image-preview:large, max-video-preview:-1\" \/>\n<link rel=\"canonical\" href=\"https:\/\/www.closdecaille.com\/en\/clos-de-caille-rose-ete\/\" \/>\n<meta property=\"og:locale\" content=\"en_GB\" \/>\n<meta property=\"og:type\" content=\"article\" \/>\n<meta property=\"og:title\" content=\"Clos de Caille Ros\u00e9, une invitation \u00e0 savourer l\u2019\u00e9t\u00e9 - Clos de Caille\" \/>\n<meta property=\"og:description\" content=\"Avis presse et experts sur le Clos de Caille Ros\u00e9 2024, un vin AOP C\u00f4tes de Provence d\u2019exception r\u00e9v\u00e9lant finesse et caract\u00e8re unique fa\u00e7onn\u00e9 par Matthieu Cosse.\" \/>\n<meta property=\"og:url\" content=\"https:\/\/www.closdecaille.com\/en\/clos-de-caille-rose-ete\/\" \/>\n<meta property=\"og:site_name\" content=\"Clos de Caille\" \/>\n<meta property=\"article:published_time\" content=\"2025-06-24T08:49:56+00:00\" \/>\n<meta property=\"article:modified_time\" content=\"2025-12-09T08:29:17+00:00\" \/>\n<meta property=\"og:image\" content=\"https:\/\/www.closdecaille.com\/wp-content\/uploads\/2025\/06\/SAMPI_CLOS-DE-CAILLE_PRESS-IG-3-1024x1024.png\" \/>\n\t<meta property=\"og:image:width\" content=\"1024\" \/>\n\t<meta property=\"og:image:height\" content=\"1024\" \/>\n\t<meta property=\"og:image:type\" content=\"image\/png\" \/>\n<meta name=\"author\" content=\"Julie Fleisch\" \/>\n<meta name=\"twitter:label1\" content=\"Written by\" \/>\n\t<meta name=\"twitter:data1\" content=\"Julie Fleisch\" \/>\n\t<meta name=\"twitter:label2\" content=\"Estimated reading time\" \/>\n\t<meta name=\"twitter:data2\" content=\"4 minutes\" \/>\n<script type=\"application\/ld+json\" class=\"yoast-schema-graph\">{\"@context\":\"https:\/\/schema.org\",\"@graph\":[{\"@type\":\"Article\",\"@id\":\"https:\/\/www.closdecaille.com\/clos-de-caille-rose-ete\/#article\",\"isPartOf\":{\"@id\":\"https:\/\/www.closdecaille.com\/clos-de-caille-rose-ete\/\"},\"author\":{\"name\":\"Julie Fleisch\",\"@id\":\"https:\/\/www.closdecaille.com\/#\/schema\/person\/183ec33b0abe209accdd35f1ba15b586\"},\"headline\":\"Clos de Caille Ros\u00e9, une invitation \u00e0 savourer l\u2019\u00e9t\u00e9\",\"datePublished\":\"2025-06-24T08:49:56+00:00\",\"dateModified\":\"2025-12-09T08:29:17+00:00\",\"mainEntityOfPage\":{\"@id\":\"https:\/\/www.closdecaille.com\/clos-de-caille-rose-ete\/\"},\"wordCount\":779,\"publisher\":{\"@id\":\"https:\/\/www.closdecaille.com\/#organization\"},\"image\":{\"@id\":\"https:\/\/www.closdecaille.com\/clos-de-caille-rose-ete\/#primaryimage\"},\"thumbnailUrl\":\"https:\/\/www.closdecaille.com\/wp-content\/uploads\/2025\/06\/SAMPI_CLOS-DE-CAILLE_PRESS-IG-3.png\",\"keywords\":[\"clos de caille ros\u00e9\",\"Delovery.mc\",\"Revue de Presse\"],\"articleSection\":[\"Art de vivre\"],\"inLanguage\":\"en-GB\"},{\"@type\":\"WebPage\",\"@id\":\"https:\/\/www.closdecaille.com\/clos-de-caille-rose-ete\/\",\"url\":\"https:\/\/www.closdecaille.com\/clos-de-caille-rose-ete\/\",\"name\":\"Clos de Caille Ros\u00e9, une invitation \u00e0 savourer l\u2019\u00e9t\u00e9 - Clos de Caille\",\"isPartOf\":{\"@id\":\"https:\/\/www.closdecaille.com\/#website\"},\"primaryImageOfPage\":{\"@id\":\"https:\/\/www.closdecaille.com\/clos-de-caille-rose-ete\/#primaryimage\"},\"image\":{\"@id\":\"https:\/\/www.closdecaille.com\/clos-de-caille-rose-ete\/#primaryimage\"},\"thumbnailUrl\":\"https:\/\/www.closdecaille.com\/wp-content\/uploads\/2025\/06\/SAMPI_CLOS-DE-CAILLE_PRESS-IG-3.png\",\"datePublished\":\"2025-06-24T08:49:56+00:00\",\"dateModified\":\"2025-12-09T08:29:17+00:00\",\"description\":\"Avis presse et experts sur le Clos de Caille Ros\u00e9 2024, un vin AOP C\u00f4tes de Provence d\u2019exception r\u00e9v\u00e9lant finesse et caract\u00e8re unique fa\u00e7onn\u00e9 par Matthieu Cosse.\",\"breadcrumb\":{\"@id\":\"https:\/\/www.closdecaille.com\/clos-de-caille-rose-ete\/#breadcrumb\"},\"inLanguage\":\"en-GB\",\"potentialAction\":[{\"@type\":\"ReadAction\",\"target\":[\"https:\/\/www.closdecaille.com\/clos-de-caille-rose-ete\/\"]}]},{\"@type\":\"ImageObject\",\"inLanguage\":\"en-GB\",\"@id\":\"https:\/\/www.closdecaille.com\/clos-de-caille-rose-ete\/#primaryimage\",\"url\":\"https:\/\/www.closdecaille.com\/wp-content\/uploads\/2025\/06\/SAMPI_CLOS-DE-CAILLE_PRESS-IG-3.png\",\"contentUrl\":\"https:\/\/www.closdecaille.com\/wp-content\/uploads\/2025\/06\/SAMPI_CLOS-DE-CAILLE_PRESS-IG-3.png\",\"width\":2295,\"height\":2295,\"caption\":\"Clos de Caille Ros\u00e9 2024\"},{\"@type\":\"BreadcrumbList\",\"@id\":\"https:\/\/www.closdecaille.com\/clos-de-caille-rose-ete\/#breadcrumb\",\"itemListElement\":[{\"@type\":\"ListItem\",\"position\":1,\"name\":\"Art de vivre\",\"item\":\"https:\/\/www.closdecaille.com\/category\/art-de-vivre\/\"},{\"@type\":\"ListItem\",\"position\":2,\"name\":\"Clos de Caille Ros\u00e9, une invitation \u00e0 savourer l\u2019\u00e9t\u00e9\"}]},{\"@type\":\"WebSite\",\"@id\":\"https:\/\/www.closdecaille.com\/#website\",\"url\":\"https:\/\/www.closdecaille.com\/\",\"name\":\"Clos de Caille\",\"description\":\"Vins AOP C\u00f4tes de Provence\",\"publisher\":{\"@id\":\"https:\/\/www.closdecaille.com\/#organization\"},\"potentialAction\":[{\"@type\":\"SearchAction\",\"target\":{\"@type\":\"EntryPoint\",\"urlTemplate\":\"https:\/\/www.closdecaille.com\/?s={search_term_string}\"},\"query-input\":{\"@type\":\"PropertyValueSpecification\",\"valueRequired\":true,\"valueName\":\"search_term_string\"}}],\"inLanguage\":\"en-GB\"},{\"@type\":\"Organization\",\"@id\":\"https:\/\/www.closdecaille.com\/#organization\",\"name\":\"Clos de Caille\",\"url\":\"https:\/\/www.closdecaille.com\/\",\"logo\":{\"@type\":\"ImageObject\",\"inLanguage\":\"en-GB\",\"@id\":\"https:\/\/www.closdecaille.com\/#\/schema\/logo\/image\/\",\"url\":\"https:\/\/www.closdecaille.com\/wp-content\/uploads\/2023\/07\/favicon-2023.png\",\"contentUrl\":\"https:\/\/www.closdecaille.com\/wp-content\/uploads\/2023\/07\/favicon-2023.png\",\"width\":600,\"height\":600,\"caption\":\"Clos de Caille\"},\"image\":{\"@id\":\"https:\/\/www.closdecaille.com\/#\/schema\/logo\/image\/\"}},{\"@type\":\"Person\",\"@id\":\"https:\/\/www.closdecaille.com\/#\/schema\/person\/183ec33b0abe209accdd35f1ba15b586\",\"name\":\"Julie Fleisch\",\"image\":{\"@type\":\"ImageObject\",\"inLanguage\":\"en-GB\",\"@id\":\"https:\/\/www.closdecaille.com\/#\/schema\/person\/image\/\",\"url\":\"https:\/\/secure.gravatar.com\/avatar\/bffc10faa760f5f1f08f454e79e3342f047898af28fb87e9eec6b7842f516e2a?s=96&d=mm&r=g\",\"contentUrl\":\"https:\/\/secure.gravatar.com\/avatar\/bffc10faa760f5f1f08f454e79e3342f047898af28fb87e9eec6b7842f516e2a?s=96&d=mm&r=g\",\"caption\":\"Julie Fleisch\"}}]}<\/script>\n<!-- \/ Yoast SEO plugin. -->","yoast_head_json":{"title":"Clos de Caille Ros\u00e9, an invitation to savour summer - Clos de Caille","description":"Press and expert reviews of the Clos de Caille Ros\u00e9 2024, an exceptional AOP C\u00f4tes de Provence wine revealing finesse and unique character crafted by Matthieu Cosse.","robots":{"index":"index","follow":"follow","max-snippet":"max-snippet:-1","max-image-preview":"max-image-preview:large","max-video-preview":"max-video-preview:-1"},"canonical":"https:\/\/www.closdecaille.com\/en\/clos-de-caille-rose-ete\/","og_locale":"en_GB","og_type":"article","og_title":"Clos de Caille Ros\u00e9, une invitation \u00e0 savourer l\u2019\u00e9t\u00e9 - Clos de Caille","og_description":"Avis presse et experts sur le Clos de Caille Ros\u00e9 2024, un vin AOP C\u00f4tes de Provence d\u2019exception r\u00e9v\u00e9lant finesse et caract\u00e8re unique fa\u00e7onn\u00e9 par Matthieu Cosse.","og_url":"https:\/\/www.closdecaille.com\/en\/clos-de-caille-rose-ete\/","og_site_name":"Clos de Caille","article_published_time":"2025-06-24T08:49:56+00:00","article_modified_time":"2025-12-09T08:29:17+00:00","og_image":[{"width":1024,"height":1024,"url":"https:\/\/www.closdecaille.com\/wp-content\/uploads\/2025\/06\/SAMPI_CLOS-DE-CAILLE_PRESS-IG-3-1024x1024.png","type":"image\/png"}],"author":"Julie Fleisch","twitter_misc":{"Written by":"Julie Fleisch","Estimated reading time":"4 minutes"},"schema":{"@context":"https:\/\/schema.org","@graph":[{"@type":"Article","@id":"https:\/\/www.closdecaille.com\/clos-de-caille-rose-ete\/#article","isPartOf":{"@id":"https:\/\/www.closdecaille.com\/clos-de-caille-rose-ete\/"},"author":{"name":"Julie Fleisch","@id":"https:\/\/www.closdecaille.com\/#\/schema\/person\/183ec33b0abe209accdd35f1ba15b586"},"headline":"Clos de Caille Ros\u00e9, une invitation \u00e0 savourer l\u2019\u00e9t\u00e9","datePublished":"2025-06-24T08:49:56+00:00","dateModified":"2025-12-09T08:29:17+00:00","mainEntityOfPage":{"@id":"https:\/\/www.closdecaille.com\/clos-de-caille-rose-ete\/"},"wordCount":779,"publisher":{"@id":"https:\/\/www.closdecaille.com\/#organization"},"image":{"@id":"https:\/\/www.closdecaille.com\/clos-de-caille-rose-ete\/#primaryimage"},"thumbnailUrl":"https:\/\/www.closdecaille.com\/wp-content\/uploads\/2025\/06\/SAMPI_CLOS-DE-CAILLE_PRESS-IG-3.png","keywords":["clos de caille ros\u00e9","Delovery.mc","Revue de Presse"],"articleSection":["Art de vivre"],"inLanguage":"en-GB"},{"@type":"WebPage","@id":"https:\/\/www.closdecaille.com\/clos-de-caille-rose-ete\/","url":"https:\/\/www.closdecaille.com\/clos-de-caille-rose-ete\/","name":"Clos de Caille Ros\u00e9, an invitation to savour summer - Clos de Caille","isPartOf":{"@id":"https:\/\/www.closdecaille.com\/#website"},"primaryImageOfPage":{"@id":"https:\/\/www.closdecaille.com\/clos-de-caille-rose-ete\/#primaryimage"},"image":{"@id":"https:\/\/www.closdecaille.com\/clos-de-caille-rose-ete\/#primaryimage"},"thumbnailUrl":"https:\/\/www.closdecaille.com\/wp-content\/uploads\/2025\/06\/SAMPI_CLOS-DE-CAILLE_PRESS-IG-3.png","datePublished":"2025-06-24T08:49:56+00:00","dateModified":"2025-12-09T08:29:17+00:00","description":"Press and expert reviews of the Clos de Caille Ros\u00e9 2024, an exceptional AOP C\u00f4tes de Provence wine revealing finesse and unique character crafted by Matthieu Cosse.","breadcrumb":{"@id":"https:\/\/www.closdecaille.com\/clos-de-caille-rose-ete\/#breadcrumb"},"inLanguage":"en-GB","potentialAction":[{"@type":"ReadAction","target":["https:\/\/www.closdecaille.com\/clos-de-caille-rose-ete\/"]}]},{"@type":"ImageObject","inLanguage":"en-GB","@id":"https:\/\/www.closdecaille.com\/clos-de-caille-rose-ete\/#primaryimage","url":"https:\/\/www.closdecaille.com\/wp-content\/uploads\/2025\/06\/SAMPI_CLOS-DE-CAILLE_PRESS-IG-3.png","contentUrl":"https:\/\/www.closdecaille.com\/wp-content\/uploads\/2025\/06\/SAMPI_CLOS-DE-CAILLE_PRESS-IG-3.png","width":2295,"height":2295,"caption":"Clos de Caille Ros\u00e9 2024"},{"@type":"BreadcrumbList","@id":"https:\/\/www.closdecaille.com\/clos-de-caille-rose-ete\/#breadcrumb","itemListElement":[{"@type":"ListItem","position":1,"name":"Art de vivre","item":"https:\/\/www.closdecaille.com\/category\/art-de-vivre\/"},{"@type":"ListItem","position":2,"name":"Clos de Caille Ros\u00e9, une invitation \u00e0 savourer l\u2019\u00e9t\u00e9"}]},{"@type":"WebSite","@id":"https:\/\/www.closdecaille.com\/#website","url":"https:\/\/www.closdecaille.com\/","name":"Clos de Caille","description":"C\u00f4tes de Provence AOP wines","publisher":{"@id":"https:\/\/www.closdecaille.com\/#organization"},"potentialAction":[{"@type":"SearchAction","target":{"@type":"EntryPoint","urlTemplate":"https:\/\/www.closdecaille.com\/?s={search_term_string}"},"query-input":{"@type":"PropertyValueSpecification","valueRequired":true,"valueName":"search_term_string"}}],"inLanguage":"en-GB"},{"@type":"Organization","@id":"https:\/\/www.closdecaille.com\/#organization","name":"Clos de Caille","url":"https:\/\/www.closdecaille.com\/","logo":{"@type":"ImageObject","inLanguage":"en-GB","@id":"https:\/\/www.closdecaille.com\/#\/schema\/logo\/image\/","url":"https:\/\/www.closdecaille.com\/wp-content\/uploads\/2023\/07\/favicon-2023.png","contentUrl":"https:\/\/www.closdecaille.com\/wp-content\/uploads\/2023\/07\/favicon-2023.png","width":600,"height":600,"caption":"Clos de Caille"},"image":{"@id":"https:\/\/www.closdecaille.com\/#\/schema\/logo\/image\/"}},{"@type":"Person","@id":"https:\/\/www.closdecaille.com\/#\/schema\/person\/183ec33b0abe209accdd35f1ba15b586","name":"Julie Fleisch","image":{"@type":"ImageObject","inLanguage":"en-GB","@id":"https:\/\/www.closdecaille.com\/#\/schema\/person\/image\/","url":"https:\/\/secure.gravatar.com\/avatar\/bffc10faa760f5f1f08f454e79e3342f047898af28fb87e9eec6b7842f516e2a?s=96&d=mm&r=g","contentUrl":"https:\/\/secure.gravatar.com\/avatar\/bffc10faa760f5f1f08f454e79e3342f047898af28fb87e9eec6b7842f516e2a?s=96&d=mm&r=g","caption":"Julie Fleisch"}}]}},"_links":{"self":[{"href":"https:\/\/www.closdecaille.com\/en\/wp-json\/wp\/v2\/posts\/4834","targetHints":{"allow":["GET"]}}],"collection":[{"href":"https:\/\/www.closdecaille.com\/en\/wp-json\/wp\/v2\/posts"}],"about":[{"href":"https:\/\/www.closdecaille.com\/en\/wp-json\/wp\/v2\/types\/post"}],"author":[{"embeddable":true,"href":"https:\/\/www.closdecaille.com\/en\/wp-json\/wp\/v2\/users\/10"}],"replies":[{"embeddable":true,"href":"https:\/\/www.closdecaille.com\/en\/wp-json\/wp\/v2\/comments?post=4834"}],"version-history":[{"count":6,"href":"https:\/\/www.closdecaille.com\/en\/wp-json\/wp\/v2\/posts\/4834\/revisions"}],"predecessor-version":[{"id":5280,"href":"https:\/\/www.closdecaille.com\/en\/wp-json\/wp\/v2\/posts\/4834\/revisions\/5280"}],"wp:featuredmedia":[{"embeddable":true,"href":"https:\/\/www.closdecaille.com\/en\/wp-json\/wp\/v2\/media\/4835"}],"wp:attachment":[{"href":"https:\/\/www.closdecaille.com\/en\/wp-json\/wp\/v2\/media?parent=4834"}],"wp:term":[{"taxonomy":"category","embeddable":true,"href":"https:\/\/www.closdecaille.com\/en\/wp-json\/wp\/v2\/categories?post=4834"},{"taxonomy":"post_tag","embeddable":true,"href":"https:\/\/www.closdecaille.com\/en\/wp-json\/wp\/v2\/tags?post=4834"}],"curies":[{"name":"wp","href":"https:\/\/api.w.org\/{rel}","templated":true}]}}