{"id":4781,"date":"2025-06-09T16:16:43","date_gmt":"2025-06-09T14:16:43","guid":{"rendered":"https:\/\/www.closdecaille.com\/?p=4781"},"modified":"2025-12-09T09:35:21","modified_gmt":"2025-12-09T08:35:21","slug":"celebrez-la-fete-des-peres","status":"publish","type":"post","link":"https:\/\/www.closdecaille.com\/en\/celebrez-la-fete-des-peres\/","title":{"rendered":"Celebrate Father's Day"},"content":{"rendered":"<p style=\"text-align: center;\"><strong>A wine, an emotion, a memory: honour your father with Clos de Caille<\/strong><\/p>\n<p style=\"text-align: center;\">For Father's Day, <strong>Domaine du Clos de Caille pays tribute to epicurean fathers, connoisseurs and discerning enthusiasts with three exceptional wines.<\/strong>. Designed by internationally renowned architect Rudy Ricciotti, each wine is vinified with precision in our \u00abChai d'\u0153uvre\u00bb (masterpiece winery) using state-of-the-art equipment combined with traditional craftsmanship. This architecture, designed to serve the winemaking process, preserves all the subtleties of the grapes and reveals, with rigour and sensitivity, the unique personality of each cuv\u00e9e and each vintage.<\/p>\n<p style=\"text-align: center;\">Each bottle is an invitation to share a moment of pleasure, a precious memory that reflects <strong>the geological richness of our clay-limestone soils and the uniqueness of our Mediterranean microclimate<\/strong>.<\/p>\n<div style=\"width: 800px;\" class=\"wp-video\"><video class=\"wp-video-shortcode\" id=\"video-4781-1\" width=\"800\" height=\"640\" preload=\"metadata\" controls=\"controls\"><source type=\"video\/mp4\" src=\"https:\/\/www.closdecaille.com\/wp-content\/uploads\/2025\/06\/SAMPI-CLOS-DE-CAILLE-NL-1.mp4?_=1\" \/><a href=\"https:\/\/www.closdecaille.com\/wp-content\/uploads\/2025\/06\/SAMPI-CLOS-DE-CAILLE-NL-1.mp4\">https:\/\/www.closdecaille.com\/wp-content\/uploads\/2025\/06\/SAMPI-CLOS-DE-CAILLE-NL-1.mp4<\/a><\/video><\/div>\n<blockquote>\n<p style=\"text-align: center;\"><em>\u00abFor Father's Day, we pay tribute to the man who showed us the way by passing on his love of the land, his passion for wine and his dedication to hard work: our Father. Every bottle of Clos de Caille carries a part of this heritage. By sharing it, we hope to promote the values of high standards, respect and generosity that were so dear to him. At Clos de Caille, we are driven above all by this family history.\u00bb \u2013 Mathieu Mariotti<\/em><\/p>\n<\/blockquote>\n<h4 style=\"text-align: center;\"><a href=\"https:\/\/www.closdecaille.com\/en\/e-boutique\/\">Father's Day Selection<\/a><\/h4>\n<p style=\"text-align: center;\"><strong>Clos de Caille \u2018Patrius\u2019 Red 2021 \u2013 T\u00eate de Cuv\u00e9e<br \/>\n<\/strong><\/p>\n<p style=\"text-align: center;\"><em><img fetchpriority=\"high\" decoding=\"async\" class=\"wp-image-4788 aligncenter\" src=\"https:\/\/www.closdecaille.com\/wp-content\/uploads\/2025\/06\/SAMPI_CLOS-DE-CAILLE_PRESS-IG-1024x1024.png\" alt=\"Clos de Caille PATRIUS\" width=\"233\" height=\"233\" srcset=\"https:\/\/www.closdecaille.com\/wp-content\/uploads\/2025\/06\/SAMPI_CLOS-DE-CAILLE_PRESS-IG-1024x1024.png 1024w, https:\/\/www.closdecaille.com\/wp-content\/uploads\/2025\/06\/SAMPI_CLOS-DE-CAILLE_PRESS-IG-300x300.png 300w, https:\/\/www.closdecaille.com\/wp-content\/uploads\/2025\/06\/SAMPI_CLOS-DE-CAILLE_PRESS-IG-150x150.png 150w, https:\/\/www.closdecaille.com\/wp-content\/uploads\/2025\/06\/SAMPI_CLOS-DE-CAILLE_PRESS-IG-768x768.png 768w, https:\/\/www.closdecaille.com\/wp-content\/uploads\/2025\/06\/SAMPI_CLOS-DE-CAILLE_PRESS-IG-900x900.png 900w, https:\/\/www.closdecaille.com\/wp-content\/uploads\/2025\/06\/SAMPI_CLOS-DE-CAILLE_PRESS-IG-100x100.png 100w, https:\/\/www.closdecaille.com\/wp-content\/uploads\/2025\/06\/SAMPI_CLOS-DE-CAILLE_PRESS-IG.png 1485w\" sizes=\"(max-width: 233px) 100vw, 233px\" \/><\/em><\/p>\n<p style=\"text-align: center;\"><strong>The Pillar of the Family<\/strong><br \/>\nDeep, structured and elegant, our T\u00eate de Cuv\u00e9e Rouge, Clos de Caille \u2018Patrius\u2019, evokes those pillars of society who move forward with integrity and humility. Its name, derived from Latin <em>patrius \u2013 \u00abpaternal\u00bb<\/em> \u2013 embodies heritage, lineage and the transmission of founding values. Its aromas of black fruits, precious woods and sweet spices evoke inner strength, wisdom passed down through generations and benevolent rigour.<br \/>\nIt is a wine of character, with an inspiring presence, much like those figures who leave a mark on our lives with their discretion and consistency.<\/p>\n<h4 style=\"text-align: center;\"><a href=\"\/en\/?p=2083\">Offer the wine Clos de Caille \u2018Patrius\u2019<\/a><\/h4>\n<p style=\"text-align: center;\"><strong>Clos de Caille \u2018Lucis\u2019 White 2023 \u2013 T\u00eate de Cuv\u00e9e<br \/>\n<\/strong><\/p>\n<p style=\"text-align: center;\"><img decoding=\"async\" class=\"wp-image-4784 aligncenter\" src=\"https:\/\/www.closdecaille.com\/wp-content\/uploads\/2025\/06\/SAMPI_CLOS-DE-CAILLE_PRESS-IG-2-1024x1024.png\" alt=\"Clos de Caille LUCIS\" width=\"233\" height=\"233\" srcset=\"https:\/\/www.closdecaille.com\/wp-content\/uploads\/2025\/06\/SAMPI_CLOS-DE-CAILLE_PRESS-IG-2-1024x1024.png 1024w, https:\/\/www.closdecaille.com\/wp-content\/uploads\/2025\/06\/SAMPI_CLOS-DE-CAILLE_PRESS-IG-2-300x300.png 300w, https:\/\/www.closdecaille.com\/wp-content\/uploads\/2025\/06\/SAMPI_CLOS-DE-CAILLE_PRESS-IG-2-150x150.png 150w, https:\/\/www.closdecaille.com\/wp-content\/uploads\/2025\/06\/SAMPI_CLOS-DE-CAILLE_PRESS-IG-2-768x768.png 768w, https:\/\/www.closdecaille.com\/wp-content\/uploads\/2025\/06\/SAMPI_CLOS-DE-CAILLE_PRESS-IG-2-900x900.png 900w, https:\/\/www.closdecaille.com\/wp-content\/uploads\/2025\/06\/SAMPI_CLOS-DE-CAILLE_PRESS-IG-2-100x100.png 100w, https:\/\/www.closdecaille.com\/wp-content\/uploads\/2025\/06\/SAMPI_CLOS-DE-CAILLE_PRESS-IG-2.png 1485w\" sizes=\"(max-width: 233px) 100vw, 233px\" \/><\/p>\n<p style=\"text-align: center;\"><strong>The benevolent Mentor <\/strong><br \/>\nBoth pure and luminous, our T\u00eate de Cuv\u00e9e Clos de Caille \u2018Lucis\u2019 2023 is a great white wine from Provence. A wine of balance and restraint. It speaks little, but says everything \u2014 like those discreet, observant fathers who provide guidance with accuracy and intuition. It pays tribute to those who share without imposing, who guide without making a sound. A wine with soul, which touches the heart with its clarity and accuracy.<\/p>\n<h4 style=\"text-align: center;\"><a href=\"\/en\/?p=4130\">Offer the wine Clos de Caille \u2018Lucis\u2019<\/a><\/h4>\n<p style=\"text-align: center;\"><strong>Clos de Caille Ros\u00e9 \u2018Clarisse\u2019 2024 \u2013 T\u00eate de Cuv\u00e9e<br \/>\n<\/strong><\/p>\n<p style=\"text-align: center;\"><img decoding=\"async\" class=\"wp-image-4786 aligncenter\" src=\"https:\/\/www.closdecaille.com\/wp-content\/uploads\/2025\/06\/SAMPI_CLOS-DE-CAILLE_PRESS-IG-1-1024x1024.png\" alt=\"Clos de Caille CLARISSE\" width=\"233\" height=\"233\" srcset=\"https:\/\/www.closdecaille.com\/wp-content\/uploads\/2025\/06\/SAMPI_CLOS-DE-CAILLE_PRESS-IG-1-1024x1024.png 1024w, https:\/\/www.closdecaille.com\/wp-content\/uploads\/2025\/06\/SAMPI_CLOS-DE-CAILLE_PRESS-IG-1-300x300.png 300w, https:\/\/www.closdecaille.com\/wp-content\/uploads\/2025\/06\/SAMPI_CLOS-DE-CAILLE_PRESS-IG-1-150x150.png 150w, https:\/\/www.closdecaille.com\/wp-content\/uploads\/2025\/06\/SAMPI_CLOS-DE-CAILLE_PRESS-IG-1-768x768.png 768w, https:\/\/www.closdecaille.com\/wp-content\/uploads\/2025\/06\/SAMPI_CLOS-DE-CAILLE_PRESS-IG-1-900x900.png 900w, https:\/\/www.closdecaille.com\/wp-content\/uploads\/2025\/06\/SAMPI_CLOS-DE-CAILLE_PRESS-IG-1-100x100.png 100w, https:\/\/www.closdecaille.com\/wp-content\/uploads\/2025\/06\/SAMPI_CLOS-DE-CAILLE_PRESS-IG-1.png 1485w\" sizes=\"(max-width: 233px) 100vw, 233px\" \/><\/p>\n<p style=\"text-align: center;\"><strong>The Patient Builder<\/strong><br \/>\nFar from the classic codes of summer ros\u00e9, Clos de Caille \u2018Clarisse\u2019 is part of a long tradition, one of transmission and repeated precision. Like our ros\u00e9 for ageing, it is crafted with rigour and consistency, never taking the easy route. Structured, precise and balanced, this wine pays tribute to those founding fathers who prefer depth to immediacy, mastery to noise. It is crafted to last, like the legacy left by a man who builds with his heart, time and hands.<\/p>\n<h4 style=\"text-align: center;\"><a href=\"\/en\/?p=2062\">Offer the wine Clos de Caille \u2018Clarisse\u2019<\/a><\/h4>\n<p>&nbsp;<\/p>\n<p style=\"text-align: center;\"><strong>Discover the perfect gift for your family moments<\/strong><\/p>\n<h4 style=\"text-align: center;\"><a href=\"\/en\/?p=4051\"><strong>Offer the Trio Couture gift set<\/strong><\/a><\/h4>\n<p style=\"text-align: center;\"><em>Clos de Caille Red 2021<br \/>\nClos de Caille White 2024<br \/>\nClos de Caille Ros\u00e9 2024<\/em><\/p>\n<p style=\"text-align: center;\"><em><strong>Available exclusively on our website or upon request from our Customer Service department.<\/strong><\/em><\/p>\n<p style=\"text-align: center;\"><em>Shipping is free for purchases over \u20ac100 in France and Monaco.<br \/>\nDelivery within 3 working days in secure, reinforced packaging.<\/em><\/p>\n<p>&nbsp;<\/p>\n<p style=\"text-align: center;\">_______________________________<\/p>\n<h2 style=\"text-align: center;\"><strong>THE CLOS JOURNAL<\/strong><\/h2>\n<h3 style=\"text-align: center;\"><em><strong>La Revue du Vin de France competition<\/strong><\/em><\/h3>\n<p style=\"text-align: center;\"><strong>Until 30 June<\/strong>, try our solar cuv\u00e9e, crafted by Matthieu Cosse<strong>, Clos de Caille Ros\u00e9 2024<\/strong>.<\/p>\n<h4 style=\"text-align: center;\"><a href=\"https:\/\/www.larvf.com\/gagnez-chaque-jour-une-bouteille-de-clos-de-caille-rose-2024,4896185.asp\"><strong>Every day, participate and win the Clos de Caille Ros\u00e9 2024<\/strong><\/a><\/h4>\n<p style=\"text-align: center;\">-<\/p>\n<h3 style=\"text-align: center;\"><strong>YOUR PERSONAL APPOINTMENT<\/strong><\/h3>\n<p style=\"text-align: center;\">Because we are committed to offering our customers a unique experience, we invite you to make an appointment with one of our ambassadors, who will be happy to answer all your questions and discuss distribution terms.<\/p>\n<h4 style=\"text-align: center;\"><a href=\"mailto:info@closdecaille.com\">Contact our Customer Service Department<\/a><\/h4>","protected":false},"excerpt":{"rendered":"<p>Un vin, une \u00e9motion, un souvenir : Honorez votre papa avec Clos de Caille Pour la F\u00eate des P\u00e8res, le Domaine du Clos de Caille rend hommage aux papas \u00e9picuriens, connaisseurs et amateurs \u00e9clair\u00e9s, avec trois vins d\u2019exception. Sign\u00e9 par l\u2019architecte de renomm\u00e9e internationale Rudy Ricciotti, chaque vin est vinifi\u00e9 au sein de notre \u00ab [&hellip;]<\/p>\n","protected":false},"author":10,"featured_media":4796,"comment_status":"closed","ping_status":"closed","sticky":false,"template":"","format":"standard","meta":{"_acf_changed":false,"_mo_disable_npp":"","footnotes":""},"categories":[324],"tags":[270,205],"class_list":["post-4781","post","type-post","status-publish","format-standard","has-post-thumbnail","hentry","category-art-de-vivre","tag-fete-des-peres","tag-tete-de-cuvee"],"acf":[],"yoast_head":"<!-- This site is optimized with the Yoast SEO plugin v27.0 - https:\/\/yoast.com\/product\/yoast-seo-wordpress\/ -->\n<title>C\u00e9l\u00e9brez la F\u00eate des P\u00e8res - Clos de Caille<\/title>\n<meta name=\"description\" content=\"Offrez l\u2019\u00e9l\u00e9gance en bouteille pour la F\u00eate des P\u00e8res. D\u00e9couvrez notre s\u00e9lection de vins Clos de Caille \u2013 rouges, blancs et ros\u00e9s \u2013 pour c\u00e9l\u00e9brer les papas \u00e9picuriens avec \u00e9motion et raffinement.\" \/>\n<meta name=\"robots\" content=\"index, follow, max-snippet:-1, max-image-preview:large, max-video-preview:-1\" \/>\n<link rel=\"canonical\" href=\"https:\/\/www.closdecaille.com\/en\/celebrez-la-fete-des-peres\/\" \/>\n<meta property=\"og:locale\" content=\"en_GB\" \/>\n<meta property=\"og:type\" content=\"article\" \/>\n<meta property=\"og:title\" content=\"C\u00e9l\u00e9brez la F\u00eate des P\u00e8res - Clos de Caille\" \/>\n<meta property=\"og:description\" content=\"Offrez l\u2019\u00e9l\u00e9gance en bouteille pour la F\u00eate des P\u00e8res. D\u00e9couvrez notre s\u00e9lection de vins Clos de Caille \u2013 rouges, blancs et ros\u00e9s \u2013 pour c\u00e9l\u00e9brer les papas \u00e9picuriens avec \u00e9motion et raffinement.\" \/>\n<meta property=\"og:url\" content=\"https:\/\/www.closdecaille.com\/en\/celebrez-la-fete-des-peres\/\" \/>\n<meta property=\"og:site_name\" content=\"Clos de Caille\" \/>\n<meta property=\"article:published_time\" content=\"2025-06-09T14:16:43+00:00\" \/>\n<meta property=\"article:modified_time\" content=\"2025-12-09T08:35:21+00:00\" \/>\n<meta property=\"og:image\" content=\"https:\/\/www.closdecaille.com\/wp-content\/uploads\/2025\/06\/Clos-de-Caille-48-1024x683.jpg\" \/>\n\t<meta property=\"og:image:width\" content=\"1024\" \/>\n\t<meta property=\"og:image:height\" content=\"683\" \/>\n\t<meta property=\"og:image:type\" content=\"image\/jpeg\" \/>\n<meta name=\"author\" content=\"Julie Fleisch\" \/>\n<meta name=\"twitter:label1\" content=\"Written by\" \/>\n\t<meta name=\"twitter:data1\" content=\"Julie Fleisch\" \/>\n\t<meta name=\"twitter:label2\" content=\"Estimated reading time\" \/>\n\t<meta name=\"twitter:data2\" content=\"4 minutes\" \/>\n<script type=\"application\/ld+json\" class=\"yoast-schema-graph\">{\"@context\":\"https:\/\/schema.org\",\"@graph\":[{\"@type\":\"Article\",\"@id\":\"https:\/\/www.closdecaille.com\/celebrez-la-fete-des-peres\/#article\",\"isPartOf\":{\"@id\":\"https:\/\/www.closdecaille.com\/celebrez-la-fete-des-peres\/\"},\"author\":{\"name\":\"Julie Fleisch\",\"@id\":\"https:\/\/www.closdecaille.com\/#\/schema\/person\/183ec33b0abe209accdd35f1ba15b586\"},\"headline\":\"C\u00e9l\u00e9brez la F\u00eate des P\u00e8res\",\"datePublished\":\"2025-06-09T14:16:43+00:00\",\"dateModified\":\"2025-12-09T08:35:21+00:00\",\"mainEntityOfPage\":{\"@id\":\"https:\/\/www.closdecaille.com\/celebrez-la-fete-des-peres\/\"},\"wordCount\":769,\"publisher\":{\"@id\":\"https:\/\/www.closdecaille.com\/#organization\"},\"image\":{\"@id\":\"https:\/\/www.closdecaille.com\/celebrez-la-fete-des-peres\/#primaryimage\"},\"thumbnailUrl\":\"https:\/\/www.closdecaille.com\/wp-content\/uploads\/2025\/06\/Clos-de-Caille-48-scaled.jpg\",\"keywords\":[\"F\u00eate des P\u00e8res\",\"T\u00eate de cuv\u00e9e\"],\"articleSection\":[\"Art de vivre\"],\"inLanguage\":\"en-GB\"},{\"@type\":\"WebPage\",\"@id\":\"https:\/\/www.closdecaille.com\/celebrez-la-fete-des-peres\/\",\"url\":\"https:\/\/www.closdecaille.com\/celebrez-la-fete-des-peres\/\",\"name\":\"C\u00e9l\u00e9brez la F\u00eate des P\u00e8res - Clos de Caille\",\"isPartOf\":{\"@id\":\"https:\/\/www.closdecaille.com\/#website\"},\"primaryImageOfPage\":{\"@id\":\"https:\/\/www.closdecaille.com\/celebrez-la-fete-des-peres\/#primaryimage\"},\"image\":{\"@id\":\"https:\/\/www.closdecaille.com\/celebrez-la-fete-des-peres\/#primaryimage\"},\"thumbnailUrl\":\"https:\/\/www.closdecaille.com\/wp-content\/uploads\/2025\/06\/Clos-de-Caille-48-scaled.jpg\",\"datePublished\":\"2025-06-09T14:16:43+00:00\",\"dateModified\":\"2025-12-09T08:35:21+00:00\",\"description\":\"Offrez l\u2019\u00e9l\u00e9gance en bouteille pour la F\u00eate des P\u00e8res. D\u00e9couvrez notre s\u00e9lection de vins Clos de Caille \u2013 rouges, blancs et ros\u00e9s \u2013 pour c\u00e9l\u00e9brer les papas \u00e9picuriens avec \u00e9motion et raffinement.\",\"breadcrumb\":{\"@id\":\"https:\/\/www.closdecaille.com\/celebrez-la-fete-des-peres\/#breadcrumb\"},\"inLanguage\":\"en-GB\",\"potentialAction\":[{\"@type\":\"ReadAction\",\"target\":[\"https:\/\/www.closdecaille.com\/celebrez-la-fete-des-peres\/\"]}]},{\"@type\":\"ImageObject\",\"inLanguage\":\"en-GB\",\"@id\":\"https:\/\/www.closdecaille.com\/celebrez-la-fete-des-peres\/#primaryimage\",\"url\":\"https:\/\/www.closdecaille.com\/wp-content\/uploads\/2025\/06\/Clos-de-Caille-48-scaled.jpg\",\"contentUrl\":\"https:\/\/www.closdecaille.com\/wp-content\/uploads\/2025\/06\/Clos-de-Caille-48-scaled.jpg\",\"width\":2560,\"height\":1707,\"caption\":\"S\u00e9lection F\u00eate des P\u00e8res\"},{\"@type\":\"BreadcrumbList\",\"@id\":\"https:\/\/www.closdecaille.com\/celebrez-la-fete-des-peres\/#breadcrumb\",\"itemListElement\":[{\"@type\":\"ListItem\",\"position\":1,\"name\":\"Art de vivre\",\"item\":\"https:\/\/www.closdecaille.com\/category\/art-de-vivre\/\"},{\"@type\":\"ListItem\",\"position\":2,\"name\":\"C\u00e9l\u00e9brez la F\u00eate des P\u00e8res\"}]},{\"@type\":\"WebSite\",\"@id\":\"https:\/\/www.closdecaille.com\/#website\",\"url\":\"https:\/\/www.closdecaille.com\/\",\"name\":\"Clos de Caille\",\"description\":\"Vins AOP C\u00f4tes de Provence\",\"publisher\":{\"@id\":\"https:\/\/www.closdecaille.com\/#organization\"},\"potentialAction\":[{\"@type\":\"SearchAction\",\"target\":{\"@type\":\"EntryPoint\",\"urlTemplate\":\"https:\/\/www.closdecaille.com\/?s={search_term_string}\"},\"query-input\":{\"@type\":\"PropertyValueSpecification\",\"valueRequired\":true,\"valueName\":\"search_term_string\"}}],\"inLanguage\":\"en-GB\"},{\"@type\":\"Organization\",\"@id\":\"https:\/\/www.closdecaille.com\/#organization\",\"name\":\"Clos de Caille\",\"url\":\"https:\/\/www.closdecaille.com\/\",\"logo\":{\"@type\":\"ImageObject\",\"inLanguage\":\"en-GB\",\"@id\":\"https:\/\/www.closdecaille.com\/#\/schema\/logo\/image\/\",\"url\":\"https:\/\/www.closdecaille.com\/wp-content\/uploads\/2023\/07\/favicon-2023.png\",\"contentUrl\":\"https:\/\/www.closdecaille.com\/wp-content\/uploads\/2023\/07\/favicon-2023.png\",\"width\":600,\"height\":600,\"caption\":\"Clos de Caille\"},\"image\":{\"@id\":\"https:\/\/www.closdecaille.com\/#\/schema\/logo\/image\/\"}},{\"@type\":\"Person\",\"@id\":\"https:\/\/www.closdecaille.com\/#\/schema\/person\/183ec33b0abe209accdd35f1ba15b586\",\"name\":\"Julie Fleisch\",\"image\":{\"@type\":\"ImageObject\",\"inLanguage\":\"en-GB\",\"@id\":\"https:\/\/www.closdecaille.com\/#\/schema\/person\/image\/\",\"url\":\"https:\/\/secure.gravatar.com\/avatar\/bffc10faa760f5f1f08f454e79e3342f047898af28fb87e9eec6b7842f516e2a?s=96&d=mm&r=g\",\"contentUrl\":\"https:\/\/secure.gravatar.com\/avatar\/bffc10faa760f5f1f08f454e79e3342f047898af28fb87e9eec6b7842f516e2a?s=96&d=mm&r=g\",\"caption\":\"Julie Fleisch\"}}]}<\/script>\n<!-- \/ Yoast SEO plugin. -->","yoast_head_json":{"title":"Celebrate Father's Day - Clos de Caille","description":"Offer elegance in a bottle for Father's Day. Discover our selection of Clos de Caille wines \u2013 red, white and ros\u00e9 \u2013 to celebrate epicurean fathers with emotion and refinement.","robots":{"index":"index","follow":"follow","max-snippet":"max-snippet:-1","max-image-preview":"max-image-preview:large","max-video-preview":"max-video-preview:-1"},"canonical":"https:\/\/www.closdecaille.com\/en\/celebrez-la-fete-des-peres\/","og_locale":"en_GB","og_type":"article","og_title":"C\u00e9l\u00e9brez la F\u00eate des P\u00e8res - Clos de Caille","og_description":"Offrez l\u2019\u00e9l\u00e9gance en bouteille pour la F\u00eate des P\u00e8res. D\u00e9couvrez notre s\u00e9lection de vins Clos de Caille \u2013 rouges, blancs et ros\u00e9s \u2013 pour c\u00e9l\u00e9brer les papas \u00e9picuriens avec \u00e9motion et raffinement.","og_url":"https:\/\/www.closdecaille.com\/en\/celebrez-la-fete-des-peres\/","og_site_name":"Clos de Caille","article_published_time":"2025-06-09T14:16:43+00:00","article_modified_time":"2025-12-09T08:35:21+00:00","og_image":[{"width":1024,"height":683,"url":"https:\/\/www.closdecaille.com\/wp-content\/uploads\/2025\/06\/Clos-de-Caille-48-1024x683.jpg","type":"image\/jpeg"}],"author":"Julie Fleisch","twitter_misc":{"Written by":"Julie Fleisch","Estimated reading time":"4 minutes"},"schema":{"@context":"https:\/\/schema.org","@graph":[{"@type":"Article","@id":"https:\/\/www.closdecaille.com\/celebrez-la-fete-des-peres\/#article","isPartOf":{"@id":"https:\/\/www.closdecaille.com\/celebrez-la-fete-des-peres\/"},"author":{"name":"Julie Fleisch","@id":"https:\/\/www.closdecaille.com\/#\/schema\/person\/183ec33b0abe209accdd35f1ba15b586"},"headline":"C\u00e9l\u00e9brez la F\u00eate des P\u00e8res","datePublished":"2025-06-09T14:16:43+00:00","dateModified":"2025-12-09T08:35:21+00:00","mainEntityOfPage":{"@id":"https:\/\/www.closdecaille.com\/celebrez-la-fete-des-peres\/"},"wordCount":769,"publisher":{"@id":"https:\/\/www.closdecaille.com\/#organization"},"image":{"@id":"https:\/\/www.closdecaille.com\/celebrez-la-fete-des-peres\/#primaryimage"},"thumbnailUrl":"https:\/\/www.closdecaille.com\/wp-content\/uploads\/2025\/06\/Clos-de-Caille-48-scaled.jpg","keywords":["F\u00eate des P\u00e8res","T\u00eate de cuv\u00e9e"],"articleSection":["Art de vivre"],"inLanguage":"en-GB"},{"@type":"WebPage","@id":"https:\/\/www.closdecaille.com\/celebrez-la-fete-des-peres\/","url":"https:\/\/www.closdecaille.com\/celebrez-la-fete-des-peres\/","name":"Celebrate Father's Day - Clos de Caille","isPartOf":{"@id":"https:\/\/www.closdecaille.com\/#website"},"primaryImageOfPage":{"@id":"https:\/\/www.closdecaille.com\/celebrez-la-fete-des-peres\/#primaryimage"},"image":{"@id":"https:\/\/www.closdecaille.com\/celebrez-la-fete-des-peres\/#primaryimage"},"thumbnailUrl":"https:\/\/www.closdecaille.com\/wp-content\/uploads\/2025\/06\/Clos-de-Caille-48-scaled.jpg","datePublished":"2025-06-09T14:16:43+00:00","dateModified":"2025-12-09T08:35:21+00:00","description":"Offer elegance in a bottle for Father's Day. Discover our selection of Clos de Caille wines \u2013 red, white and ros\u00e9 \u2013 to celebrate epicurean fathers with emotion and refinement.","breadcrumb":{"@id":"https:\/\/www.closdecaille.com\/celebrez-la-fete-des-peres\/#breadcrumb"},"inLanguage":"en-GB","potentialAction":[{"@type":"ReadAction","target":["https:\/\/www.closdecaille.com\/celebrez-la-fete-des-peres\/"]}]},{"@type":"ImageObject","inLanguage":"en-GB","@id":"https:\/\/www.closdecaille.com\/celebrez-la-fete-des-peres\/#primaryimage","url":"https:\/\/www.closdecaille.com\/wp-content\/uploads\/2025\/06\/Clos-de-Caille-48-scaled.jpg","contentUrl":"https:\/\/www.closdecaille.com\/wp-content\/uploads\/2025\/06\/Clos-de-Caille-48-scaled.jpg","width":2560,"height":1707,"caption":"S\u00e9lection F\u00eate des P\u00e8res"},{"@type":"BreadcrumbList","@id":"https:\/\/www.closdecaille.com\/celebrez-la-fete-des-peres\/#breadcrumb","itemListElement":[{"@type":"ListItem","position":1,"name":"Art de vivre","item":"https:\/\/www.closdecaille.com\/category\/art-de-vivre\/"},{"@type":"ListItem","position":2,"name":"C\u00e9l\u00e9brez la F\u00eate des P\u00e8res"}]},{"@type":"WebSite","@id":"https:\/\/www.closdecaille.com\/#website","url":"https:\/\/www.closdecaille.com\/","name":"Clos de Caille","description":"C\u00f4tes de Provence AOP wines","publisher":{"@id":"https:\/\/www.closdecaille.com\/#organization"},"potentialAction":[{"@type":"SearchAction","target":{"@type":"EntryPoint","urlTemplate":"https:\/\/www.closdecaille.com\/?s={search_term_string}"},"query-input":{"@type":"PropertyValueSpecification","valueRequired":true,"valueName":"search_term_string"}}],"inLanguage":"en-GB"},{"@type":"Organization","@id":"https:\/\/www.closdecaille.com\/#organization","name":"Clos de Caille","url":"https:\/\/www.closdecaille.com\/","logo":{"@type":"ImageObject","inLanguage":"en-GB","@id":"https:\/\/www.closdecaille.com\/#\/schema\/logo\/image\/","url":"https:\/\/www.closdecaille.com\/wp-content\/uploads\/2023\/07\/favicon-2023.png","contentUrl":"https:\/\/www.closdecaille.com\/wp-content\/uploads\/2023\/07\/favicon-2023.png","width":600,"height":600,"caption":"Clos de Caille"},"image":{"@id":"https:\/\/www.closdecaille.com\/#\/schema\/logo\/image\/"}},{"@type":"Person","@id":"https:\/\/www.closdecaille.com\/#\/schema\/person\/183ec33b0abe209accdd35f1ba15b586","name":"Julie Fleisch","image":{"@type":"ImageObject","inLanguage":"en-GB","@id":"https:\/\/www.closdecaille.com\/#\/schema\/person\/image\/","url":"https:\/\/secure.gravatar.com\/avatar\/bffc10faa760f5f1f08f454e79e3342f047898af28fb87e9eec6b7842f516e2a?s=96&d=mm&r=g","contentUrl":"https:\/\/secure.gravatar.com\/avatar\/bffc10faa760f5f1f08f454e79e3342f047898af28fb87e9eec6b7842f516e2a?s=96&d=mm&r=g","caption":"Julie Fleisch"}}]}},"_links":{"self":[{"href":"https:\/\/www.closdecaille.com\/en\/wp-json\/wp\/v2\/posts\/4781","targetHints":{"allow":["GET"]}}],"collection":[{"href":"https:\/\/www.closdecaille.com\/en\/wp-json\/wp\/v2\/posts"}],"about":[{"href":"https:\/\/www.closdecaille.com\/en\/wp-json\/wp\/v2\/types\/post"}],"author":[{"embeddable":true,"href":"https:\/\/www.closdecaille.com\/en\/wp-json\/wp\/v2\/users\/10"}],"replies":[{"embeddable":true,"href":"https:\/\/www.closdecaille.com\/en\/wp-json\/wp\/v2\/comments?post=4781"}],"version-history":[{"count":6,"href":"https:\/\/www.closdecaille.com\/en\/wp-json\/wp\/v2\/posts\/4781\/revisions"}],"predecessor-version":[{"id":5282,"href":"https:\/\/www.closdecaille.com\/en\/wp-json\/wp\/v2\/posts\/4781\/revisions\/5282"}],"wp:featuredmedia":[{"embeddable":true,"href":"https:\/\/www.closdecaille.com\/en\/wp-json\/wp\/v2\/media\/4796"}],"wp:attachment":[{"href":"https:\/\/www.closdecaille.com\/en\/wp-json\/wp\/v2\/media?parent=4781"}],"wp:term":[{"taxonomy":"category","embeddable":true,"href":"https:\/\/www.closdecaille.com\/en\/wp-json\/wp\/v2\/categories?post=4781"},{"taxonomy":"post_tag","embeddable":true,"href":"https:\/\/www.closdecaille.com\/en\/wp-json\/wp\/v2\/tags?post=4781"}],"curies":[{"name":"wp","href":"https:\/\/api.w.org\/{rel}","templated":true}]}}