{"id":4734,"date":"2025-06-02T12:57:45","date_gmt":"2025-06-02T10:57:45","guid":{"rendered":"https:\/\/www.closdecaille.com\/?p=4734"},"modified":"2025-12-09T09:32:40","modified_gmt":"2025-12-09T08:32:40","slug":"medailles-dor-au-concours-elle-a-table","status":"publish","type":"post","link":"https:\/\/www.closdecaille.com\/en\/medailles-dor-au-concours-elle-a-table\/","title":{"rendered":"Our Gold Medals at the Elle \u00e0 Table 2025 competition!"},"content":{"rendered":"<p style=\"text-align: center;\"><strong>Our award-winning wines: a quest for excellence rewarded<\/strong><\/p>\n<p style=\"text-align: center;\"><strong>Three of our vintages have been awarded Gold Medals.<\/strong> at the prestigious Wine Competition <strong>She at the Table 2025<\/strong>.<\/p>\n<div style=\"width: 800px;\" class=\"wp-video\"><video class=\"wp-video-shortcode\" id=\"video-4734-1\" width=\"800\" height=\"640\" preload=\"metadata\" controls=\"controls\"><source type=\"video\/mp4\" src=\"https:\/\/www.closdecaille.com\/wp-content\/uploads\/2025\/06\/SAMPI-CLOS-DE-CAILLE-NL.mp4?_=1\" \/><a href=\"https:\/\/www.closdecaille.com\/wp-content\/uploads\/2025\/06\/SAMPI-CLOS-DE-CAILLE-NL.mp4\">https:\/\/www.closdecaille.com\/wp-content\/uploads\/2025\/06\/SAMPI-CLOS-DE-CAILLE-NL.mp4<\/a><\/video><\/div>\n<p style=\"text-align: center;\">This distinction rewards the meticulous work of our master winemakers and embodies <strong>the expertise we cultivate every day with passion and dedication<\/strong>. It reflects the jury's recognition of our wines as being among the <strong>best in their category<\/strong>.<\/p>\n<h1 style=\"text-align: center;\"><strong>A NEW MILESTONE IN OUR PURSUIT OF EXCELLENCE<\/strong><\/h1>\n<p style=\"text-align: center;\">It is by combining expertise, precision and respect for living things that we manage, year after year, to craft wines that sincerely express the soul of the <strong>Clos de Caille<\/strong>.<\/p>\n<p style=\"text-align: center;\">The Mariotti family and the Clos de Caille team would like to extend their warmest thanks to our partners and industry professionals who, through their commitment, share the values that are dear to us: excellence, heritage and emotion.<\/p>\n<p style=\"text-align: center;\">???? See you this summer for the final tasting of the Elle \u00e0 Table Competition Awards, where the 10 wines of the year will be selected by a jury of experts and members of the editorial team.<\/p>\n<p style=\"text-align: center;\">(Re)discover our award-winning wines on our website and enjoy them with your favourite food and wine pairings.<\/p>\n<p style=\"text-align: center;\"><img decoding=\"async\" class=\"wp-image-4753 aligncenter\" src=\"https:\/\/www.closdecaille.com\/wp-content\/uploads\/2025\/06\/Patrius-2021-Clos-de-Caille-V2-1-271x1024.png\" alt=\"\" width=\"70\" height=\"265\" srcset=\"https:\/\/www.closdecaille.com\/wp-content\/uploads\/2025\/06\/Patrius-2021-Clos-de-Caille-V2-1-271x1024.png 271w, https:\/\/www.closdecaille.com\/wp-content\/uploads\/2025\/06\/Patrius-2021-Clos-de-Caille-V2-1-79x300.png 79w, https:\/\/www.closdecaille.com\/wp-content\/uploads\/2025\/06\/Patrius-2021-Clos-de-Caille-V2-1-768x2905.png 768w, https:\/\/www.closdecaille.com\/wp-content\/uploads\/2025\/06\/Patrius-2021-Clos-de-Caille-V2-1-406x1536.png 406w, https:\/\/www.closdecaille.com\/wp-content\/uploads\/2025\/06\/Patrius-2021-Clos-de-Caille-V2-1-542x2048.png 542w, https:\/\/www.closdecaille.com\/wp-content\/uploads\/2025\/06\/Patrius-2021-Clos-de-Caille-V2-1-1024x3873.png 1024w, https:\/\/www.closdecaille.com\/wp-content\/uploads\/2025\/06\/Patrius-2021-Clos-de-Caille-V2-1-300x1135.png 300w, https:\/\/www.closdecaille.com\/wp-content\/uploads\/2025\/06\/Patrius-2021-Clos-de-Caille-V2-1-scaled.png 677w\" sizes=\"(max-width: 70px) 100vw, 70px\" \/><\/p>\n<p style=\"text-align: center;\"><strong>Clos de Caille \u2018Patrius\u2019 Red 2021 \u2013 T\u00eate de Cuv\u00e9e<br \/>\n<em>Tasting notes<\/em> <\/strong><\/p>\n<p style=\"text-align: center;\"><em>Beautiful depth of colour, nose of very ripe fruit with spicy, smoky, ashy notes, balsamic and empyreumatic character with powerful expression.<\/em><br \/>\n<em>Round and structured on the palate, with dense texture and powerful fruitiness that pairs beautifully with meat dishes in sauce and game.<\/em><\/p>\n<h4 style=\"text-align: center;\"><a href=\"\/en\/?p=2083\">Discover wine Clos de Caille \u2018Patrius\u2019<\/a><\/h4>\n<p style=\"text-align: center;\">\u00a0<img decoding=\"async\" class=\"wp-image-4749 aligncenter\" src=\"https:\/\/www.closdecaille.com\/wp-content\/uploads\/2025\/06\/Clos-de-Caille-Lucis-V3-mention-plus-grande--290x1024.png\" alt=\"\" width=\"70\" height=\"247\" srcset=\"https:\/\/www.closdecaille.com\/wp-content\/uploads\/2025\/06\/Clos-de-Caille-Lucis-V3-mention-plus-grande--290x1024.png 290w, https:\/\/www.closdecaille.com\/wp-content\/uploads\/2025\/06\/Clos-de-Caille-Lucis-V3-mention-plus-grande--85x300.png 85w, https:\/\/www.closdecaille.com\/wp-content\/uploads\/2025\/06\/Clos-de-Caille-Lucis-V3-mention-plus-grande--768x2708.png 768w, https:\/\/www.closdecaille.com\/wp-content\/uploads\/2025\/06\/Clos-de-Caille-Lucis-V3-mention-plus-grande--436x1536.png 436w, https:\/\/www.closdecaille.com\/wp-content\/uploads\/2025\/06\/Clos-de-Caille-Lucis-V3-mention-plus-grande--581x2048.png 581w, https:\/\/www.closdecaille.com\/wp-content\/uploads\/2025\/06\/Clos-de-Caille-Lucis-V3-mention-plus-grande--1024x3610.png 1024w, https:\/\/www.closdecaille.com\/wp-content\/uploads\/2025\/06\/Clos-de-Caille-Lucis-V3-mention-plus-grande--300x1058.png 300w, https:\/\/www.closdecaille.com\/wp-content\/uploads\/2025\/06\/Clos-de-Caille-Lucis-V3-mention-plus-grande--scaled.png 726w\" sizes=\"(max-width: 70px) 100vw, 70px\" \/><\/p>\n<p style=\"text-align: center;\"><strong>Clos de Caille \u2018Lucis\u2019 White 2023 \u2013 T\u00eate de Cuv\u00e9e<br \/>\n<em>Tasting notes<\/em> <\/strong><\/p>\n<p style=\"text-align: center;\"><em>A clear, bright wine with a colour and subtle golden highlights. The nose is round and complex with lovely aromas of citrus, white fruit and flowers. The palate is round, dense but harmonious and balanced with lots of aromatic freshness, finesse of expression and persistence on the palate. This is a gastronomic wine that will pair beautifully with scallops, line-caught sea bass, white meats and cheeses.<\/em><\/p>\n<h4 style=\"text-align: center;\"><a href=\"\/en\/?p=4130\">Discover wine Clos de Caille \u2018Lucis\u2019<\/a><\/h4>\n<p style=\"text-align: center;\"><img decoding=\"async\" class=\"wp-image-4751 aligncenter\" src=\"https:\/\/www.closdecaille.com\/wp-content\/uploads\/2025\/06\/Clos-de-Caille-rouge-2021-V2-271x1024.png\" alt=\"\" width=\"70\" height=\"264\" srcset=\"https:\/\/www.closdecaille.com\/wp-content\/uploads\/2025\/06\/Clos-de-Caille-rouge-2021-V2-271x1024.png 271w, https:\/\/www.closdecaille.com\/wp-content\/uploads\/2025\/06\/Clos-de-Caille-rouge-2021-V2-768x2905.png 768w, https:\/\/www.closdecaille.com\/wp-content\/uploads\/2025\/06\/Clos-de-Caille-rouge-2021-V2-406x1536.png 406w, https:\/\/www.closdecaille.com\/wp-content\/uploads\/2025\/06\/Clos-de-Caille-rouge-2021-V2-542x2048.png 542w, https:\/\/www.closdecaille.com\/wp-content\/uploads\/2025\/06\/Clos-de-Caille-rouge-2021-V2-1024x3873.png 1024w, https:\/\/www.closdecaille.com\/wp-content\/uploads\/2025\/06\/Clos-de-Caille-rouge-2021-V2-300x1135.png 300w, https:\/\/www.closdecaille.com\/wp-content\/uploads\/2025\/06\/Clos-de-Caille-rouge-2021-V2-scaled.png 677w\" sizes=\"(max-width: 70px) 100vw, 70px\" \/><\/p>\n<p style=\"text-align: center;\"><strong>Clos de Caille Red 2021<br \/>\n<em>Tasting notes<\/em> <\/strong><i><\/i><\/p>\n<p style=\"text-align: center;\">Beautiful deep colour, complex nose of spices and black fruits, refined ageing with hints of precious wood.<br \/>\nThe wine is full-bodied on the palate with a beautiful round and harmonious texture, lovely ripe tannins, and a long finish with hints of spice.<\/p>\n<h4 style=\"text-align: center;\"><a href=\"\/en\/?p=2085\">Discover the Clos de Caille Red 2021 wine<\/a><\/h4>\n<p>&nbsp;<\/p>\n<p style=\"text-align: center;\"><em>Shipping is free for purchases over \u20ac100 in France and Monaco.<br \/>\nDelivery within 3 working days in secure, reinforced packaging.<\/em><\/p>\n<blockquote>\n<p style=\"text-align: center;\"><em>\u00abThese new distinctions honour us and reward the passionate work of our master winemakers. They remind us that excellence is a constant requirement, a daily commitment to our terroir and to those who place their trust in us. We are proud to carry the ambitions of Clos de Caille with humility and to continue writing this unique adventure, vintage after vintage.\u00bb Mathieu Mariotti<\/em><\/p>\n<\/blockquote>\n<p style=\"text-align: center;\">Whether you are a business or an individual, we will support your events this summer to ensure unforgettable moments...<\/p>\n<p>&nbsp;<\/p>\n<p style=\"text-align: center;\">_______________________________<\/p>\n<h2 style=\"text-align: center;\"><strong>THE CLOS JOURNAL<\/strong><\/h2>\n<h3 style=\"text-align: center;\"><strong>Summer competition x La Revue du Vin de France<\/strong><\/h3>\n<p style=\"text-align: center;\">Always driven by our quest for excellence and our desire to promote Clos de Caille, we are proud to participate in the summer competition organised by La Revue du Vin de France, a pioneering media outlet and benchmark in the sector.<\/p>\n<p style=\"text-align: center;\">From 3 to 30 June, visit larvf.com, where wine enthusiasts will have the opportunity to win our signature wine every day: the Clos de Caille Ros\u00e9 2024.<\/p>\n<h4 style=\"text-align: center;\"><strong><a href=\"https:\/\/www.larvf.com\/\">Enter the Competition<\/a><\/strong><\/h4>\n<p>&nbsp;<\/p>\n<p style=\"text-align: center;\">This collaboration reflects our desire to go ever further in promoting our wines and sharing our commitment to the great wines of Provence.<\/p>\n<p style=\"text-align: center;\">-<\/p>\n<h3 style=\"text-align: center;\"><strong>YOUR PERSONAL APPOINTMENT<\/strong><\/h3>\n<p style=\"text-align: center;\">Because we are committed to offering our customers a unique experience, we invite you to make an appointment with one of our ambassadors, who will be happy to answer all your questions and discuss distribution terms.<\/p>\n<h4 style=\"text-align: center;\"><a href=\"mailto:info@closdecaille.com\">Contact our Customer Service Department<\/a><\/h4>","protected":false},"excerpt":{"rendered":"<p>Nos cuv\u00e9es prim\u00e9es : une qu\u00eate d\u2019excellence r\u00e9compens\u00e9e Trois de nos cuv\u00e9es ont \u00e9t\u00e9 distingu\u00e9es M\u00e9daille d\u2019Or lors du prestigieux Concours des Vins Elle \u00e0 Table 2025. Cette distinction r\u00e9compense le travail minutieux de nos maitres vignerons et incarne le savoir-faire que nous cultivons chaque jour avec passion et d\u00e9vouement. Elle t\u00e9moigne de la reconnaissance [&hellip;]<\/p>\n","protected":false},"author":10,"featured_media":4759,"comment_status":"closed","ping_status":"closed","sticky":false,"template":"","format":"standard","meta":{"_acf_changed":false,"_mo_disable_npp":"","footnotes":""},"categories":[117],"tags":[261,262,264,263,265],"class_list":["post-4734","post","type-post","status-publish","format-standard","has-post-thumbnail","hentry","category-presse","tag-concours","tag-elle-a-table","tag-la-revue-du-vin-de-france","tag-medaille-dor","tag-rvf"],"acf":[],"yoast_head":"<!-- This site is optimized with the Yoast SEO plugin v27.0 - https:\/\/yoast.com\/product\/yoast-seo-wordpress\/ -->\n<title>Nos M\u00e9dailles d\u2019Or au concours Elle \u00e0 Table 2025 ! - Clos de Caille<\/title>\n<meta name=\"description\" content=\"D\u00e9couvrez nos cuv\u00e9es prim\u00e9es : trois vins du Clos de Caille r\u00e9compens\u00e9s par la m\u00e9daille d&#039;or au prestigieux concours Elle \u00e0 Table. Un hommage \u00e0 notre savoir-faire, \u00e0 notre terroir et \u00e0 la passion de nos \u00e9quipes.\" \/>\n<meta name=\"robots\" content=\"index, follow, max-snippet:-1, max-image-preview:large, max-video-preview:-1\" \/>\n<link rel=\"canonical\" href=\"https:\/\/www.closdecaille.com\/en\/medailles-dor-au-concours-elle-a-table\/\" \/>\n<meta property=\"og:locale\" content=\"en_GB\" \/>\n<meta property=\"og:type\" content=\"article\" \/>\n<meta property=\"og:title\" content=\"Nos M\u00e9dailles d\u2019Or au concours Elle \u00e0 Table 2025 ! - Clos de Caille\" \/>\n<meta property=\"og:description\" content=\"D\u00e9couvrez nos cuv\u00e9es prim\u00e9es : trois vins du Clos de Caille r\u00e9compens\u00e9s par la m\u00e9daille d&#039;or au prestigieux concours Elle \u00e0 Table. Un hommage \u00e0 notre savoir-faire, \u00e0 notre terroir et \u00e0 la passion de nos \u00e9quipes.\" \/>\n<meta property=\"og:url\" content=\"https:\/\/www.closdecaille.com\/en\/medailles-dor-au-concours-elle-a-table\/\" \/>\n<meta property=\"og:site_name\" content=\"Clos de Caille\" \/>\n<meta property=\"article:published_time\" content=\"2025-06-02T10:57:45+00:00\" \/>\n<meta property=\"article:modified_time\" content=\"2025-12-09T08:32:40+00:00\" \/>\n<meta property=\"og:image\" content=\"https:\/\/www.closdecaille.com\/wp-content\/uploads\/2025\/06\/SAMPI-CLOS-DE-CAILLE-NL-scaled.png\" \/>\n\t<meta property=\"og:image:width\" content=\"2560\" \/>\n\t<meta property=\"og:image:height\" content=\"2048\" \/>\n\t<meta property=\"og:image:type\" content=\"image\/png\" \/>\n<meta name=\"author\" content=\"Julie Fleisch\" \/>\n<meta name=\"twitter:label1\" content=\"Written by\" \/>\n\t<meta name=\"twitter:data1\" content=\"Julie Fleisch\" \/>\n\t<meta name=\"twitter:label2\" content=\"Estimated reading time\" \/>\n\t<meta name=\"twitter:data2\" content=\"4 minutes\" \/>\n<script type=\"application\/ld+json\" class=\"yoast-schema-graph\">{\"@context\":\"https:\/\/schema.org\",\"@graph\":[{\"@type\":\"Article\",\"@id\":\"https:\/\/www.closdecaille.com\/medailles-dor-au-concours-elle-a-table\/#article\",\"isPartOf\":{\"@id\":\"https:\/\/www.closdecaille.com\/medailles-dor-au-concours-elle-a-table\/\"},\"author\":{\"name\":\"Julie Fleisch\",\"@id\":\"https:\/\/www.closdecaille.com\/#\/schema\/person\/183ec33b0abe209accdd35f1ba15b586\"},\"headline\":\"Nos M\u00e9dailles d\u2019Or au concours Elle \u00e0 Table 2025 !\",\"datePublished\":\"2025-06-02T10:57:45+00:00\",\"dateModified\":\"2025-12-09T08:32:40+00:00\",\"mainEntityOfPage\":{\"@id\":\"https:\/\/www.closdecaille.com\/medailles-dor-au-concours-elle-a-table\/\"},\"wordCount\":786,\"publisher\":{\"@id\":\"https:\/\/www.closdecaille.com\/#organization\"},\"image\":{\"@id\":\"https:\/\/www.closdecaille.com\/medailles-dor-au-concours-elle-a-table\/#primaryimage\"},\"thumbnailUrl\":\"https:\/\/www.closdecaille.com\/wp-content\/uploads\/2025\/06\/SAMPI-CLOS-DE-CAILLE-NL-scaled.png\",\"keywords\":[\"Concours\",\"Elle \u00e0 Table\",\"La Revue du Vin de France\",\"M\u00e9daille d'Or\",\"RVF\"],\"articleSection\":[\"Presse\"],\"inLanguage\":\"en-GB\"},{\"@type\":\"WebPage\",\"@id\":\"https:\/\/www.closdecaille.com\/medailles-dor-au-concours-elle-a-table\/\",\"url\":\"https:\/\/www.closdecaille.com\/medailles-dor-au-concours-elle-a-table\/\",\"name\":\"Nos M\u00e9dailles d\u2019Or au concours Elle \u00e0 Table 2025 ! - Clos de Caille\",\"isPartOf\":{\"@id\":\"https:\/\/www.closdecaille.com\/#website\"},\"primaryImageOfPage\":{\"@id\":\"https:\/\/www.closdecaille.com\/medailles-dor-au-concours-elle-a-table\/#primaryimage\"},\"image\":{\"@id\":\"https:\/\/www.closdecaille.com\/medailles-dor-au-concours-elle-a-table\/#primaryimage\"},\"thumbnailUrl\":\"https:\/\/www.closdecaille.com\/wp-content\/uploads\/2025\/06\/SAMPI-CLOS-DE-CAILLE-NL-scaled.png\",\"datePublished\":\"2025-06-02T10:57:45+00:00\",\"dateModified\":\"2025-12-09T08:32:40+00:00\",\"description\":\"D\u00e9couvrez nos cuv\u00e9es prim\u00e9es : trois vins du Clos de Caille r\u00e9compens\u00e9s par la m\u00e9daille d'or au prestigieux concours Elle \u00e0 Table. Un hommage \u00e0 notre savoir-faire, \u00e0 notre terroir et \u00e0 la passion de nos \u00e9quipes.\",\"breadcrumb\":{\"@id\":\"https:\/\/www.closdecaille.com\/medailles-dor-au-concours-elle-a-table\/#breadcrumb\"},\"inLanguage\":\"en-GB\",\"potentialAction\":[{\"@type\":\"ReadAction\",\"target\":[\"https:\/\/www.closdecaille.com\/medailles-dor-au-concours-elle-a-table\/\"]}]},{\"@type\":\"ImageObject\",\"inLanguage\":\"en-GB\",\"@id\":\"https:\/\/www.closdecaille.com\/medailles-dor-au-concours-elle-a-table\/#primaryimage\",\"url\":\"https:\/\/www.closdecaille.com\/wp-content\/uploads\/2025\/06\/SAMPI-CLOS-DE-CAILLE-NL-scaled.png\",\"contentUrl\":\"https:\/\/www.closdecaille.com\/wp-content\/uploads\/2025\/06\/SAMPI-CLOS-DE-CAILLE-NL-scaled.png\",\"width\":2560,\"height\":2048,\"caption\":\"M\u00e9daille d'Or Elle \u00e0 Table\"},{\"@type\":\"BreadcrumbList\",\"@id\":\"https:\/\/www.closdecaille.com\/medailles-dor-au-concours-elle-a-table\/#breadcrumb\",\"itemListElement\":[{\"@type\":\"ListItem\",\"position\":1,\"name\":\"Presse\",\"item\":\"https:\/\/www.closdecaille.com\/category\/presse\/\"},{\"@type\":\"ListItem\",\"position\":2,\"name\":\"Nos M\u00e9dailles d\u2019Or au concours Elle \u00e0 Table 2025 !\"}]},{\"@type\":\"WebSite\",\"@id\":\"https:\/\/www.closdecaille.com\/#website\",\"url\":\"https:\/\/www.closdecaille.com\/\",\"name\":\"Clos de Caille\",\"description\":\"Vins AOP C\u00f4tes de Provence\",\"publisher\":{\"@id\":\"https:\/\/www.closdecaille.com\/#organization\"},\"potentialAction\":[{\"@type\":\"SearchAction\",\"target\":{\"@type\":\"EntryPoint\",\"urlTemplate\":\"https:\/\/www.closdecaille.com\/?s={search_term_string}\"},\"query-input\":{\"@type\":\"PropertyValueSpecification\",\"valueRequired\":true,\"valueName\":\"search_term_string\"}}],\"inLanguage\":\"en-GB\"},{\"@type\":\"Organization\",\"@id\":\"https:\/\/www.closdecaille.com\/#organization\",\"name\":\"Clos de Caille\",\"url\":\"https:\/\/www.closdecaille.com\/\",\"logo\":{\"@type\":\"ImageObject\",\"inLanguage\":\"en-GB\",\"@id\":\"https:\/\/www.closdecaille.com\/#\/schema\/logo\/image\/\",\"url\":\"https:\/\/www.closdecaille.com\/wp-content\/uploads\/2023\/07\/favicon-2023.png\",\"contentUrl\":\"https:\/\/www.closdecaille.com\/wp-content\/uploads\/2023\/07\/favicon-2023.png\",\"width\":600,\"height\":600,\"caption\":\"Clos de Caille\"},\"image\":{\"@id\":\"https:\/\/www.closdecaille.com\/#\/schema\/logo\/image\/\"}},{\"@type\":\"Person\",\"@id\":\"https:\/\/www.closdecaille.com\/#\/schema\/person\/183ec33b0abe209accdd35f1ba15b586\",\"name\":\"Julie Fleisch\",\"image\":{\"@type\":\"ImageObject\",\"inLanguage\":\"en-GB\",\"@id\":\"https:\/\/www.closdecaille.com\/#\/schema\/person\/image\/\",\"url\":\"https:\/\/secure.gravatar.com\/avatar\/bffc10faa760f5f1f08f454e79e3342f047898af28fb87e9eec6b7842f516e2a?s=96&d=mm&r=g\",\"contentUrl\":\"https:\/\/secure.gravatar.com\/avatar\/bffc10faa760f5f1f08f454e79e3342f047898af28fb87e9eec6b7842f516e2a?s=96&d=mm&r=g\",\"caption\":\"Julie Fleisch\"}}]}<\/script>\n<!-- \/ Yoast SEO plugin. -->","yoast_head_json":{"title":"Our Gold Medals at the Elle \u00e0 Table 2025 competition! - Clos de Caille","description":"Discover our award-winning vintages: three wines from Clos de Caille awarded gold medals at the prestigious Elle \u00e0 Table competition. A tribute to our expertise, our terroir and the passion of our teams.","robots":{"index":"index","follow":"follow","max-snippet":"max-snippet:-1","max-image-preview":"max-image-preview:large","max-video-preview":"max-video-preview:-1"},"canonical":"https:\/\/www.closdecaille.com\/en\/medailles-dor-au-concours-elle-a-table\/","og_locale":"en_GB","og_type":"article","og_title":"Nos M\u00e9dailles d\u2019Or au concours Elle \u00e0 Table 2025 ! - Clos de Caille","og_description":"D\u00e9couvrez nos cuv\u00e9es prim\u00e9es : trois vins du Clos de Caille r\u00e9compens\u00e9s par la m\u00e9daille d'or au prestigieux concours Elle \u00e0 Table. Un hommage \u00e0 notre savoir-faire, \u00e0 notre terroir et \u00e0 la passion de nos \u00e9quipes.","og_url":"https:\/\/www.closdecaille.com\/en\/medailles-dor-au-concours-elle-a-table\/","og_site_name":"Clos de Caille","article_published_time":"2025-06-02T10:57:45+00:00","article_modified_time":"2025-12-09T08:32:40+00:00","og_image":[{"width":2560,"height":2048,"url":"https:\/\/www.closdecaille.com\/wp-content\/uploads\/2025\/06\/SAMPI-CLOS-DE-CAILLE-NL-scaled.png","type":"image\/png"}],"author":"Julie Fleisch","twitter_misc":{"Written by":"Julie Fleisch","Estimated reading time":"4 minutes"},"schema":{"@context":"https:\/\/schema.org","@graph":[{"@type":"Article","@id":"https:\/\/www.closdecaille.com\/medailles-dor-au-concours-elle-a-table\/#article","isPartOf":{"@id":"https:\/\/www.closdecaille.com\/medailles-dor-au-concours-elle-a-table\/"},"author":{"name":"Julie Fleisch","@id":"https:\/\/www.closdecaille.com\/#\/schema\/person\/183ec33b0abe209accdd35f1ba15b586"},"headline":"Nos M\u00e9dailles d\u2019Or au concours Elle \u00e0 Table 2025 !","datePublished":"2025-06-02T10:57:45+00:00","dateModified":"2025-12-09T08:32:40+00:00","mainEntityOfPage":{"@id":"https:\/\/www.closdecaille.com\/medailles-dor-au-concours-elle-a-table\/"},"wordCount":786,"publisher":{"@id":"https:\/\/www.closdecaille.com\/#organization"},"image":{"@id":"https:\/\/www.closdecaille.com\/medailles-dor-au-concours-elle-a-table\/#primaryimage"},"thumbnailUrl":"https:\/\/www.closdecaille.com\/wp-content\/uploads\/2025\/06\/SAMPI-CLOS-DE-CAILLE-NL-scaled.png","keywords":["Concours","Elle \u00e0 Table","La Revue du Vin de France","M\u00e9daille d'Or","RVF"],"articleSection":["Presse"],"inLanguage":"en-GB"},{"@type":"WebPage","@id":"https:\/\/www.closdecaille.com\/medailles-dor-au-concours-elle-a-table\/","url":"https:\/\/www.closdecaille.com\/medailles-dor-au-concours-elle-a-table\/","name":"Our Gold Medals at the Elle \u00e0 Table 2025 competition! - Clos de Caille","isPartOf":{"@id":"https:\/\/www.closdecaille.com\/#website"},"primaryImageOfPage":{"@id":"https:\/\/www.closdecaille.com\/medailles-dor-au-concours-elle-a-table\/#primaryimage"},"image":{"@id":"https:\/\/www.closdecaille.com\/medailles-dor-au-concours-elle-a-table\/#primaryimage"},"thumbnailUrl":"https:\/\/www.closdecaille.com\/wp-content\/uploads\/2025\/06\/SAMPI-CLOS-DE-CAILLE-NL-scaled.png","datePublished":"2025-06-02T10:57:45+00:00","dateModified":"2025-12-09T08:32:40+00:00","description":"Discover our award-winning vintages: three wines from Clos de Caille awarded gold medals at the prestigious Elle \u00e0 Table competition. A tribute to our expertise, our terroir and the passion of our teams.","breadcrumb":{"@id":"https:\/\/www.closdecaille.com\/medailles-dor-au-concours-elle-a-table\/#breadcrumb"},"inLanguage":"en-GB","potentialAction":[{"@type":"ReadAction","target":["https:\/\/www.closdecaille.com\/medailles-dor-au-concours-elle-a-table\/"]}]},{"@type":"ImageObject","inLanguage":"en-GB","@id":"https:\/\/www.closdecaille.com\/medailles-dor-au-concours-elle-a-table\/#primaryimage","url":"https:\/\/www.closdecaille.com\/wp-content\/uploads\/2025\/06\/SAMPI-CLOS-DE-CAILLE-NL-scaled.png","contentUrl":"https:\/\/www.closdecaille.com\/wp-content\/uploads\/2025\/06\/SAMPI-CLOS-DE-CAILLE-NL-scaled.png","width":2560,"height":2048,"caption":"M\u00e9daille d'Or Elle \u00e0 Table"},{"@type":"BreadcrumbList","@id":"https:\/\/www.closdecaille.com\/medailles-dor-au-concours-elle-a-table\/#breadcrumb","itemListElement":[{"@type":"ListItem","position":1,"name":"Presse","item":"https:\/\/www.closdecaille.com\/category\/presse\/"},{"@type":"ListItem","position":2,"name":"Nos M\u00e9dailles d\u2019Or au concours Elle \u00e0 Table 2025 !"}]},{"@type":"WebSite","@id":"https:\/\/www.closdecaille.com\/#website","url":"https:\/\/www.closdecaille.com\/","name":"Clos de Caille","description":"C\u00f4tes de Provence AOP wines","publisher":{"@id":"https:\/\/www.closdecaille.com\/#organization"},"potentialAction":[{"@type":"SearchAction","target":{"@type":"EntryPoint","urlTemplate":"https:\/\/www.closdecaille.com\/?s={search_term_string}"},"query-input":{"@type":"PropertyValueSpecification","valueRequired":true,"valueName":"search_term_string"}}],"inLanguage":"en-GB"},{"@type":"Organization","@id":"https:\/\/www.closdecaille.com\/#organization","name":"Clos de Caille","url":"https:\/\/www.closdecaille.com\/","logo":{"@type":"ImageObject","inLanguage":"en-GB","@id":"https:\/\/www.closdecaille.com\/#\/schema\/logo\/image\/","url":"https:\/\/www.closdecaille.com\/wp-content\/uploads\/2023\/07\/favicon-2023.png","contentUrl":"https:\/\/www.closdecaille.com\/wp-content\/uploads\/2023\/07\/favicon-2023.png","width":600,"height":600,"caption":"Clos de Caille"},"image":{"@id":"https:\/\/www.closdecaille.com\/#\/schema\/logo\/image\/"}},{"@type":"Person","@id":"https:\/\/www.closdecaille.com\/#\/schema\/person\/183ec33b0abe209accdd35f1ba15b586","name":"Julie Fleisch","image":{"@type":"ImageObject","inLanguage":"en-GB","@id":"https:\/\/www.closdecaille.com\/#\/schema\/person\/image\/","url":"https:\/\/secure.gravatar.com\/avatar\/bffc10faa760f5f1f08f454e79e3342f047898af28fb87e9eec6b7842f516e2a?s=96&d=mm&r=g","contentUrl":"https:\/\/secure.gravatar.com\/avatar\/bffc10faa760f5f1f08f454e79e3342f047898af28fb87e9eec6b7842f516e2a?s=96&d=mm&r=g","caption":"Julie Fleisch"}}]}},"_links":{"self":[{"href":"https:\/\/www.closdecaille.com\/en\/wp-json\/wp\/v2\/posts\/4734","targetHints":{"allow":["GET"]}}],"collection":[{"href":"https:\/\/www.closdecaille.com\/en\/wp-json\/wp\/v2\/posts"}],"about":[{"href":"https:\/\/www.closdecaille.com\/en\/wp-json\/wp\/v2\/types\/post"}],"author":[{"embeddable":true,"href":"https:\/\/www.closdecaille.com\/en\/wp-json\/wp\/v2\/users\/10"}],"replies":[{"embeddable":true,"href":"https:\/\/www.closdecaille.com\/en\/wp-json\/wp\/v2\/comments?post=4734"}],"version-history":[{"count":9,"href":"https:\/\/www.closdecaille.com\/en\/wp-json\/wp\/v2\/posts\/4734\/revisions"}],"predecessor-version":[{"id":5283,"href":"https:\/\/www.closdecaille.com\/en\/wp-json\/wp\/v2\/posts\/4734\/revisions\/5283"}],"wp:featuredmedia":[{"embeddable":true,"href":"https:\/\/www.closdecaille.com\/en\/wp-json\/wp\/v2\/media\/4759"}],"wp:attachment":[{"href":"https:\/\/www.closdecaille.com\/en\/wp-json\/wp\/v2\/media?parent=4734"}],"wp:term":[{"taxonomy":"category","embeddable":true,"href":"https:\/\/www.closdecaille.com\/en\/wp-json\/wp\/v2\/categories?post=4734"},{"taxonomy":"post_tag","embeddable":true,"href":"https:\/\/www.closdecaille.com\/en\/wp-json\/wp\/v2\/tags?post=4734"}],"curies":[{"name":"wp","href":"https:\/\/api.w.org\/{rel}","templated":true}]}}