{"id":4665,"date":"2025-05-18T09:42:01","date_gmt":"2025-05-18T07:42:01","guid":{"rendered":"https:\/\/www.closdecaille.com\/?p=4665"},"modified":"2025-12-09T09:42:34","modified_gmt":"2025-12-09T08:42:34","slug":"quel-rose-sera-le-votre","status":"publish","type":"post","link":"https:\/\/www.closdecaille.com\/en\/quel-rose-sera-le-votre\/","title":{"rendered":"Which Ros\u00e9 will you choose?"},"content":{"rendered":"<p style=\"text-align: center;\"><strong>The finesse of Provence: Our Ros\u00e9s with a taste of excellence<\/strong><\/p>\n<p style=\"text-align: center;\">Like the treasures hidden in our land, each wine, <strong>available in three colours<\/strong>, is a work born of nature and enhanced by the expertise of our passionate artisans. They reveal subtle and elegant aromas,<strong> paying tribute to the timeless beauty of Provence<\/strong>.<\/p>\n<h1 style=\"text-align: center;\"><strong>PROVENCE IN ROS\u00c9, THE VISION OF CLOS DE CAILLE<\/strong><\/h1>\n<p style=\"text-align: center;\">Promising renewed light, the days are getting longer and the ros\u00e9s from Clos de Caille are here to enhance your moments.<\/p>\n<p style=\"text-align: center;\"><img fetchpriority=\"high\" decoding=\"async\" class=\"wp-image-4670 aligncenter\" src=\"https:\/\/www.closdecaille.com\/wp-content\/uploads\/2025\/05\/SAMPI-CLOS-DE-CAILLE-NL.gif\" alt=\"Ros\u00e9s de Provence\" width=\"354\" height=\"283\" \/><\/p>\n<h2 style=\"text-align: center;\"><strong>FOUR VINTAGES, FOUR INTERPRETATIONS, FOUR TASTING MOMENTS<\/strong><\/h2>\n<p style=\"text-align: center;\"><strong>Clos de Caille \u2018Clarisse\u2019 2024<\/strong><br \/>\n<em>T\u00eate de Cuv\u00e9e\u00a0<\/em><br \/>\n<em>Grenache 60% | Cinsault 40%<\/em><\/p>\n<p style=\"text-align: center;\"><img decoding=\"async\" class=\"wp-image-4672 aligncenter\" src=\"https:\/\/www.closdecaille.com\/wp-content\/uploads\/2025\/05\/SAMPI_CLOS-DE-CAILLE_PRESS-IG-3-1024x1024.png\" alt=\"Clos de Caille 'Clarisse' 2024\" width=\"275\" height=\"275\" srcset=\"https:\/\/www.closdecaille.com\/wp-content\/uploads\/2025\/05\/SAMPI_CLOS-DE-CAILLE_PRESS-IG-3-1024x1024.png 1024w, https:\/\/www.closdecaille.com\/wp-content\/uploads\/2025\/05\/SAMPI_CLOS-DE-CAILLE_PRESS-IG-3-300x300.png 300w, https:\/\/www.closdecaille.com\/wp-content\/uploads\/2025\/05\/SAMPI_CLOS-DE-CAILLE_PRESS-IG-3-150x150.png 150w, https:\/\/www.closdecaille.com\/wp-content\/uploads\/2025\/05\/SAMPI_CLOS-DE-CAILLE_PRESS-IG-3-768x768.png 768w, https:\/\/www.closdecaille.com\/wp-content\/uploads\/2025\/05\/SAMPI_CLOS-DE-CAILLE_PRESS-IG-3-900x900.png 900w, https:\/\/www.closdecaille.com\/wp-content\/uploads\/2025\/05\/SAMPI_CLOS-DE-CAILLE_PRESS-IG-3-100x100.png 100w, https:\/\/www.closdecaille.com\/wp-content\/uploads\/2025\/05\/SAMPI_CLOS-DE-CAILLE_PRESS-IG-3.png 1215w\" sizes=\"(max-width: 275px) 100vw, 275px\" \/><\/p>\n<p style=\"text-align: center;\"><strong>Vibrant, mineral and chiselled<\/strong><br \/>\n<strong>Clos de Caille \u2018Clarisse\u2019<\/strong> is a tribute to the daughter of Jean-Pierre and Simona Mariotti, a modern, ambitious woman with a sunny disposition. This ros\u00e9, vinified with the same high standards as a great white wine from Provence, reveals an airy and subtle nose, marked by intense freshness. A true quintessence of our terroir, it combines finesse and depth with rare elegance.<\/p>\n<p style=\"text-align: center;\"><em>Food and wine pairings<\/em>\u00a0Grilled prawns, bisque reduction and fleur de sel.<\/p>\n<p style=\"text-align: center;\"><em>AB certified<\/em><\/p>\n<h4 style=\"text-align: center;\"><a href=\"\/en\/?p=2062\">Discover Clos de Caille  \u2018Clarisse\u2019<\/a><\/h4>\n<p>&nbsp;<\/p>\n<p style=\"text-align: center;\"><strong>Clos de Caille Ros\u00e9 2024<\/strong><br \/>\n<em>Grenache 70% | Cinsault 20% | Syrah 10%<\/em><\/p>\n<p style=\"text-align: center;\"><img decoding=\"async\" class=\"wp-image-4674 aligncenter\" src=\"https:\/\/www.closdecaille.com\/wp-content\/uploads\/2025\/05\/SAMPI_CLOS-DE-CAILLE_PRESS-IG-1-1-1024x1024.png\" alt=\"Clos de Caille Ros\u00e9 2024\" width=\"275\" height=\"275\" srcset=\"https:\/\/www.closdecaille.com\/wp-content\/uploads\/2025\/05\/SAMPI_CLOS-DE-CAILLE_PRESS-IG-1-1-1024x1024.png 1024w, https:\/\/www.closdecaille.com\/wp-content\/uploads\/2025\/05\/SAMPI_CLOS-DE-CAILLE_PRESS-IG-1-1-300x300.png 300w, https:\/\/www.closdecaille.com\/wp-content\/uploads\/2025\/05\/SAMPI_CLOS-DE-CAILLE_PRESS-IG-1-1-150x150.png 150w, https:\/\/www.closdecaille.com\/wp-content\/uploads\/2025\/05\/SAMPI_CLOS-DE-CAILLE_PRESS-IG-1-1-768x768.png 768w, https:\/\/www.closdecaille.com\/wp-content\/uploads\/2025\/05\/SAMPI_CLOS-DE-CAILLE_PRESS-IG-1-1-900x900.png 900w, https:\/\/www.closdecaille.com\/wp-content\/uploads\/2025\/05\/SAMPI_CLOS-DE-CAILLE_PRESS-IG-1-1-100x100.png 100w, https:\/\/www.closdecaille.com\/wp-content\/uploads\/2025\/05\/SAMPI_CLOS-DE-CAILLE_PRESS-IG-1-1.png 1215w\" sizes=\"(max-width: 275px) 100vw, 275px\" \/><\/p>\n<p style=\"text-align: center;\"><strong>Complex, refined and balanced<\/strong><br \/>\nProduced from the finest plots of the estate and made using mass selection, <strong>Clos de Caille Ros\u00e9<\/strong> embodies the generosity of a gourmet ros\u00e9. Its bouquet seduces with aromas of white fruits and citrus, revealing a striking freshness. On the palate, it fully expresses itself with notes of ripe fruit, offering a harmonious structure and aromatic persistence, the signature of an exceptional terroir.<\/p>\n<p style=\"text-align: center;\"><em>Food and wine pairings<\/em>\u00a0: Beef rib marinated in thyme and rosemary, served with Proven\u00e7al ratatouille.<\/p>\n<p style=\"text-align: center;\"><em>AB certified | Also available in magnum and jeroboam sizes<\/em><\/p>\n<h4 style=\"text-align: center;\"><a href=\"\/en\/?p=2072\">Discover Clos de Caille Ros\u00e9<\/a><\/h4>\n<p>&nbsp;<\/p>\n<p style=\"text-align: center;\"><strong>The One Ros\u00e9 2024<\/strong><br \/>\n<em>Grenache 60% | Cinsault 30% | Syrah 10%<\/em><\/p>\n<p style=\"text-align: center;\"><img loading=\"lazy\" decoding=\"async\" class=\"wp-image-4676 aligncenter\" src=\"https:\/\/www.closdecaille.com\/wp-content\/uploads\/2025\/05\/SAMPI_CLOS-DE-CAILLE_PRESS-IG-2-1-1024x1024.png\" alt=\"The One Ros\u00e9 2024\" width=\"275\" height=\"275\" srcset=\"https:\/\/www.closdecaille.com\/wp-content\/uploads\/2025\/05\/SAMPI_CLOS-DE-CAILLE_PRESS-IG-2-1-1024x1024.png 1024w, https:\/\/www.closdecaille.com\/wp-content\/uploads\/2025\/05\/SAMPI_CLOS-DE-CAILLE_PRESS-IG-2-1-300x300.png 300w, https:\/\/www.closdecaille.com\/wp-content\/uploads\/2025\/05\/SAMPI_CLOS-DE-CAILLE_PRESS-IG-2-1-150x150.png 150w, https:\/\/www.closdecaille.com\/wp-content\/uploads\/2025\/05\/SAMPI_CLOS-DE-CAILLE_PRESS-IG-2-1-768x768.png 768w, https:\/\/www.closdecaille.com\/wp-content\/uploads\/2025\/05\/SAMPI_CLOS-DE-CAILLE_PRESS-IG-2-1-900x900.png 900w, https:\/\/www.closdecaille.com\/wp-content\/uploads\/2025\/05\/SAMPI_CLOS-DE-CAILLE_PRESS-IG-2-1-100x100.png 100w, https:\/\/www.closdecaille.com\/wp-content\/uploads\/2025\/05\/SAMPI_CLOS-DE-CAILLE_PRESS-IG-2-1.png 1215w\" sizes=\"(max-width: 275px) 100vw, 275px\" \/><\/p>\n<p style=\"text-align: center;\"><strong>Intense, fresh and sunny<\/strong><br \/>\nThe One embodies the spirit of summer and Mediterranean conviviality. With its citrus and white flower aromas, it seduces with its freshness and balance. Its generous one-litre format makes it the perfect companion for large gatherings, bringing sweetness and lightness to moments of sharing.<\/p>\n<p style=\"text-align: center;\"><em>Food and wine pairings<\/em>\u00a0: Seafood paella<\/p>\n<p style=\"text-align: center;\"><em>AB certified | Also available in 0.50cl and 1L versions<\/em><\/p>\n<h4 style=\"text-align: center;\"><a href=\"\/en\/?p=2170\">Discover The One<\/a><\/h4>\n<h4 style=\"text-align: center;\"><\/h4>\n<p style=\"text-align: center;\"><strong>Clos de Caille Anomis 2024<\/strong><br \/>\n<em>Grenache 55% | Cinsault 30% | Syrah 15%<\/em><\/p>\n<p style=\"text-align: center;\"><img loading=\"lazy\" decoding=\"async\" class=\"wp-image-4678 aligncenter\" src=\"https:\/\/www.closdecaille.com\/wp-content\/uploads\/2025\/05\/SAMPI_CLOS-DE-CAILLE_PRESS-IG-3-1-1024x1024.png\" alt=\"Anomis Ros\u00e9 2024\" width=\"275\" height=\"275\" srcset=\"https:\/\/www.closdecaille.com\/wp-content\/uploads\/2025\/05\/SAMPI_CLOS-DE-CAILLE_PRESS-IG-3-1-1024x1024.png 1024w, https:\/\/www.closdecaille.com\/wp-content\/uploads\/2025\/05\/SAMPI_CLOS-DE-CAILLE_PRESS-IG-3-1-300x300.png 300w, https:\/\/www.closdecaille.com\/wp-content\/uploads\/2025\/05\/SAMPI_CLOS-DE-CAILLE_PRESS-IG-3-1-150x150.png 150w, https:\/\/www.closdecaille.com\/wp-content\/uploads\/2025\/05\/SAMPI_CLOS-DE-CAILLE_PRESS-IG-3-1-768x768.png 768w, https:\/\/www.closdecaille.com\/wp-content\/uploads\/2025\/05\/SAMPI_CLOS-DE-CAILLE_PRESS-IG-3-1-900x900.png 900w, https:\/\/www.closdecaille.com\/wp-content\/uploads\/2025\/05\/SAMPI_CLOS-DE-CAILLE_PRESS-IG-3-1-100x100.png 100w, https:\/\/www.closdecaille.com\/wp-content\/uploads\/2025\/05\/SAMPI_CLOS-DE-CAILLE_PRESS-IG-3-1.png 1215w\" sizes=\"(max-width: 275px) 100vw, 275px\" \/><\/p>\n<p style=\"text-align: center;\"><strong>Expressive, harmonious and enveloping<\/strong><br \/>\n<strong>Anomis <\/strong>reveals a fruity nose, dominated by aromas of white and stone fruits, with an aromatic freshness characteristic of the estate. On the palate, it is marked by a beautiful expression of fruit. The balance is perfect, combining freshness and structure. This ros\u00e9 highlights the purity and finesse of its terroir, with a pleasant length on the finish.<\/p>\n<p style=\"text-align: center;\"><em>Food and wine pairings<\/em>\u00a0Osso bucco, gremolata and fresh tagliatelle.<\/p>\n<p style=\"text-align: center;\"><em>AB certified | Also available in magnum and jeroboam sizes<\/em><\/p>\n<h4 style=\"text-align: center;\"><a href=\"\/en\/?p=2073\">Discover Anomis<\/a><\/h4>\n<p>&nbsp;<\/p>\n<blockquote>\n<p style=\"text-align: center;\"><em>\u00abAn ode to sunny escapades in Provence, the ros\u00e9s from Domaine Clos de Caille embody elegance and the Mediterranean art of living. Designed as an invitation to escape, these vintages reveal a sunny radiance and delicate freshness, enhancing every moment of tasting.<\/em><em>. \u00bb\u00a0<\/em><\/p>\n<p>&nbsp;<\/p><\/blockquote>\n<h3 style=\"text-align: center;\"><strong>WHAT OUR PARTNERS THINK \u2026<\/strong><\/h3>\n<p style=\"text-align: center;\"><strong>Clos de Caille Ros\u00e9<\/strong> perfectly embodies the excellence of Proven\u00e7al winemaking. Intense and complex, it captivates with its remarkable aromatic profile.<\/p>\n<p style=\"text-align: center;\"><strong>Clos de Caille \u2018Clarisse\u2019<\/strong>, meanwhile, is the very expression of elegance: a refined ros\u00e9, balanced between freshness and structure, with a colour of rare delicacy.<\/p>\n<h4 style=\"text-align: center;\"><a href=\"https:\/\/www.closdecaille.com\/en\/e-boutique\/\">Learn more about our Haute-Couture wines from Provence<\/a><\/h4>\n<p style=\"text-align: center;\"><em>Shipping is free for purchases over \u20ac100 in France and Monaco.<br \/>\nDelivery within 3 working days in secure, reinforced packaging.<\/em><\/p>\n<p style=\"text-align: center;\">Our ros\u00e9 wines reflect the expertise of those who craft them with commitment and dedication.<\/p>\n<p style=\"text-align: center;\">They reveal themselves to connoisseurs and enthusiasts with finesse, complexity and refinement. <strong>Vinified under the technical direction of Matthieu Cosse<\/strong>, Our 2024 vintage ros\u00e9s grace the finest dining tables with infinite elegance.<\/p>\n<p>&nbsp;<\/p>\n<p style=\"text-align: center;\">_______________________________<\/p>\n<h2 style=\"text-align: center;\"><strong>THE CLOS JOURNAL<\/strong><\/h2>\n<h3 style=\"text-align: center;\"><strong><em>Clos de Caille x Sunset 2025<\/em><\/strong><br \/>\n<strong><em>The most eagerly awaited musical celebration of the Grand Prix of the year <\/em><\/strong><\/h3>\n<p style=\"text-align: center;\"><em>On the occasion of the Monte Carlo Grand Prix, Clos de Caille is partnering with the season's must-see event: <a href=\"https:\/\/www.sunsetmonaco.com\/\"><strong>Sunset 2025<\/strong><\/a>.<\/em><\/p>\n<p style=\"text-align: center;\"><em>From 23 to 25 May 2025, SUNSET will take over the private beach at Le M\u00e9ridien Beach Plaza for three days of festivities. An exceptional setting where the sun and the Mediterranean come together in a festive and artistic spirit.<\/em><\/p>\n<p style=\"text-align: center;\"><em>SUNSET is reinventing summer evenings by bringing together an international and eclectic crowd around legendary DJs and renowned artists.<\/em><\/p>\n<p style=\"text-align: center;\"><em>Discover the ros\u00e9s of Clos de Caille in this festive setting, surrounded by the magical atmosphere of the French Riviera.<\/em><\/p>\n<p style=\"text-align: center;\"><em>Let yourself be transported...\u00a0<\/em><\/p>\n<p><img loading=\"lazy\" decoding=\"async\" class=\"wp-image-4680 aligncenter\" src=\"https:\/\/www.closdecaille.com\/wp-content\/uploads\/2025\/05\/Capture-decran-2025-05-12-140248.png\" alt=\"Sunset Monte Carlo \" width=\"399\" height=\"495\" srcset=\"https:\/\/www.closdecaille.com\/wp-content\/uploads\/2025\/05\/Capture-decran-2025-05-12-140248.png 702w, https:\/\/www.closdecaille.com\/wp-content\/uploads\/2025\/05\/Capture-decran-2025-05-12-140248-242x300.png 242w, https:\/\/www.closdecaille.com\/wp-content\/uploads\/2025\/05\/Capture-decran-2025-05-12-140248-300x372.png 300w\" sizes=\"(max-width: 399px) 100vw, 399px\" \/><\/p>\n<p style=\"text-align: center;\">-<\/p>\n<h3 style=\"text-align: center;\"><strong>YOUR PERSONAL APPOINTMENT<\/strong><\/h3>\n<p style=\"text-align: center;\">Because we are committed to offering our customers a unique experience, we invite you to make an appointment with one of our ambassadors, who will be happy to answer all your questions and discuss distribution terms.<\/p>\n<h4 style=\"text-align: center;\"><a href=\"mailto:info@closdecaille.com\">Contact our Customer Service Department<\/a><\/h4>","protected":false},"excerpt":{"rendered":"<p>La finesse de la Provence : Nos Ros\u00e9s au go\u00fbt de l&rsquo;Excellence \u00c0 l\u2019image des tr\u00e9sors que rec\u00e8le notre terroir, chaque vin, d\u00e9clin\u00e9 dans les trois couleurs, est une \u0153uvre n\u00e9e de la nature et sublim\u00e9e par le savoir-faire de nos artisans passionn\u00e9s. Ils d\u00e9voilent des ar\u00f4mes subtils et \u00e9l\u00e9gants, rendant hommage \u00e0 la beaut\u00e9 [&hellip;]<\/p>\n","protected":false},"author":10,"featured_media":4668,"comment_status":"closed","ping_status":"closed","sticky":false,"template":"","format":"standard","meta":{"_acf_changed":false,"_mo_disable_npp":"","footnotes":""},"categories":[324],"tags":[199,248,249],"class_list":["post-4665","post","type-post","status-publish","format-standard","has-post-thumbnail","hentry","category-art-de-vivre","tag-millesime-2024","tag-roses","tag-sunset-monaco"],"acf":[],"yoast_head":"<!-- This site is optimized with the Yoast SEO plugin v27.0 - https:\/\/yoast.com\/product\/yoast-seo-wordpress\/ -->\n<title>Quel Ros\u00e9 sera le v\u00f4tre ? - Clos de Caille<\/title>\n<meta name=\"description\" content=\"D\u00e9couvrez les vins ros\u00e9s du Clos de Caille, mill\u00e9sime 2024, symboles de l&#039;\u00e9l\u00e9gance proven\u00e7ale. Des cuv\u00e9es subtiles et raffin\u00e9es, parfaites pour c\u00e9l\u00e9brer l&#039;\u00e9t\u00e9 et sublimer vos moments de partage.\" \/>\n<meta name=\"robots\" content=\"index, follow, max-snippet:-1, max-image-preview:large, max-video-preview:-1\" \/>\n<link rel=\"canonical\" href=\"https:\/\/www.closdecaille.com\/en\/quel-rose-sera-le-votre\/\" \/>\n<meta property=\"og:locale\" content=\"en_GB\" \/>\n<meta property=\"og:type\" content=\"article\" \/>\n<meta property=\"og:title\" content=\"Quel Ros\u00e9 sera le v\u00f4tre ? - Clos de Caille\" \/>\n<meta property=\"og:description\" content=\"D\u00e9couvrez les vins ros\u00e9s du Clos de Caille, mill\u00e9sime 2024, symboles de l&#039;\u00e9l\u00e9gance proven\u00e7ale. Des cuv\u00e9es subtiles et raffin\u00e9es, parfaites pour c\u00e9l\u00e9brer l&#039;\u00e9t\u00e9 et sublimer vos moments de partage.\" \/>\n<meta property=\"og:url\" content=\"https:\/\/www.closdecaille.com\/en\/quel-rose-sera-le-votre\/\" \/>\n<meta property=\"og:site_name\" content=\"Clos de Caille\" \/>\n<meta property=\"article:published_time\" content=\"2025-05-18T07:42:01+00:00\" \/>\n<meta property=\"article:modified_time\" content=\"2025-12-09T08:42:34+00:00\" \/>\n<meta property=\"og:image\" content=\"https:\/\/www.closdecaille.com\/wp-content\/uploads\/2025\/05\/A7404832-2-1-1024x715.jpg\" \/>\n\t<meta property=\"og:image:width\" content=\"1024\" \/>\n\t<meta property=\"og:image:height\" content=\"715\" \/>\n\t<meta property=\"og:image:type\" content=\"image\/jpeg\" \/>\n<meta name=\"author\" content=\"Julie Fleisch\" \/>\n<meta name=\"twitter:label1\" content=\"Written by\" \/>\n\t<meta name=\"twitter:data1\" content=\"Julie Fleisch\" \/>\n\t<meta name=\"twitter:label2\" content=\"Estimated reading time\" \/>\n\t<meta name=\"twitter:data2\" content=\"6 minutes\" \/>\n<script type=\"application\/ld+json\" class=\"yoast-schema-graph\">{\"@context\":\"https:\/\/schema.org\",\"@graph\":[{\"@type\":\"Article\",\"@id\":\"https:\/\/www.closdecaille.com\/quel-rose-sera-le-votre\/#article\",\"isPartOf\":{\"@id\":\"https:\/\/www.closdecaille.com\/quel-rose-sera-le-votre\/\"},\"author\":{\"name\":\"Julie Fleisch\",\"@id\":\"https:\/\/www.closdecaille.com\/#\/schema\/person\/183ec33b0abe209accdd35f1ba15b586\"},\"headline\":\"Quel Ros\u00e9 sera le v\u00f4tre ?\",\"datePublished\":\"2025-05-18T07:42:01+00:00\",\"dateModified\":\"2025-12-09T08:42:34+00:00\",\"mainEntityOfPage\":{\"@id\":\"https:\/\/www.closdecaille.com\/quel-rose-sera-le-votre\/\"},\"wordCount\":945,\"publisher\":{\"@id\":\"https:\/\/www.closdecaille.com\/#organization\"},\"image\":{\"@id\":\"https:\/\/www.closdecaille.com\/quel-rose-sera-le-votre\/#primaryimage\"},\"thumbnailUrl\":\"https:\/\/www.closdecaille.com\/wp-content\/uploads\/2025\/05\/A7404832-2-1-scaled.jpg\",\"keywords\":[\"mill\u00e9sime 2024\",\"Ros\u00e9s\",\"Sunset Monaco\"],\"articleSection\":[\"Art de vivre\"],\"inLanguage\":\"en-GB\"},{\"@type\":\"WebPage\",\"@id\":\"https:\/\/www.closdecaille.com\/quel-rose-sera-le-votre\/\",\"url\":\"https:\/\/www.closdecaille.com\/quel-rose-sera-le-votre\/\",\"name\":\"Quel Ros\u00e9 sera le v\u00f4tre ? - Clos de Caille\",\"isPartOf\":{\"@id\":\"https:\/\/www.closdecaille.com\/#website\"},\"primaryImageOfPage\":{\"@id\":\"https:\/\/www.closdecaille.com\/quel-rose-sera-le-votre\/#primaryimage\"},\"image\":{\"@id\":\"https:\/\/www.closdecaille.com\/quel-rose-sera-le-votre\/#primaryimage\"},\"thumbnailUrl\":\"https:\/\/www.closdecaille.com\/wp-content\/uploads\/2025\/05\/A7404832-2-1-scaled.jpg\",\"datePublished\":\"2025-05-18T07:42:01+00:00\",\"dateModified\":\"2025-12-09T08:42:34+00:00\",\"description\":\"D\u00e9couvrez les vins ros\u00e9s du Clos de Caille, mill\u00e9sime 2024, symboles de l'\u00e9l\u00e9gance proven\u00e7ale. Des cuv\u00e9es subtiles et raffin\u00e9es, parfaites pour c\u00e9l\u00e9brer l'\u00e9t\u00e9 et sublimer vos moments de partage.\",\"breadcrumb\":{\"@id\":\"https:\/\/www.closdecaille.com\/quel-rose-sera-le-votre\/#breadcrumb\"},\"inLanguage\":\"en-GB\",\"potentialAction\":[{\"@type\":\"ReadAction\",\"target\":[\"https:\/\/www.closdecaille.com\/quel-rose-sera-le-votre\/\"]}]},{\"@type\":\"ImageObject\",\"inLanguage\":\"en-GB\",\"@id\":\"https:\/\/www.closdecaille.com\/quel-rose-sera-le-votre\/#primaryimage\",\"url\":\"https:\/\/www.closdecaille.com\/wp-content\/uploads\/2025\/05\/A7404832-2-1-scaled.jpg\",\"contentUrl\":\"https:\/\/www.closdecaille.com\/wp-content\/uploads\/2025\/05\/A7404832-2-1-scaled.jpg\",\"width\":2560,\"height\":1788,\"caption\":\"\u00c9t\u00e9 2025\"},{\"@type\":\"BreadcrumbList\",\"@id\":\"https:\/\/www.closdecaille.com\/quel-rose-sera-le-votre\/#breadcrumb\",\"itemListElement\":[{\"@type\":\"ListItem\",\"position\":1,\"name\":\"Art de vivre\",\"item\":\"https:\/\/www.closdecaille.com\/category\/art-de-vivre\/\"},{\"@type\":\"ListItem\",\"position\":2,\"name\":\"Quel Ros\u00e9 sera le v\u00f4tre ?\"}]},{\"@type\":\"WebSite\",\"@id\":\"https:\/\/www.closdecaille.com\/#website\",\"url\":\"https:\/\/www.closdecaille.com\/\",\"name\":\"Clos de Caille\",\"description\":\"Vins AOP C\u00f4tes de Provence\",\"publisher\":{\"@id\":\"https:\/\/www.closdecaille.com\/#organization\"},\"potentialAction\":[{\"@type\":\"SearchAction\",\"target\":{\"@type\":\"EntryPoint\",\"urlTemplate\":\"https:\/\/www.closdecaille.com\/?s={search_term_string}\"},\"query-input\":{\"@type\":\"PropertyValueSpecification\",\"valueRequired\":true,\"valueName\":\"search_term_string\"}}],\"inLanguage\":\"en-GB\"},{\"@type\":\"Organization\",\"@id\":\"https:\/\/www.closdecaille.com\/#organization\",\"name\":\"Clos de Caille\",\"url\":\"https:\/\/www.closdecaille.com\/\",\"logo\":{\"@type\":\"ImageObject\",\"inLanguage\":\"en-GB\",\"@id\":\"https:\/\/www.closdecaille.com\/#\/schema\/logo\/image\/\",\"url\":\"https:\/\/www.closdecaille.com\/wp-content\/uploads\/2023\/07\/favicon-2023.png\",\"contentUrl\":\"https:\/\/www.closdecaille.com\/wp-content\/uploads\/2023\/07\/favicon-2023.png\",\"width\":600,\"height\":600,\"caption\":\"Clos de Caille\"},\"image\":{\"@id\":\"https:\/\/www.closdecaille.com\/#\/schema\/logo\/image\/\"}},{\"@type\":\"Person\",\"@id\":\"https:\/\/www.closdecaille.com\/#\/schema\/person\/183ec33b0abe209accdd35f1ba15b586\",\"name\":\"Julie Fleisch\",\"image\":{\"@type\":\"ImageObject\",\"inLanguage\":\"en-GB\",\"@id\":\"https:\/\/www.closdecaille.com\/#\/schema\/person\/image\/\",\"url\":\"https:\/\/secure.gravatar.com\/avatar\/bffc10faa760f5f1f08f454e79e3342f047898af28fb87e9eec6b7842f516e2a?s=96&d=mm&r=g\",\"contentUrl\":\"https:\/\/secure.gravatar.com\/avatar\/bffc10faa760f5f1f08f454e79e3342f047898af28fb87e9eec6b7842f516e2a?s=96&d=mm&r=g\",\"caption\":\"Julie Fleisch\"}}]}<\/script>\n<!-- \/ Yoast SEO plugin. -->","yoast_head_json":{"title":"Which Ros\u00e9 will you choose? - Clos de Caille","description":"Discover the ros\u00e9 wines of Clos de Caille, vintage 2024, symbols of Proven\u00e7al elegance. Subtle and refined vintages, perfect for celebrating summer and enhancing your moments of sharing.","robots":{"index":"index","follow":"follow","max-snippet":"max-snippet:-1","max-image-preview":"max-image-preview:large","max-video-preview":"max-video-preview:-1"},"canonical":"https:\/\/www.closdecaille.com\/en\/quel-rose-sera-le-votre\/","og_locale":"en_GB","og_type":"article","og_title":"Quel Ros\u00e9 sera le v\u00f4tre ? - Clos de Caille","og_description":"D\u00e9couvrez les vins ros\u00e9s du Clos de Caille, mill\u00e9sime 2024, symboles de l'\u00e9l\u00e9gance proven\u00e7ale. Des cuv\u00e9es subtiles et raffin\u00e9es, parfaites pour c\u00e9l\u00e9brer l'\u00e9t\u00e9 et sublimer vos moments de partage.","og_url":"https:\/\/www.closdecaille.com\/en\/quel-rose-sera-le-votre\/","og_site_name":"Clos de Caille","article_published_time":"2025-05-18T07:42:01+00:00","article_modified_time":"2025-12-09T08:42:34+00:00","og_image":[{"width":1024,"height":715,"url":"https:\/\/www.closdecaille.com\/wp-content\/uploads\/2025\/05\/A7404832-2-1-1024x715.jpg","type":"image\/jpeg"}],"author":"Julie Fleisch","twitter_misc":{"Written by":"Julie Fleisch","Estimated reading time":"6 minutes"},"schema":{"@context":"https:\/\/schema.org","@graph":[{"@type":"Article","@id":"https:\/\/www.closdecaille.com\/quel-rose-sera-le-votre\/#article","isPartOf":{"@id":"https:\/\/www.closdecaille.com\/quel-rose-sera-le-votre\/"},"author":{"name":"Julie Fleisch","@id":"https:\/\/www.closdecaille.com\/#\/schema\/person\/183ec33b0abe209accdd35f1ba15b586"},"headline":"Quel Ros\u00e9 sera le v\u00f4tre ?","datePublished":"2025-05-18T07:42:01+00:00","dateModified":"2025-12-09T08:42:34+00:00","mainEntityOfPage":{"@id":"https:\/\/www.closdecaille.com\/quel-rose-sera-le-votre\/"},"wordCount":945,"publisher":{"@id":"https:\/\/www.closdecaille.com\/#organization"},"image":{"@id":"https:\/\/www.closdecaille.com\/quel-rose-sera-le-votre\/#primaryimage"},"thumbnailUrl":"https:\/\/www.closdecaille.com\/wp-content\/uploads\/2025\/05\/A7404832-2-1-scaled.jpg","keywords":["mill\u00e9sime 2024","Ros\u00e9s","Sunset Monaco"],"articleSection":["Art de vivre"],"inLanguage":"en-GB"},{"@type":"WebPage","@id":"https:\/\/www.closdecaille.com\/quel-rose-sera-le-votre\/","url":"https:\/\/www.closdecaille.com\/quel-rose-sera-le-votre\/","name":"Which Ros\u00e9 will you choose? - Clos de Caille","isPartOf":{"@id":"https:\/\/www.closdecaille.com\/#website"},"primaryImageOfPage":{"@id":"https:\/\/www.closdecaille.com\/quel-rose-sera-le-votre\/#primaryimage"},"image":{"@id":"https:\/\/www.closdecaille.com\/quel-rose-sera-le-votre\/#primaryimage"},"thumbnailUrl":"https:\/\/www.closdecaille.com\/wp-content\/uploads\/2025\/05\/A7404832-2-1-scaled.jpg","datePublished":"2025-05-18T07:42:01+00:00","dateModified":"2025-12-09T08:42:34+00:00","description":"Discover the ros\u00e9 wines of Clos de Caille, vintage 2024, symbols of Proven\u00e7al elegance. Subtle and refined vintages, perfect for celebrating summer and enhancing your moments of sharing.","breadcrumb":{"@id":"https:\/\/www.closdecaille.com\/quel-rose-sera-le-votre\/#breadcrumb"},"inLanguage":"en-GB","potentialAction":[{"@type":"ReadAction","target":["https:\/\/www.closdecaille.com\/quel-rose-sera-le-votre\/"]}]},{"@type":"ImageObject","inLanguage":"en-GB","@id":"https:\/\/www.closdecaille.com\/quel-rose-sera-le-votre\/#primaryimage","url":"https:\/\/www.closdecaille.com\/wp-content\/uploads\/2025\/05\/A7404832-2-1-scaled.jpg","contentUrl":"https:\/\/www.closdecaille.com\/wp-content\/uploads\/2025\/05\/A7404832-2-1-scaled.jpg","width":2560,"height":1788,"caption":"\u00c9t\u00e9 2025"},{"@type":"BreadcrumbList","@id":"https:\/\/www.closdecaille.com\/quel-rose-sera-le-votre\/#breadcrumb","itemListElement":[{"@type":"ListItem","position":1,"name":"Art de vivre","item":"https:\/\/www.closdecaille.com\/category\/art-de-vivre\/"},{"@type":"ListItem","position":2,"name":"Quel Ros\u00e9 sera le v\u00f4tre ?"}]},{"@type":"WebSite","@id":"https:\/\/www.closdecaille.com\/#website","url":"https:\/\/www.closdecaille.com\/","name":"Clos de Caille","description":"C\u00f4tes de Provence AOP wines","publisher":{"@id":"https:\/\/www.closdecaille.com\/#organization"},"potentialAction":[{"@type":"SearchAction","target":{"@type":"EntryPoint","urlTemplate":"https:\/\/www.closdecaille.com\/?s={search_term_string}"},"query-input":{"@type":"PropertyValueSpecification","valueRequired":true,"valueName":"search_term_string"}}],"inLanguage":"en-GB"},{"@type":"Organization","@id":"https:\/\/www.closdecaille.com\/#organization","name":"Clos de Caille","url":"https:\/\/www.closdecaille.com\/","logo":{"@type":"ImageObject","inLanguage":"en-GB","@id":"https:\/\/www.closdecaille.com\/#\/schema\/logo\/image\/","url":"https:\/\/www.closdecaille.com\/wp-content\/uploads\/2023\/07\/favicon-2023.png","contentUrl":"https:\/\/www.closdecaille.com\/wp-content\/uploads\/2023\/07\/favicon-2023.png","width":600,"height":600,"caption":"Clos de Caille"},"image":{"@id":"https:\/\/www.closdecaille.com\/#\/schema\/logo\/image\/"}},{"@type":"Person","@id":"https:\/\/www.closdecaille.com\/#\/schema\/person\/183ec33b0abe209accdd35f1ba15b586","name":"Julie Fleisch","image":{"@type":"ImageObject","inLanguage":"en-GB","@id":"https:\/\/www.closdecaille.com\/#\/schema\/person\/image\/","url":"https:\/\/secure.gravatar.com\/avatar\/bffc10faa760f5f1f08f454e79e3342f047898af28fb87e9eec6b7842f516e2a?s=96&d=mm&r=g","contentUrl":"https:\/\/secure.gravatar.com\/avatar\/bffc10faa760f5f1f08f454e79e3342f047898af28fb87e9eec6b7842f516e2a?s=96&d=mm&r=g","caption":"Julie Fleisch"}}]}},"_links":{"self":[{"href":"https:\/\/www.closdecaille.com\/en\/wp-json\/wp\/v2\/posts\/4665","targetHints":{"allow":["GET"]}}],"collection":[{"href":"https:\/\/www.closdecaille.com\/en\/wp-json\/wp\/v2\/posts"}],"about":[{"href":"https:\/\/www.closdecaille.com\/en\/wp-json\/wp\/v2\/types\/post"}],"author":[{"embeddable":true,"href":"https:\/\/www.closdecaille.com\/en\/wp-json\/wp\/v2\/users\/10"}],"replies":[{"embeddable":true,"href":"https:\/\/www.closdecaille.com\/en\/wp-json\/wp\/v2\/comments?post=4665"}],"version-history":[{"count":6,"href":"https:\/\/www.closdecaille.com\/en\/wp-json\/wp\/v2\/posts\/4665\/revisions"}],"predecessor-version":[{"id":5286,"href":"https:\/\/www.closdecaille.com\/en\/wp-json\/wp\/v2\/posts\/4665\/revisions\/5286"}],"wp:featuredmedia":[{"embeddable":true,"href":"https:\/\/www.closdecaille.com\/en\/wp-json\/wp\/v2\/media\/4668"}],"wp:attachment":[{"href":"https:\/\/www.closdecaille.com\/en\/wp-json\/wp\/v2\/media?parent=4665"}],"wp:term":[{"taxonomy":"category","embeddable":true,"href":"https:\/\/www.closdecaille.com\/en\/wp-json\/wp\/v2\/categories?post=4665"},{"taxonomy":"post_tag","embeddable":true,"href":"https:\/\/www.closdecaille.com\/en\/wp-json\/wp\/v2\/tags?post=4665"}],"curies":[{"name":"wp","href":"https:\/\/api.w.org\/{rel}","templated":true}]}}