{"id":4518,"date":"2025-04-15T15:05:13","date_gmt":"2025-04-15T13:05:13","guid":{"rendered":"https:\/\/www.closdecaille.com\/?p=4518"},"modified":"2025-12-09T09:35:22","modified_gmt":"2025-12-09T08:35:22","slug":"savourez-lexcellence-a-paques","status":"publish","type":"post","link":"https:\/\/www.closdecaille.com\/en\/savourez-lexcellence-a-paques\/","title":{"rendered":"Savour Excellence this Easter"},"content":{"rendered":"<p style=\"text-align: center;\"><strong>Gastronomic agreement in the heart of Provence<\/strong><\/p>\n<h1 style=\"text-align: center;\"><strong>CELEBRATE EASTER WITH SWEETNESS AND REFINEMENT<\/strong><\/h1>\n<p style=\"text-align: center;\">Easter is the perfect time to savour refined dishes accompanied by <strong>our Haute Couture wines<\/strong>. For an Easter lunch with a Proven\u00e7al touch, <strong>our three wine colours<\/strong> \u2014 red, white and ros\u00e9 \u2014 invite themselves to your table. Freshness, generosity and character: each one pairs perfectly with lamb, spring vegetables or a dark chocolate dessert.<\/p>\n<p style=\"text-align: center;\"><img fetchpriority=\"high\" decoding=\"async\" class=\"wp-image-4519 aligncenter\" src=\"https:\/\/www.closdecaille.com\/wp-content\/uploads\/2025\/04\/SAMPI-CLOS-DE-CAILLE-NL-1-1024x819.png\" alt=\"Recette P\u00e2ques\" width=\"438\" height=\"350\" srcset=\"https:\/\/www.closdecaille.com\/wp-content\/uploads\/2025\/04\/SAMPI-CLOS-DE-CAILLE-NL-1-1024x819.png 1024w, https:\/\/www.closdecaille.com\/wp-content\/uploads\/2025\/04\/SAMPI-CLOS-DE-CAILLE-NL-1-300x240.png 300w, https:\/\/www.closdecaille.com\/wp-content\/uploads\/2025\/04\/SAMPI-CLOS-DE-CAILLE-NL-1-768x614.png 768w, https:\/\/www.closdecaille.com\/wp-content\/uploads\/2025\/04\/SAMPI-CLOS-DE-CAILLE-NL-1-1536x1229.png 1536w, https:\/\/www.closdecaille.com\/wp-content\/uploads\/2025\/04\/SAMPI-CLOS-DE-CAILLE-NL-1.png 2000w\" sizes=\"(max-width: 438px) 100vw, 438px\" \/><\/p>\n<h2 style=\"text-align: center;\"><strong>CLOS DE CAILLE ROUGE, THE PERFECT ACCOMPANIMENT TO YOUR EASTER MEALS<\/strong><\/h2>\n<p style=\"text-align: center;\">A staple of traditional family meals, rabbit pairs perfectly with our <strong>Clos de Caille Red vintage 2021<\/strong>. Generous and aromatic, it will bring depth and richness to your celebration.<\/p>\n<h4 style=\"text-align: center;\"><a href=\"https:\/\/acrobat.adobe.com\/id\/urn:aaid:sc:EU:8400fba5-33e7-4f5a-add3-39b52f630cbf\">Discover the recipe for saut\u00e9ed rabbit with sun-dried tomatoes and broad beans<\/a><\/h4>\n<p style=\"text-align: center;\">Combine it with a few sprigs of rosemary, garlic cloves from Provence and melt-in-the-mouth potatoes for a fragrant combination.<\/p>\n<p style=\"text-align: center;\"><strong>PERFECT MATCH<\/strong><br \/>\n<em>Clos de Caille Red 2021<\/em><\/p>\n<p style=\"text-align: center;\">Beautiful deep colour, <strong>complex nose <\/strong>with spices and dark fruits, <strong>refinement in breeding<\/strong> with hints of precious woods.<\/p>\n<p style=\"text-align: center;\">The wine is full-bodied on the palate with a <strong>beautiful, round and harmonious material<\/strong>, lovely ripe tannins, and <strong>a long finish with spicy notes<\/strong>.<\/p>\n<h4 style=\"text-align: center;\"><a href=\"\/en\/?p=2085\">Discover Clos de Caille Red 2021<\/a><\/h4>\n<p style=\"text-align: center;\"><img decoding=\"async\" class=\"wp-image-4524 aligncenter\" src=\"https:\/\/www.closdecaille.com\/wp-content\/uploads\/2025\/04\/SAMPI_CLOS-DE-CAILLE_PRESS-IG-1-1.gif\" alt=\"Clos de Caille Rouge 2021\" width=\"354\" height=\"354\" \/><\/p>\n<p style=\"text-align: center;\"><em>Shipping is free for purchases over \u20ac100 in France and Monaco.<br \/>\nDelivery within 3 working days in secure, reinforced packaging.<\/em><\/p>\n<blockquote>\n<p style=\"text-align: center;\"><em>\u00abOur Provence red wine embodies all the authenticity of our terroir. A true reflection of the region, where every sip tells the story of centuries-old expertise and an exceptional land.\" <\/em><em>\u00bb \u2013 Mathieu Mariotti<\/em><\/p>\n<\/blockquote>\n<p style=\"text-align: center;\"><strong>Clos de Caille White \u2013 Vintage 2024 \u2013 AOP C\u00f4tes de Provence \u2013 Certified Organic<\/strong><br \/>\nClear and bright, this white wine with floral and mineral notes embodies the uniqueness of our terroir. Ideal with grilled fish, shellfish or parmesan shortbread, it will reveal all its freshness and liveliness.<\/p>\n<p style=\"text-align: center;\"><strong>Clos de Caille Ros\u00e9 \u2013 Vintage 2024 \u2013 AOP C\u00f4tes de Provence \u2013 Certified Organic<\/strong><br \/>\nAn elegant, fruity ros\u00e9 with aromas of citrus and white flowers. It is the ideal accompaniment to chorizo focaccia or an asparagus salad with poached eggs and burrata cheese. Light and fresh, its finesse and balance are sure to delight your guests.<\/p>\n<h4 style=\"text-align: center;\"><a href=\"https:\/\/www.closdecaille.com\/en\/e-boutique\/\">Learn more about our Haute-Couture wines from Provence<\/a><\/h4>\n<p style=\"text-align: center;\">Each Clos de Caille wine is vinified with the utmost care under the technical direction of Matthieu Cosse and cultivated using methods that respect nature. Our manual harvesting and rigorous selection of grape varieties ensure exceptional wines that are faithful to the soul of our terroir.<\/p>\n<p style=\"text-align: center;\">_______________________________<\/p>\n<h2 style=\"text-align: center;\"><strong>THE CLOS JOURNAL<\/strong><\/h2>\n<h3 style=\"text-align: center;\"><strong><em>A look back at our events this week!<\/em><\/strong><\/h3>\n<p style=\"text-align: center;\">Last week was particularly memorable for the Estate, with participation in two major events in the world of wine and sommellerie. These gatherings provided another opportunity to present our 2024 vintage, in all three colours, to exchange ideas with key players in the industry, and to showcase our expertise to professionals in the sector.<\/p>\n<p style=\"text-align: center;\"><em><strong>LE GRAND TASTING PRO \u2013 Paris<\/strong><\/em><br \/>\nWe began the week with the Grand Tasting Pro, organised by <a href=\"https:\/\/www.mybettanedesseauve.fr\/nos-evenements\/\">Bettane and Desseauve<\/a>. A version of the annual Grand Tasting, exclusively reserved for professionals. Denis Garret, expert sommelier, had the opportunity to meet numerous wine merchants, restaurateurs, buyers and influential journalists, who were invited to taste our 2024 vintage.<\/p>\n<p style=\"text-align: center;\"><em><strong>WINE MEETINGS \u2013 Paris<\/strong><\/em><br \/>\nCreated in 1997 by Sophie Morgaut, founder of the agency <a href=\"https:\/\/www.instagram.com\/agence_force4\/?hl=fr\">Force 4<\/a>, This event has become an essential reference point for wine professionals, providing a platform for exchanges between winegrowers, distributors and journalists. We are delighted with the interest shown in our 2024 vintage and our first white cuv\u00e9e, Clos de Caille \u2018Lucis\u2019 2023.<\/p>\n<p style=\"text-align: center;\">The Mariotti family and the Clos de Caille team would like to thank everyone in the industry who took the time to meet with us and discuss our shared passion. These events are essential for continuing to promote our expertise and forging lasting relationships with connoisseurs who appreciate wine in all its diversity.<\/p>\n<p style=\"text-align: center;\">-<\/p>\n<h3 style=\"text-align: center;\"><strong>YOUR PERSONAL APPOINTMENT<\/strong><\/h3>\n<p style=\"text-align: center;\">Because we are committed to offering our customers a unique experience, we invite you to make an appointment with one of our ambassadors, who will be happy to answer all your questions and discuss distribution terms.<\/p>\n<h4 style=\"text-align: center;\"><a href=\"mailto:info@closdecaille.com\">Contact our Customer Service Department<\/a><\/h4>","protected":false},"excerpt":{"rendered":"<p>Accord gastronomique au c\u0153ur de la Provence C\u00c9L\u00c9BREZ P\u00c2QUES AVEC DOUCEUR ET RAFFINEMENT P\u00e2ques est le moment id\u00e9al pour savourer des mets raffin\u00e9s accompagn\u00e9s de nos vins Haute Couture. Pour un d\u00e9jeuner pascal aux accents de Provence, nos trois couleurs de vin \u2014 rouge, blanc et ros\u00e9 \u2014 s\u2019invitent \u00e0 votre table. Fra\u00eecheur, g\u00e9n\u00e9rosit\u00e9 et [&hellip;]<\/p>\n","protected":false},"author":10,"featured_media":4519,"comment_status":"closed","ping_status":"closed","sticky":false,"template":"","format":"standard","meta":{"_acf_changed":false,"_mo_disable_npp":"","footnotes":""},"categories":[324],"tags":[190,229,180,156,230],"class_list":["post-4518","post","type-post","status-publish","format-standard","has-post-thumbnail","hentry","category-art-de-vivre","tag-clos-de-caille-rouge","tag-evenements","tag-grand-tasting","tag-recette","tag-rencontres-vinicoles"],"acf":[],"yoast_head":"<!-- This site is optimized with the Yoast SEO plugin v27.0 - https:\/\/yoast.com\/product\/yoast-seo-wordpress\/ -->\n<title>Savourez l\u2019Excellence \u00e0 P\u00e2ques - Clos de Caille<\/title>\n<meta name=\"description\" content=\"Pour un d\u00e9jeuner pascal aux accents de Provence, nos trois couleurs de vin AOP C\u00f4tes de Provence \u2014 rouge, blanc et ros\u00e9 \u2014 s\u2019invitent \u00e0 votre table. \u00c0 chacun son accord pour sublimer l\u2019agneau, les l\u00e9gumes de printemps ou un dessert au chocolat noir.\" \/>\n<meta name=\"robots\" content=\"index, follow, max-snippet:-1, max-image-preview:large, max-video-preview:-1\" \/>\n<link rel=\"canonical\" href=\"https:\/\/www.closdecaille.com\/en\/savourez-lexcellence-a-paques\/\" \/>\n<meta property=\"og:locale\" content=\"en_GB\" \/>\n<meta property=\"og:type\" content=\"article\" \/>\n<meta property=\"og:title\" content=\"Savourez l\u2019Excellence \u00e0 P\u00e2ques - Clos de Caille\" \/>\n<meta property=\"og:description\" content=\"Pour un d\u00e9jeuner pascal aux accents de Provence, nos trois couleurs de vin AOP C\u00f4tes de Provence \u2014 rouge, blanc et ros\u00e9 \u2014 s\u2019invitent \u00e0 votre table. \u00c0 chacun son accord pour sublimer l\u2019agneau, les l\u00e9gumes de printemps ou un dessert au chocolat noir.\" \/>\n<meta property=\"og:url\" content=\"https:\/\/www.closdecaille.com\/en\/savourez-lexcellence-a-paques\/\" \/>\n<meta property=\"og:site_name\" content=\"Clos de Caille\" \/>\n<meta property=\"article:published_time\" content=\"2025-04-15T13:05:13+00:00\" \/>\n<meta property=\"article:modified_time\" content=\"2025-12-09T08:35:22+00:00\" \/>\n<meta property=\"og:image\" content=\"https:\/\/www.closdecaille.com\/wp-content\/uploads\/2025\/04\/SAMPI-CLOS-DE-CAILLE-NL-1-1024x819.png\" \/>\n\t<meta property=\"og:image:width\" content=\"1024\" \/>\n\t<meta property=\"og:image:height\" content=\"819\" \/>\n\t<meta property=\"og:image:type\" content=\"image\/png\" \/>\n<meta name=\"author\" content=\"Julie Fleisch\" \/>\n<meta name=\"twitter:label1\" content=\"Written by\" \/>\n\t<meta name=\"twitter:data1\" content=\"Julie Fleisch\" \/>\n\t<meta name=\"twitter:label2\" content=\"Estimated reading time\" \/>\n\t<meta name=\"twitter:data2\" content=\"5 minutes\" \/>\n<script type=\"application\/ld+json\" class=\"yoast-schema-graph\">{\"@context\":\"https:\/\/schema.org\",\"@graph\":[{\"@type\":\"Article\",\"@id\":\"https:\/\/www.closdecaille.com\/savourez-lexcellence-a-paques\/#article\",\"isPartOf\":{\"@id\":\"https:\/\/www.closdecaille.com\/savourez-lexcellence-a-paques\/\"},\"author\":{\"name\":\"Julie Fleisch\",\"@id\":\"https:\/\/www.closdecaille.com\/#\/schema\/person\/183ec33b0abe209accdd35f1ba15b586\"},\"headline\":\"Savourez l\u2019Excellence \u00e0 P\u00e2ques\",\"datePublished\":\"2025-04-15T13:05:13+00:00\",\"dateModified\":\"2025-12-09T08:35:22+00:00\",\"mainEntityOfPage\":{\"@id\":\"https:\/\/www.closdecaille.com\/savourez-lexcellence-a-paques\/\"},\"wordCount\":813,\"publisher\":{\"@id\":\"https:\/\/www.closdecaille.com\/#organization\"},\"image\":{\"@id\":\"https:\/\/www.closdecaille.com\/savourez-lexcellence-a-paques\/#primaryimage\"},\"thumbnailUrl\":\"https:\/\/www.closdecaille.com\/wp-content\/uploads\/2025\/04\/SAMPI-CLOS-DE-CAILLE-NL-1.png\",\"keywords\":[\"Clos de Caille rouge\",\"\u00e9v\u00e9nements\",\"Grand Tasting\",\"recette\",\"Rencontres Vinicoles\"],\"articleSection\":[\"Art de vivre\"],\"inLanguage\":\"en-GB\"},{\"@type\":\"WebPage\",\"@id\":\"https:\/\/www.closdecaille.com\/savourez-lexcellence-a-paques\/\",\"url\":\"https:\/\/www.closdecaille.com\/savourez-lexcellence-a-paques\/\",\"name\":\"Savourez l\u2019Excellence \u00e0 P\u00e2ques - Clos de Caille\",\"isPartOf\":{\"@id\":\"https:\/\/www.closdecaille.com\/#website\"},\"primaryImageOfPage\":{\"@id\":\"https:\/\/www.closdecaille.com\/savourez-lexcellence-a-paques\/#primaryimage\"},\"image\":{\"@id\":\"https:\/\/www.closdecaille.com\/savourez-lexcellence-a-paques\/#primaryimage\"},\"thumbnailUrl\":\"https:\/\/www.closdecaille.com\/wp-content\/uploads\/2025\/04\/SAMPI-CLOS-DE-CAILLE-NL-1.png\",\"datePublished\":\"2025-04-15T13:05:13+00:00\",\"dateModified\":\"2025-12-09T08:35:22+00:00\",\"description\":\"Pour un d\u00e9jeuner pascal aux accents de Provence, nos trois couleurs de vin AOP C\u00f4tes de Provence \u2014 rouge, blanc et ros\u00e9 \u2014 s\u2019invitent \u00e0 votre table. \u00c0 chacun son accord pour sublimer l\u2019agneau, les l\u00e9gumes de printemps ou un dessert au chocolat noir.\",\"breadcrumb\":{\"@id\":\"https:\/\/www.closdecaille.com\/savourez-lexcellence-a-paques\/#breadcrumb\"},\"inLanguage\":\"en-GB\",\"potentialAction\":[{\"@type\":\"ReadAction\",\"target\":[\"https:\/\/www.closdecaille.com\/savourez-lexcellence-a-paques\/\"]}]},{\"@type\":\"ImageObject\",\"inLanguage\":\"en-GB\",\"@id\":\"https:\/\/www.closdecaille.com\/savourez-lexcellence-a-paques\/#primaryimage\",\"url\":\"https:\/\/www.closdecaille.com\/wp-content\/uploads\/2025\/04\/SAMPI-CLOS-DE-CAILLE-NL-1.png\",\"contentUrl\":\"https:\/\/www.closdecaille.com\/wp-content\/uploads\/2025\/04\/SAMPI-CLOS-DE-CAILLE-NL-1.png\",\"width\":2000,\"height\":1600,\"caption\":\"Recette P\u00e2ques\"},{\"@type\":\"BreadcrumbList\",\"@id\":\"https:\/\/www.closdecaille.com\/savourez-lexcellence-a-paques\/#breadcrumb\",\"itemListElement\":[{\"@type\":\"ListItem\",\"position\":1,\"name\":\"Art de vivre\",\"item\":\"https:\/\/www.closdecaille.com\/category\/art-de-vivre\/\"},{\"@type\":\"ListItem\",\"position\":2,\"name\":\"Savourez l\u2019Excellence \u00e0 P\u00e2ques\"}]},{\"@type\":\"WebSite\",\"@id\":\"https:\/\/www.closdecaille.com\/#website\",\"url\":\"https:\/\/www.closdecaille.com\/\",\"name\":\"Clos de Caille\",\"description\":\"Vins AOP C\u00f4tes de Provence\",\"publisher\":{\"@id\":\"https:\/\/www.closdecaille.com\/#organization\"},\"potentialAction\":[{\"@type\":\"SearchAction\",\"target\":{\"@type\":\"EntryPoint\",\"urlTemplate\":\"https:\/\/www.closdecaille.com\/?s={search_term_string}\"},\"query-input\":{\"@type\":\"PropertyValueSpecification\",\"valueRequired\":true,\"valueName\":\"search_term_string\"}}],\"inLanguage\":\"en-GB\"},{\"@type\":\"Organization\",\"@id\":\"https:\/\/www.closdecaille.com\/#organization\",\"name\":\"Clos de Caille\",\"url\":\"https:\/\/www.closdecaille.com\/\",\"logo\":{\"@type\":\"ImageObject\",\"inLanguage\":\"en-GB\",\"@id\":\"https:\/\/www.closdecaille.com\/#\/schema\/logo\/image\/\",\"url\":\"https:\/\/www.closdecaille.com\/wp-content\/uploads\/2023\/07\/favicon-2023.png\",\"contentUrl\":\"https:\/\/www.closdecaille.com\/wp-content\/uploads\/2023\/07\/favicon-2023.png\",\"width\":600,\"height\":600,\"caption\":\"Clos de Caille\"},\"image\":{\"@id\":\"https:\/\/www.closdecaille.com\/#\/schema\/logo\/image\/\"}},{\"@type\":\"Person\",\"@id\":\"https:\/\/www.closdecaille.com\/#\/schema\/person\/183ec33b0abe209accdd35f1ba15b586\",\"name\":\"Julie Fleisch\",\"image\":{\"@type\":\"ImageObject\",\"inLanguage\":\"en-GB\",\"@id\":\"https:\/\/www.closdecaille.com\/#\/schema\/person\/image\/\",\"url\":\"https:\/\/secure.gravatar.com\/avatar\/bffc10faa760f5f1f08f454e79e3342f047898af28fb87e9eec6b7842f516e2a?s=96&d=mm&r=g\",\"contentUrl\":\"https:\/\/secure.gravatar.com\/avatar\/bffc10faa760f5f1f08f454e79e3342f047898af28fb87e9eec6b7842f516e2a?s=96&d=mm&r=g\",\"caption\":\"Julie Fleisch\"}}]}<\/script>\n<!-- \/ Yoast SEO plugin. -->","yoast_head_json":{"title":"Savour Excellence this Easter - Clos de Caille","description":"For an Easter lunch with a Proven\u00e7al touch, our three colours of AOP C\u00f4tes de Provence wine \u2014 red, white and ros\u00e9 \u2014 are perfect for your table. Each one pairs perfectly with lamb, spring vegetables or a dark chocolate dessert.","robots":{"index":"index","follow":"follow","max-snippet":"max-snippet:-1","max-image-preview":"max-image-preview:large","max-video-preview":"max-video-preview:-1"},"canonical":"https:\/\/www.closdecaille.com\/en\/savourez-lexcellence-a-paques\/","og_locale":"en_GB","og_type":"article","og_title":"Savourez l\u2019Excellence \u00e0 P\u00e2ques - Clos de Caille","og_description":"Pour un d\u00e9jeuner pascal aux accents de Provence, nos trois couleurs de vin AOP C\u00f4tes de Provence \u2014 rouge, blanc et ros\u00e9 \u2014 s\u2019invitent \u00e0 votre table. \u00c0 chacun son accord pour sublimer l\u2019agneau, les l\u00e9gumes de printemps ou un dessert au chocolat noir.","og_url":"https:\/\/www.closdecaille.com\/en\/savourez-lexcellence-a-paques\/","og_site_name":"Clos de Caille","article_published_time":"2025-04-15T13:05:13+00:00","article_modified_time":"2025-12-09T08:35:22+00:00","og_image":[{"width":1024,"height":819,"url":"https:\/\/www.closdecaille.com\/wp-content\/uploads\/2025\/04\/SAMPI-CLOS-DE-CAILLE-NL-1-1024x819.png","type":"image\/png"}],"author":"Julie Fleisch","twitter_misc":{"Written by":"Julie Fleisch","Estimated reading time":"5 minutes"},"schema":{"@context":"https:\/\/schema.org","@graph":[{"@type":"Article","@id":"https:\/\/www.closdecaille.com\/savourez-lexcellence-a-paques\/#article","isPartOf":{"@id":"https:\/\/www.closdecaille.com\/savourez-lexcellence-a-paques\/"},"author":{"name":"Julie Fleisch","@id":"https:\/\/www.closdecaille.com\/#\/schema\/person\/183ec33b0abe209accdd35f1ba15b586"},"headline":"Savourez l\u2019Excellence \u00e0 P\u00e2ques","datePublished":"2025-04-15T13:05:13+00:00","dateModified":"2025-12-09T08:35:22+00:00","mainEntityOfPage":{"@id":"https:\/\/www.closdecaille.com\/savourez-lexcellence-a-paques\/"},"wordCount":813,"publisher":{"@id":"https:\/\/www.closdecaille.com\/#organization"},"image":{"@id":"https:\/\/www.closdecaille.com\/savourez-lexcellence-a-paques\/#primaryimage"},"thumbnailUrl":"https:\/\/www.closdecaille.com\/wp-content\/uploads\/2025\/04\/SAMPI-CLOS-DE-CAILLE-NL-1.png","keywords":["Clos de Caille rouge","\u00e9v\u00e9nements","Grand Tasting","recette","Rencontres Vinicoles"],"articleSection":["Art de vivre"],"inLanguage":"en-GB"},{"@type":"WebPage","@id":"https:\/\/www.closdecaille.com\/savourez-lexcellence-a-paques\/","url":"https:\/\/www.closdecaille.com\/savourez-lexcellence-a-paques\/","name":"Savour Excellence this Easter - Clos de Caille","isPartOf":{"@id":"https:\/\/www.closdecaille.com\/#website"},"primaryImageOfPage":{"@id":"https:\/\/www.closdecaille.com\/savourez-lexcellence-a-paques\/#primaryimage"},"image":{"@id":"https:\/\/www.closdecaille.com\/savourez-lexcellence-a-paques\/#primaryimage"},"thumbnailUrl":"https:\/\/www.closdecaille.com\/wp-content\/uploads\/2025\/04\/SAMPI-CLOS-DE-CAILLE-NL-1.png","datePublished":"2025-04-15T13:05:13+00:00","dateModified":"2025-12-09T08:35:22+00:00","description":"For an Easter lunch with a Proven\u00e7al touch, our three colours of AOP C\u00f4tes de Provence wine \u2014 red, white and ros\u00e9 \u2014 are perfect for your table. Each one pairs perfectly with lamb, spring vegetables or a dark chocolate dessert.","breadcrumb":{"@id":"https:\/\/www.closdecaille.com\/savourez-lexcellence-a-paques\/#breadcrumb"},"inLanguage":"en-GB","potentialAction":[{"@type":"ReadAction","target":["https:\/\/www.closdecaille.com\/savourez-lexcellence-a-paques\/"]}]},{"@type":"ImageObject","inLanguage":"en-GB","@id":"https:\/\/www.closdecaille.com\/savourez-lexcellence-a-paques\/#primaryimage","url":"https:\/\/www.closdecaille.com\/wp-content\/uploads\/2025\/04\/SAMPI-CLOS-DE-CAILLE-NL-1.png","contentUrl":"https:\/\/www.closdecaille.com\/wp-content\/uploads\/2025\/04\/SAMPI-CLOS-DE-CAILLE-NL-1.png","width":2000,"height":1600,"caption":"Recette P\u00e2ques"},{"@type":"BreadcrumbList","@id":"https:\/\/www.closdecaille.com\/savourez-lexcellence-a-paques\/#breadcrumb","itemListElement":[{"@type":"ListItem","position":1,"name":"Art de vivre","item":"https:\/\/www.closdecaille.com\/category\/art-de-vivre\/"},{"@type":"ListItem","position":2,"name":"Savourez l\u2019Excellence \u00e0 P\u00e2ques"}]},{"@type":"WebSite","@id":"https:\/\/www.closdecaille.com\/#website","url":"https:\/\/www.closdecaille.com\/","name":"Clos de Caille","description":"C\u00f4tes de Provence AOP wines","publisher":{"@id":"https:\/\/www.closdecaille.com\/#organization"},"potentialAction":[{"@type":"SearchAction","target":{"@type":"EntryPoint","urlTemplate":"https:\/\/www.closdecaille.com\/?s={search_term_string}"},"query-input":{"@type":"PropertyValueSpecification","valueRequired":true,"valueName":"search_term_string"}}],"inLanguage":"en-GB"},{"@type":"Organization","@id":"https:\/\/www.closdecaille.com\/#organization","name":"Clos de Caille","url":"https:\/\/www.closdecaille.com\/","logo":{"@type":"ImageObject","inLanguage":"en-GB","@id":"https:\/\/www.closdecaille.com\/#\/schema\/logo\/image\/","url":"https:\/\/www.closdecaille.com\/wp-content\/uploads\/2023\/07\/favicon-2023.png","contentUrl":"https:\/\/www.closdecaille.com\/wp-content\/uploads\/2023\/07\/favicon-2023.png","width":600,"height":600,"caption":"Clos de Caille"},"image":{"@id":"https:\/\/www.closdecaille.com\/#\/schema\/logo\/image\/"}},{"@type":"Person","@id":"https:\/\/www.closdecaille.com\/#\/schema\/person\/183ec33b0abe209accdd35f1ba15b586","name":"Julie Fleisch","image":{"@type":"ImageObject","inLanguage":"en-GB","@id":"https:\/\/www.closdecaille.com\/#\/schema\/person\/image\/","url":"https:\/\/secure.gravatar.com\/avatar\/bffc10faa760f5f1f08f454e79e3342f047898af28fb87e9eec6b7842f516e2a?s=96&d=mm&r=g","contentUrl":"https:\/\/secure.gravatar.com\/avatar\/bffc10faa760f5f1f08f454e79e3342f047898af28fb87e9eec6b7842f516e2a?s=96&d=mm&r=g","caption":"Julie Fleisch"}}]}},"_links":{"self":[{"href":"https:\/\/www.closdecaille.com\/en\/wp-json\/wp\/v2\/posts\/4518","targetHints":{"allow":["GET"]}}],"collection":[{"href":"https:\/\/www.closdecaille.com\/en\/wp-json\/wp\/v2\/posts"}],"about":[{"href":"https:\/\/www.closdecaille.com\/en\/wp-json\/wp\/v2\/types\/post"}],"author":[{"embeddable":true,"href":"https:\/\/www.closdecaille.com\/en\/wp-json\/wp\/v2\/users\/10"}],"replies":[{"embeddable":true,"href":"https:\/\/www.closdecaille.com\/en\/wp-json\/wp\/v2\/comments?post=4518"}],"version-history":[{"count":10,"href":"https:\/\/www.closdecaille.com\/en\/wp-json\/wp\/v2\/posts\/4518\/revisions"}],"predecessor-version":[{"id":5291,"href":"https:\/\/www.closdecaille.com\/en\/wp-json\/wp\/v2\/posts\/4518\/revisions\/5291"}],"wp:featuredmedia":[{"embeddable":true,"href":"https:\/\/www.closdecaille.com\/en\/wp-json\/wp\/v2\/media\/4519"}],"wp:attachment":[{"href":"https:\/\/www.closdecaille.com\/en\/wp-json\/wp\/v2\/media?parent=4518"}],"wp:term":[{"taxonomy":"category","embeddable":true,"href":"https:\/\/www.closdecaille.com\/en\/wp-json\/wp\/v2\/categories?post=4518"},{"taxonomy":"post_tag","embeddable":true,"href":"https:\/\/www.closdecaille.com\/en\/wp-json\/wp\/v2\/tags?post=4518"}],"curies":[{"name":"wp","href":"https:\/\/api.w.org\/{rel}","templated":true}]}}