{"id":4383,"date":"2025-03-12T17:32:36","date_gmt":"2025-03-12T16:32:36","guid":{"rendered":"https:\/\/www.closdecaille.com\/?p=4383"},"modified":"2025-12-09T09:29:18","modified_gmt":"2025-12-09T08:29:18","slug":"accord-vin-blanc-recette","status":"publish","type":"post","link":"https:\/\/www.closdecaille.com\/en\/accord-vin-blanc-recette\/","title":{"rendered":"Our seasonal recipe ????"},"content":{"rendered":"<p style=\"text-align: center;\"><strong>Savour the moment with Clos de Caille Blanc 2024<\/strong><\/p>\n<p style=\"text-align: center;\">When spring arrives, discover <strong>the recipe for tagliatelle with asparagus and guanciale<\/strong> signed by the head <strong>Max Mariola<\/strong>, enhanced by our <strong>Clos de Caille white vintage 2024<\/strong>.<\/p>\n<h1 style=\"text-align: center;\"><strong>THE TASTE EXPERIENCE BY CLOS DE CAILLE<\/strong><\/h1>\n<p style=\"text-align: center;\">Seasonal produce is the best way to bring out the full elegance of our Clos de Caille Blanc.<\/p>\n<p style=\"text-align: center;\">Both simple and refined, this gourmet recipe combines the delicacy of asparagus with the intensity of guanciale., <strong>offering a perfectly balanced tasting experience<\/strong>.<\/p>\n<p style=\"text-align: center;\"><strong>Enjoy your tasting!<\/strong><\/p>\n<h4 style=\"text-align: center;\"><strong><a href=\"https:\/\/acrobat.adobe.com\/id\/urn:aaid:sc:EU:cf292be8-e51c-428a-bc21-00b642df134f\">Discover the recipe<\/a><\/strong><\/h4>\n<p style=\"text-align: center;\"><img fetchpriority=\"high\" decoding=\"async\" class=\"wp-image-4384 aligncenter\" src=\"https:\/\/www.closdecaille.com\/wp-content\/uploads\/2025\/03\/SAMPI-CLOS-DE-CAILLE-NL-1.gif\" alt=\"Clos de Caille - accords mets &amp; vins\" width=\"631\" height=\"505\" \/><\/p>\n<p style=\"text-align: center;\">Under the guidance of the Mariotti family and Matthieu Cosse's technical management, the wines are produced and vinified with the utmost care in our \u00ab <em><u>Masterpiece<\/u><\/em> \u00bb to become the perfect companion for your moments of sharing. Its sparkling yellow colour complements its fine, balanced aromas and reveals the richness of our terroir, predestined for excellence.<\/p>\n<p style=\"text-align: center;\"><strong>TASTING NOTES<\/strong><\/p>\n<p style=\"text-align: center;\">A clear, brilliant wine with a beautiful golden colour and luminous highlights. The refined, complex nose reveals subtle citrus aromas, enhanced by a delicate floral touch. On the palate, the aromatic expression lingers with a lovely freshness. Full-bodied and refined, it offers perfect harmony through to a long, pure finish.<\/p>\n<h4 style=\"text-align: center;\"><a href=\"https:\/\/acrobat.adobe.com\/id\/urn:aaid:sc:EU:6263b5cb-3822-4944-b552-6741afa9832e\">Download the technical data sheet<\/a><\/h4>\n<p style=\"text-align: center;\">Discover the elegance and freshness of our Clos de Caille white wines.<\/p>\n<h4 style=\"text-align: center;\"><img decoding=\"async\" class=\"wp-image-4359 aligncenter\" src=\"https:\/\/www.closdecaille.com\/wp-content\/uploads\/2025\/03\/Closdecaille-Blanc-683x1024.png\" alt=\"Clos de Caille Blanc\" width=\"175\" height=\"263\" srcset=\"https:\/\/www.closdecaille.com\/wp-content\/uploads\/2025\/03\/Closdecaille-Blanc-683x1024.png 683w, https:\/\/www.closdecaille.com\/wp-content\/uploads\/2025\/03\/Closdecaille-Blanc-200x300.png 200w, https:\/\/www.closdecaille.com\/wp-content\/uploads\/2025\/03\/Closdecaille-Blanc-768x1152.png 768w, https:\/\/www.closdecaille.com\/wp-content\/uploads\/2025\/03\/Closdecaille-Blanc-1024x1536.png 1024w, https:\/\/www.closdecaille.com\/wp-content\/uploads\/2025\/03\/Closdecaille-Blanc-1365x2048.png 1365w, https:\/\/www.closdecaille.com\/wp-content\/uploads\/2025\/03\/Closdecaille-Blanc-300x450.png 300w\" sizes=\"(max-width: 175px) 100vw, 175px\" \/><\/h4>\n<h4 style=\"text-align: center;\"><a href=\"\/en\/?p=2071\">Clos de Caille White 2024<\/a><\/h4>\n<h4 style=\"text-align: center;\"><\/h4>\n<p style=\"text-align: center;\"><img decoding=\"async\" class=\"wp-image-4136 aligncenter\" src=\"https:\/\/www.closdecaille.com\/wp-content\/uploads\/2025\/02\/CLOS-DE-CAILLE_LUCIS-2_valide-MM-1312-sans-fond-1024x1024.png\" alt=\"\" width=\"290\" height=\"290\" srcset=\"https:\/\/www.closdecaille.com\/wp-content\/uploads\/2025\/02\/CLOS-DE-CAILLE_LUCIS-2_valide-MM-1312-sans-fond-1024x1024.png 1024w, https:\/\/www.closdecaille.com\/wp-content\/uploads\/2025\/02\/CLOS-DE-CAILLE_LUCIS-2_valide-MM-1312-sans-fond-300x300.png 300w, https:\/\/www.closdecaille.com\/wp-content\/uploads\/2025\/02\/CLOS-DE-CAILLE_LUCIS-2_valide-MM-1312-sans-fond-150x150.png 150w, https:\/\/www.closdecaille.com\/wp-content\/uploads\/2025\/02\/CLOS-DE-CAILLE_LUCIS-2_valide-MM-1312-sans-fond-768x768.png 768w, https:\/\/www.closdecaille.com\/wp-content\/uploads\/2025\/02\/CLOS-DE-CAILLE_LUCIS-2_valide-MM-1312-sans-fond-1536x1536.png 1536w, https:\/\/www.closdecaille.com\/wp-content\/uploads\/2025\/02\/CLOS-DE-CAILLE_LUCIS-2_valide-MM-1312-sans-fond-2048x2048.png 2048w, https:\/\/www.closdecaille.com\/wp-content\/uploads\/2025\/02\/CLOS-DE-CAILLE_LUCIS-2_valide-MM-1312-sans-fond-900x900.png 900w, https:\/\/www.closdecaille.com\/wp-content\/uploads\/2025\/02\/CLOS-DE-CAILLE_LUCIS-2_valide-MM-1312-sans-fond-100x100.png 100w\" sizes=\"(max-width: 290px) 100vw, 290px\" \/><\/p>\n<h4 style=\"text-align: center;\"><a href=\"\/en\/?p=4130\">Clos de Caille \u2018Lucis\u2019 23<\/a><\/h4>\n<h4 style=\"text-align: center;\"><\/h4>\n<p style=\"text-align: center;\"><img loading=\"lazy\" decoding=\"async\" class=\"wp-image-4386 aligncenter\" src=\"https:\/\/www.closdecaille.com\/wp-content\/uploads\/2025\/03\/THEONE-blanc1L-683x1024.png\" alt=\"The One blanc\" width=\"173\" height=\"260\" srcset=\"https:\/\/www.closdecaille.com\/wp-content\/uploads\/2025\/03\/THEONE-blanc1L-683x1024.png 683w, https:\/\/www.closdecaille.com\/wp-content\/uploads\/2025\/03\/THEONE-blanc1L-200x300.png 200w, https:\/\/www.closdecaille.com\/wp-content\/uploads\/2025\/03\/THEONE-blanc1L-768x1152.png 768w, https:\/\/www.closdecaille.com\/wp-content\/uploads\/2025\/03\/THEONE-blanc1L-1024x1536.png 1024w, https:\/\/www.closdecaille.com\/wp-content\/uploads\/2025\/03\/THEONE-blanc1L-1366x2048.png 1366w, https:\/\/www.closdecaille.com\/wp-content\/uploads\/2025\/03\/THEONE-blanc1L-300x450.png 300w\" sizes=\"(max-width: 173px) 100vw, 173px\" \/><\/p>\n<h4 style=\"text-align: center;\"><a href=\"\/en\/?p=2187\">The One White 2024<\/a><\/h4>\n<p style=\"text-align: center;\">The perfect accompaniment to any meal, they enhance a variety of dishes, from seafood to summer salads, grilled fish and meat in sauce, for food and wine pairings worthy of the tables of top chefs.<\/p>\n<blockquote>\n<p style=\"text-align: center;\"><em>\u00abEach vintage reveals a rich and complex aromatic palette that is both fresh and enveloping. Whether accompanying your meals or savouring a moment of contemplation, our Clos de Caille wines promise quality and refinement, to be shared during your most precious moments.\u00bb<\/em><\/p>\n<\/blockquote>\n<h4 style=\"text-align: center;\"><a href=\"https:\/\/www.closdecaille.com\/en\/e-boutique\/\">DISCOVER OUR HAUTE COUTURE WINES<\/a><\/h4>\n<p>&nbsp;<\/p>\n<p style=\"text-align: center;\">_______________________________<\/p>\n<h2 style=\"text-align: center;\"><strong>THE CLOS JOURNAL<\/strong><em>\u00a0<\/em><\/h2>\n<h3 style=\"text-align: center;\"><strong>SAVE THE DATE<br \/>\nGrand Tasting Pro<\/strong><\/h3>\n<p style=\"text-align: center;\">Sommeliers, buyers, restaurateurs and wine merchants, Mathieu Mariotti invites you to join him on 7 April at the Grand Tasting Pro organised by Bettane+Desseauve to discover our expertise.<\/p>\n<p style=\"text-align: center;\"><strong>Table 62<br \/>\n<\/strong>Monday, 7 April | 11 a.m. to 6 p.m.<br \/>\nWagram Pavilion<br \/>\n47 Avenue de Wagram, 75017 Paris<\/p>\n<h4 style=\"text-align: center;\"><a href=\"https:\/\/pro.grandtasting.com\">Find out more<\/a><\/h4>\n<p>&nbsp;<\/p>\n<p><img loading=\"lazy\" decoding=\"async\" class=\"wp-image-4388 aligncenter\" src=\"https:\/\/www.closdecaille.com\/wp-content\/uploads\/2025\/03\/SAMPI-CLOS-DE-CAILLE-NL-2.gif\" alt=\"STD Grand Tasting Pro\" width=\"639\" height=\"511\" \/><\/p>\n<h3 style=\"text-align: center;\"><strong>YOUR PERSONAL APPOINTMENT<\/strong><\/h3>\n<p style=\"text-align: center;\">Because we are committed to offering our customers a unique experience, we invite you to make an appointment with one of our ambassadors, who will be happy to answer all your questions and discuss distribution terms.<\/p>","protected":false},"excerpt":{"rendered":"<p>Savourez l\u2019instant avec Clos de Caille Blanc 2024 \u00c0 l\u2019arriv\u00e9e du printemps, d\u00e9couvrez la recette de tagliatelles aux asperges et guanciale sign\u00e9e par le chef Max Mariola, sublim\u00e9e par notre Clos de Caille blanc mill\u00e9sime 2024. L&rsquo;EXP\u00c9RIENCE GUSTATIVE SIGN\u00c9E PAR LE CLOS DE CAILLE Les produits de saison sont les meilleurs alli\u00e9s pour r\u00e9v\u00e9ler toute [&hellip;]<\/p>\n","protected":false},"author":10,"featured_media":4390,"comment_status":"closed","ping_status":"closed","sticky":false,"template":"","format":"standard","meta":{"_acf_changed":false,"_mo_disable_npp":"","footnotes":""},"categories":[324],"tags":[219,218,156],"class_list":["post-4383","post","type-post","status-publish","format-standard","has-post-thumbnail","hentry","category-art-de-vivre","tag-clos-de-caille-blanc","tag-grand-tasting-pro","tag-recette"],"acf":[],"yoast_head":"<!-- This site is optimized with the Yoast SEO plugin v27.0 - https:\/\/yoast.com\/product\/yoast-seo-wordpress\/ -->\n<title>Notre recette de saison ???? - Clos de Caille<\/title>\n<meta name=\"description\" content=\"Notre recette de saison ???? - Accords mets et vins avec notre vin Clos de Caille blanc 2024\" \/>\n<meta name=\"robots\" content=\"index, follow, max-snippet:-1, max-image-preview:large, max-video-preview:-1\" \/>\n<link rel=\"canonical\" href=\"https:\/\/www.closdecaille.com\/en\/accord-vin-blanc-recette\/\" \/>\n<meta property=\"og:locale\" content=\"en_GB\" \/>\n<meta property=\"og:type\" content=\"article\" \/>\n<meta property=\"og:title\" content=\"Notre recette de saison ???? - Clos de Caille\" \/>\n<meta property=\"og:description\" content=\"Notre recette de saison ???? - Accords mets et vins avec notre vin Clos de Caille blanc 2024\" \/>\n<meta property=\"og:url\" content=\"https:\/\/www.closdecaille.com\/en\/accord-vin-blanc-recette\/\" \/>\n<meta property=\"og:site_name\" content=\"Clos de Caille\" \/>\n<meta property=\"article:published_time\" content=\"2025-03-12T16:32:36+00:00\" \/>\n<meta property=\"article:modified_time\" content=\"2025-12-09T08:29:18+00:00\" \/>\n<meta property=\"og:image\" content=\"https:\/\/www.closdecaille.com\/wp-content\/uploads\/2025\/03\/Clos-de-Caille-20-1024x767.jpg\" \/>\n\t<meta property=\"og:image:width\" content=\"1024\" \/>\n\t<meta property=\"og:image:height\" content=\"767\" \/>\n\t<meta property=\"og:image:type\" content=\"image\/jpeg\" \/>\n<meta name=\"author\" content=\"Julie Fleisch\" \/>\n<meta name=\"twitter:label1\" content=\"Written by\" \/>\n\t<meta name=\"twitter:data1\" content=\"Julie Fleisch\" \/>\n\t<meta name=\"twitter:label2\" content=\"Estimated reading time\" \/>\n\t<meta name=\"twitter:data2\" content=\"4 minutes\" \/>\n<script type=\"application\/ld+json\" class=\"yoast-schema-graph\">{\"@context\":\"https:\/\/schema.org\",\"@graph\":[{\"@type\":\"Article\",\"@id\":\"https:\/\/www.closdecaille.com\/accord-vin-blanc-recette\/#article\",\"isPartOf\":{\"@id\":\"https:\/\/www.closdecaille.com\/accord-vin-blanc-recette\/\"},\"author\":{\"name\":\"Julie Fleisch\",\"@id\":\"https:\/\/www.closdecaille.com\/#\/schema\/person\/183ec33b0abe209accdd35f1ba15b586\"},\"headline\":\"Notre recette de saison ????\",\"datePublished\":\"2025-03-12T16:32:36+00:00\",\"dateModified\":\"2025-12-09T08:29:18+00:00\",\"mainEntityOfPage\":{\"@id\":\"https:\/\/www.closdecaille.com\/accord-vin-blanc-recette\/\"},\"wordCount\":476,\"publisher\":{\"@id\":\"https:\/\/www.closdecaille.com\/#organization\"},\"image\":{\"@id\":\"https:\/\/www.closdecaille.com\/accord-vin-blanc-recette\/#primaryimage\"},\"thumbnailUrl\":\"https:\/\/www.closdecaille.com\/wp-content\/uploads\/2025\/03\/Clos-de-Caille-20-scaled.jpg\",\"keywords\":[\"Clos de Caille blanc\",\"Grand Tasting Pro\",\"recette\"],\"articleSection\":[\"Art de vivre\"],\"inLanguage\":\"en-GB\"},{\"@type\":\"WebPage\",\"@id\":\"https:\/\/www.closdecaille.com\/accord-vin-blanc-recette\/\",\"url\":\"https:\/\/www.closdecaille.com\/accord-vin-blanc-recette\/\",\"name\":\"Notre recette de saison ???? - Clos de Caille\",\"isPartOf\":{\"@id\":\"https:\/\/www.closdecaille.com\/#website\"},\"primaryImageOfPage\":{\"@id\":\"https:\/\/www.closdecaille.com\/accord-vin-blanc-recette\/#primaryimage\"},\"image\":{\"@id\":\"https:\/\/www.closdecaille.com\/accord-vin-blanc-recette\/#primaryimage\"},\"thumbnailUrl\":\"https:\/\/www.closdecaille.com\/wp-content\/uploads\/2025\/03\/Clos-de-Caille-20-scaled.jpg\",\"datePublished\":\"2025-03-12T16:32:36+00:00\",\"dateModified\":\"2025-12-09T08:29:18+00:00\",\"description\":\"Notre recette de saison ???? - Accords mets et vins avec notre vin Clos de Caille blanc 2024\",\"breadcrumb\":{\"@id\":\"https:\/\/www.closdecaille.com\/accord-vin-blanc-recette\/#breadcrumb\"},\"inLanguage\":\"en-GB\",\"potentialAction\":[{\"@type\":\"ReadAction\",\"target\":[\"https:\/\/www.closdecaille.com\/accord-vin-blanc-recette\/\"]}]},{\"@type\":\"ImageObject\",\"inLanguage\":\"en-GB\",\"@id\":\"https:\/\/www.closdecaille.com\/accord-vin-blanc-recette\/#primaryimage\",\"url\":\"https:\/\/www.closdecaille.com\/wp-content\/uploads\/2025\/03\/Clos-de-Caille-20-scaled.jpg\",\"contentUrl\":\"https:\/\/www.closdecaille.com\/wp-content\/uploads\/2025\/03\/Clos-de-Caille-20-scaled.jpg\",\"width\":2560,\"height\":1917,\"caption\":\"default\"},{\"@type\":\"BreadcrumbList\",\"@id\":\"https:\/\/www.closdecaille.com\/accord-vin-blanc-recette\/#breadcrumb\",\"itemListElement\":[{\"@type\":\"ListItem\",\"position\":1,\"name\":\"Art de vivre\",\"item\":\"https:\/\/www.closdecaille.com\/category\/art-de-vivre\/\"},{\"@type\":\"ListItem\",\"position\":2,\"name\":\"Notre recette de saison ????\"}]},{\"@type\":\"WebSite\",\"@id\":\"https:\/\/www.closdecaille.com\/#website\",\"url\":\"https:\/\/www.closdecaille.com\/\",\"name\":\"Clos de Caille\",\"description\":\"Vins AOP C\u00f4tes de Provence\",\"publisher\":{\"@id\":\"https:\/\/www.closdecaille.com\/#organization\"},\"potentialAction\":[{\"@type\":\"SearchAction\",\"target\":{\"@type\":\"EntryPoint\",\"urlTemplate\":\"https:\/\/www.closdecaille.com\/?s={search_term_string}\"},\"query-input\":{\"@type\":\"PropertyValueSpecification\",\"valueRequired\":true,\"valueName\":\"search_term_string\"}}],\"inLanguage\":\"en-GB\"},{\"@type\":\"Organization\",\"@id\":\"https:\/\/www.closdecaille.com\/#organization\",\"name\":\"Clos de Caille\",\"url\":\"https:\/\/www.closdecaille.com\/\",\"logo\":{\"@type\":\"ImageObject\",\"inLanguage\":\"en-GB\",\"@id\":\"https:\/\/www.closdecaille.com\/#\/schema\/logo\/image\/\",\"url\":\"https:\/\/www.closdecaille.com\/wp-content\/uploads\/2023\/07\/favicon-2023.png\",\"contentUrl\":\"https:\/\/www.closdecaille.com\/wp-content\/uploads\/2023\/07\/favicon-2023.png\",\"width\":600,\"height\":600,\"caption\":\"Clos de Caille\"},\"image\":{\"@id\":\"https:\/\/www.closdecaille.com\/#\/schema\/logo\/image\/\"}},{\"@type\":\"Person\",\"@id\":\"https:\/\/www.closdecaille.com\/#\/schema\/person\/183ec33b0abe209accdd35f1ba15b586\",\"name\":\"Julie Fleisch\",\"image\":{\"@type\":\"ImageObject\",\"inLanguage\":\"en-GB\",\"@id\":\"https:\/\/www.closdecaille.com\/#\/schema\/person\/image\/\",\"url\":\"https:\/\/secure.gravatar.com\/avatar\/bffc10faa760f5f1f08f454e79e3342f047898af28fb87e9eec6b7842f516e2a?s=96&d=mm&r=g\",\"contentUrl\":\"https:\/\/secure.gravatar.com\/avatar\/bffc10faa760f5f1f08f454e79e3342f047898af28fb87e9eec6b7842f516e2a?s=96&d=mm&r=g\",\"caption\":\"Julie Fleisch\"}}]}<\/script>\n<!-- \/ Yoast SEO plugin. -->","yoast_head_json":{"title":"Our seasonal recipe ???? - Clos de Caille","description":"Our seasonal recipe ???? - Food and wine pairings with our Clos de Caille white wine 2024","robots":{"index":"index","follow":"follow","max-snippet":"max-snippet:-1","max-image-preview":"max-image-preview:large","max-video-preview":"max-video-preview:-1"},"canonical":"https:\/\/www.closdecaille.com\/en\/accord-vin-blanc-recette\/","og_locale":"en_GB","og_type":"article","og_title":"Notre recette de saison ???? - Clos de Caille","og_description":"Notre recette de saison ???? - Accords mets et vins avec notre vin Clos de Caille blanc 2024","og_url":"https:\/\/www.closdecaille.com\/en\/accord-vin-blanc-recette\/","og_site_name":"Clos de Caille","article_published_time":"2025-03-12T16:32:36+00:00","article_modified_time":"2025-12-09T08:29:18+00:00","og_image":[{"width":1024,"height":767,"url":"https:\/\/www.closdecaille.com\/wp-content\/uploads\/2025\/03\/Clos-de-Caille-20-1024x767.jpg","type":"image\/jpeg"}],"author":"Julie Fleisch","twitter_misc":{"Written by":"Julie Fleisch","Estimated reading time":"4 minutes"},"schema":{"@context":"https:\/\/schema.org","@graph":[{"@type":"Article","@id":"https:\/\/www.closdecaille.com\/accord-vin-blanc-recette\/#article","isPartOf":{"@id":"https:\/\/www.closdecaille.com\/accord-vin-blanc-recette\/"},"author":{"name":"Julie Fleisch","@id":"https:\/\/www.closdecaille.com\/#\/schema\/person\/183ec33b0abe209accdd35f1ba15b586"},"headline":"Notre recette de saison ????","datePublished":"2025-03-12T16:32:36+00:00","dateModified":"2025-12-09T08:29:18+00:00","mainEntityOfPage":{"@id":"https:\/\/www.closdecaille.com\/accord-vin-blanc-recette\/"},"wordCount":476,"publisher":{"@id":"https:\/\/www.closdecaille.com\/#organization"},"image":{"@id":"https:\/\/www.closdecaille.com\/accord-vin-blanc-recette\/#primaryimage"},"thumbnailUrl":"https:\/\/www.closdecaille.com\/wp-content\/uploads\/2025\/03\/Clos-de-Caille-20-scaled.jpg","keywords":["Clos de Caille blanc","Grand Tasting Pro","recette"],"articleSection":["Art de vivre"],"inLanguage":"en-GB"},{"@type":"WebPage","@id":"https:\/\/www.closdecaille.com\/accord-vin-blanc-recette\/","url":"https:\/\/www.closdecaille.com\/accord-vin-blanc-recette\/","name":"Our seasonal recipe ???? - Clos de Caille","isPartOf":{"@id":"https:\/\/www.closdecaille.com\/#website"},"primaryImageOfPage":{"@id":"https:\/\/www.closdecaille.com\/accord-vin-blanc-recette\/#primaryimage"},"image":{"@id":"https:\/\/www.closdecaille.com\/accord-vin-blanc-recette\/#primaryimage"},"thumbnailUrl":"https:\/\/www.closdecaille.com\/wp-content\/uploads\/2025\/03\/Clos-de-Caille-20-scaled.jpg","datePublished":"2025-03-12T16:32:36+00:00","dateModified":"2025-12-09T08:29:18+00:00","description":"Our seasonal recipe ???? - Food and wine pairings with our Clos de Caille white wine 2024","breadcrumb":{"@id":"https:\/\/www.closdecaille.com\/accord-vin-blanc-recette\/#breadcrumb"},"inLanguage":"en-GB","potentialAction":[{"@type":"ReadAction","target":["https:\/\/www.closdecaille.com\/accord-vin-blanc-recette\/"]}]},{"@type":"ImageObject","inLanguage":"en-GB","@id":"https:\/\/www.closdecaille.com\/accord-vin-blanc-recette\/#primaryimage","url":"https:\/\/www.closdecaille.com\/wp-content\/uploads\/2025\/03\/Clos-de-Caille-20-scaled.jpg","contentUrl":"https:\/\/www.closdecaille.com\/wp-content\/uploads\/2025\/03\/Clos-de-Caille-20-scaled.jpg","width":2560,"height":1917,"caption":"default"},{"@type":"BreadcrumbList","@id":"https:\/\/www.closdecaille.com\/accord-vin-blanc-recette\/#breadcrumb","itemListElement":[{"@type":"ListItem","position":1,"name":"Art de vivre","item":"https:\/\/www.closdecaille.com\/category\/art-de-vivre\/"},{"@type":"ListItem","position":2,"name":"Notre recette de saison ????"}]},{"@type":"WebSite","@id":"https:\/\/www.closdecaille.com\/#website","url":"https:\/\/www.closdecaille.com\/","name":"Clos de Caille","description":"C\u00f4tes de Provence AOP wines","publisher":{"@id":"https:\/\/www.closdecaille.com\/#organization"},"potentialAction":[{"@type":"SearchAction","target":{"@type":"EntryPoint","urlTemplate":"https:\/\/www.closdecaille.com\/?s={search_term_string}"},"query-input":{"@type":"PropertyValueSpecification","valueRequired":true,"valueName":"search_term_string"}}],"inLanguage":"en-GB"},{"@type":"Organization","@id":"https:\/\/www.closdecaille.com\/#organization","name":"Clos de Caille","url":"https:\/\/www.closdecaille.com\/","logo":{"@type":"ImageObject","inLanguage":"en-GB","@id":"https:\/\/www.closdecaille.com\/#\/schema\/logo\/image\/","url":"https:\/\/www.closdecaille.com\/wp-content\/uploads\/2023\/07\/favicon-2023.png","contentUrl":"https:\/\/www.closdecaille.com\/wp-content\/uploads\/2023\/07\/favicon-2023.png","width":600,"height":600,"caption":"Clos de Caille"},"image":{"@id":"https:\/\/www.closdecaille.com\/#\/schema\/logo\/image\/"}},{"@type":"Person","@id":"https:\/\/www.closdecaille.com\/#\/schema\/person\/183ec33b0abe209accdd35f1ba15b586","name":"Julie Fleisch","image":{"@type":"ImageObject","inLanguage":"en-GB","@id":"https:\/\/www.closdecaille.com\/#\/schema\/person\/image\/","url":"https:\/\/secure.gravatar.com\/avatar\/bffc10faa760f5f1f08f454e79e3342f047898af28fb87e9eec6b7842f516e2a?s=96&d=mm&r=g","contentUrl":"https:\/\/secure.gravatar.com\/avatar\/bffc10faa760f5f1f08f454e79e3342f047898af28fb87e9eec6b7842f516e2a?s=96&d=mm&r=g","caption":"Julie Fleisch"}}]}},"_links":{"self":[{"href":"https:\/\/www.closdecaille.com\/en\/wp-json\/wp\/v2\/posts\/4383","targetHints":{"allow":["GET"]}}],"collection":[{"href":"https:\/\/www.closdecaille.com\/en\/wp-json\/wp\/v2\/posts"}],"about":[{"href":"https:\/\/www.closdecaille.com\/en\/wp-json\/wp\/v2\/types\/post"}],"author":[{"embeddable":true,"href":"https:\/\/www.closdecaille.com\/en\/wp-json\/wp\/v2\/users\/10"}],"replies":[{"embeddable":true,"href":"https:\/\/www.closdecaille.com\/en\/wp-json\/wp\/v2\/comments?post=4383"}],"version-history":[{"count":7,"href":"https:\/\/www.closdecaille.com\/en\/wp-json\/wp\/v2\/posts\/4383\/revisions"}],"predecessor-version":[{"id":5297,"href":"https:\/\/www.closdecaille.com\/en\/wp-json\/wp\/v2\/posts\/4383\/revisions\/5297"}],"wp:featuredmedia":[{"embeddable":true,"href":"https:\/\/www.closdecaille.com\/en\/wp-json\/wp\/v2\/media\/4390"}],"wp:attachment":[{"href":"https:\/\/www.closdecaille.com\/en\/wp-json\/wp\/v2\/media?parent=4383"}],"wp:term":[{"taxonomy":"category","embeddable":true,"href":"https:\/\/www.closdecaille.com\/en\/wp-json\/wp\/v2\/categories?post=4383"},{"taxonomy":"post_tag","embeddable":true,"href":"https:\/\/www.closdecaille.com\/en\/wp-json\/wp\/v2\/tags?post=4383"}],"curies":[{"name":"wp","href":"https:\/\/api.w.org\/{rel}","templated":true}]}}