{"id":4329,"date":"2025-03-04T14:31:25","date_gmt":"2025-03-04T13:31:25","guid":{"rendered":"https:\/\/www.closdecaille.com\/?p=4329"},"modified":"2025-12-09T09:35:22","modified_gmt":"2025-12-09T08:35:22","slug":"degustations-en-hiver","status":"publish","type":"post","link":"https:\/\/www.closdecaille.com\/en\/degustations-en-hiver\/","title":{"rendered":"Your tastings in perfect harmony with the season"},"content":{"rendered":"<p style=\"text-align: center;\"><strong>Choose the \u00abTaste of Excellence\u00bb<\/strong><\/p>\n<p style=\"text-align: center;\">Wine transcends time, bearing witness to expertise and passion passed down from generation to generation. Each vintage of Clos de Caille is the expression of an alchemy between nature and man, crafted with meticulous care and high standards.<\/p>\n<h1 style=\"text-align: center;\"><strong>THE PERFECT COMBINATION OF OUR EXPERTISE AND OUR TERROIR<\/strong><\/h1>\n<p style=\"text-align: center;\">Winter reveals all its splendour at the Estate. From the crisp freshness of the morning to the cosy evenings by the fireside, let yourself be seduced by the conviviality of the season through our exceptional wines.<\/p>\n<p style=\"text-align: center;\">\u00a0<img fetchpriority=\"high\" decoding=\"async\" class=\"wp-image-4335 aligncenter\" src=\"https:\/\/www.closdecaille.com\/wp-content\/uploads\/2025\/03\/SAMPI_CLOS-DE-CAILLE_PRESS-IG-2-1024x1024.png\" alt=\"Clos de Caille rouge\" width=\"301\" height=\"301\" srcset=\"https:\/\/www.closdecaille.com\/wp-content\/uploads\/2025\/03\/SAMPI_CLOS-DE-CAILLE_PRESS-IG-2-1024x1024.png 1024w, https:\/\/www.closdecaille.com\/wp-content\/uploads\/2025\/03\/SAMPI_CLOS-DE-CAILLE_PRESS-IG-2-300x300.png 300w, https:\/\/www.closdecaille.com\/wp-content\/uploads\/2025\/03\/SAMPI_CLOS-DE-CAILLE_PRESS-IG-2-150x150.png 150w, https:\/\/www.closdecaille.com\/wp-content\/uploads\/2025\/03\/SAMPI_CLOS-DE-CAILLE_PRESS-IG-2-768x768.png 768w, https:\/\/www.closdecaille.com\/wp-content\/uploads\/2025\/03\/SAMPI_CLOS-DE-CAILLE_PRESS-IG-2-1536x1536.png 1536w, https:\/\/www.closdecaille.com\/wp-content\/uploads\/2025\/03\/SAMPI_CLOS-DE-CAILLE_PRESS-IG-2-2048x2048.png 2048w, https:\/\/www.closdecaille.com\/wp-content\/uploads\/2025\/03\/SAMPI_CLOS-DE-CAILLE_PRESS-IG-2-900x900.png 900w, https:\/\/www.closdecaille.com\/wp-content\/uploads\/2025\/03\/SAMPI_CLOS-DE-CAILLE_PRESS-IG-2-100x100.png 100w\" sizes=\"(max-width: 301px) 100vw, 301px\" \/><\/p>\n<p style=\"text-align: center;\"><strong>RED QUAIL ENCLOSURE<\/strong><\/p>\n<p style=\"text-align: center;\">It stands out for its complexity and balance., <em>Clos de Caille Red<\/em> imposes itself with naturalness and accuracy. Its ruby red colour heralds a refined tasting experience, a true tribute to the art of winemaking and the excellence of our vinification processes.<\/p>\n<h4 style=\"text-align: center;\"><a href=\"\/en\/?p=2085\">Buy Clos de Caille Red<\/a><\/h4>\n<p>&nbsp;<\/p>\n<p style=\"text-align: center;\"><img decoding=\"async\" class=\"wp-image-4339 aligncenter\" src=\"https:\/\/www.closdecaille.com\/wp-content\/uploads\/2025\/03\/SAMPI_CLOS-DE-CAILLE_PRESS-IG-1-1-1024x1024.png\" alt=\"Clos de Caille &quot;Lucis&quot;\" width=\"333\" height=\"333\" srcset=\"https:\/\/www.closdecaille.com\/wp-content\/uploads\/2025\/03\/SAMPI_CLOS-DE-CAILLE_PRESS-IG-1-1-1024x1024.png 1024w, https:\/\/www.closdecaille.com\/wp-content\/uploads\/2025\/03\/SAMPI_CLOS-DE-CAILLE_PRESS-IG-1-1-300x300.png 300w, https:\/\/www.closdecaille.com\/wp-content\/uploads\/2025\/03\/SAMPI_CLOS-DE-CAILLE_PRESS-IG-1-1-150x150.png 150w, https:\/\/www.closdecaille.com\/wp-content\/uploads\/2025\/03\/SAMPI_CLOS-DE-CAILLE_PRESS-IG-1-1-768x768.png 768w, https:\/\/www.closdecaille.com\/wp-content\/uploads\/2025\/03\/SAMPI_CLOS-DE-CAILLE_PRESS-IG-1-1-1536x1536.png 1536w, https:\/\/www.closdecaille.com\/wp-content\/uploads\/2025\/03\/SAMPI_CLOS-DE-CAILLE_PRESS-IG-1-1-2048x2048.png 2048w, https:\/\/www.closdecaille.com\/wp-content\/uploads\/2025\/03\/SAMPI_CLOS-DE-CAILLE_PRESS-IG-1-1-900x900.png 900w, https:\/\/www.closdecaille.com\/wp-content\/uploads\/2025\/03\/SAMPI_CLOS-DE-CAILLE_PRESS-IG-1-1-100x100.png 100w\" sizes=\"(max-width: 333px) 100vw, 333px\" \/><\/p>\n<p style=\"text-align: center;\"><strong>CLOS DE CAILLE \u00ab\u00a0<em>Clarisse<\/em>\u00a0\u00bb<\/strong><\/p>\n<p style=\"text-align: center;\">Signature of Clos de Caille, our flagship ros\u00e9 wine shines with its uniqueness. Its tasting notes reveal the finesse of our work. Crafted with passion, it combines freshness and depth that evoke the specific characteristics of our soil and the generosity of the Proven\u00e7al sun.<\/p>\n<h4 style=\"text-align: center;\"><a href=\"\/en\/?p=2062\">Buy Clos de Caille \u00abClarisse\u00bb<\/a><\/h4>\n<p>&nbsp;<\/p>\n<p style=\"text-align: center;\"><img decoding=\"async\" class=\"wp-image-4337 aligncenter\" src=\"https:\/\/www.closdecaille.com\/wp-content\/uploads\/2025\/03\/SAMPI_CLOS-DE-CAILLE_PRESS-IG-1024x1024.png\" alt=\"\" width=\"318\" height=\"318\" srcset=\"https:\/\/www.closdecaille.com\/wp-content\/uploads\/2025\/03\/SAMPI_CLOS-DE-CAILLE_PRESS-IG-1024x1024.png 1024w, https:\/\/www.closdecaille.com\/wp-content\/uploads\/2025\/03\/SAMPI_CLOS-DE-CAILLE_PRESS-IG-300x300.png 300w, https:\/\/www.closdecaille.com\/wp-content\/uploads\/2025\/03\/SAMPI_CLOS-DE-CAILLE_PRESS-IG-150x150.png 150w, https:\/\/www.closdecaille.com\/wp-content\/uploads\/2025\/03\/SAMPI_CLOS-DE-CAILLE_PRESS-IG-768x768.png 768w, https:\/\/www.closdecaille.com\/wp-content\/uploads\/2025\/03\/SAMPI_CLOS-DE-CAILLE_PRESS-IG-900x900.png 900w, https:\/\/www.closdecaille.com\/wp-content\/uploads\/2025\/03\/SAMPI_CLOS-DE-CAILLE_PRESS-IG-100x100.png 100w, https:\/\/www.closdecaille.com\/wp-content\/uploads\/2025\/03\/SAMPI_CLOS-DE-CAILLE_PRESS-IG.png 1080w\" sizes=\"(max-width: 318px) 100vw, 318px\" \/><\/p>\n<p style=\"text-align: center;\"><strong>White Quail Enclosure<\/strong><\/p>\n<p style=\"text-align: center;\">With its 100% Rolle blend, it embodies this perfect balance, an exceptional white wine where precision and refinement come together to offer you a unique tasting experience.<\/p>\n<h4 style=\"text-align: center;\"><a href=\"\/en\/?p=2071\">Buy Clos de Caille White<\/a><\/h4>\n<p style=\"text-align: center;\">Discover our wines, available in three colours, to be enjoyed on their own to appreciate every nuance, or paired with exceptional dishes to enhance their aromas.<\/p>\n<blockquote>\n<p style=\"text-align: center;\"><em>\u00abLittle by little, the philosophy of high standards and the effects of slow and humble immersion in the wonders of the soil and nature become a vocation\u00bb \u2013 Homme Deluxe<\/em><\/p>\n<\/blockquote>\n<p style=\"text-align: center;\">-<\/p>\n<p>&nbsp;<\/p>\n<h2 style=\"text-align: center;\"><strong>OFFER THE AUTHENTICITY OF OUR TERROIR<\/strong><\/h2>\n<p style=\"text-align: center;\">Whether it's a white wine to enjoy as an aperitif, a bright ros\u00e9 to savour until sunset, or a deep red to enjoy over time, each vintage will satisfy your desires. Let yourself be guided by the moment and create your own experience.<\/p>\n<p style=\"text-align: center;\"><strong>Discover our Trio Couture gift set, featuring our AOP C\u00f4tes de Provence range.<\/strong><\/p>\n<blockquote><p><img loading=\"lazy\" decoding=\"async\" class=\"wp-image-4341 aligncenter\" src=\"https:\/\/www.closdecaille.com\/wp-content\/uploads\/2025\/03\/Sans-titre-1-1024x1024.png\" alt=\"Coffret Trio Couture Box Clos de Caille\" width=\"408\" height=\"408\" srcset=\"https:\/\/www.closdecaille.com\/wp-content\/uploads\/2025\/03\/Sans-titre-1-1024x1023.png 1024w, https:\/\/www.closdecaille.com\/wp-content\/uploads\/2025\/03\/Sans-titre-1-300x300.png 300w, https:\/\/www.closdecaille.com\/wp-content\/uploads\/2025\/03\/Sans-titre-1-150x150.png 150w, https:\/\/www.closdecaille.com\/wp-content\/uploads\/2025\/03\/Sans-titre-1-768x767.png 768w, https:\/\/www.closdecaille.com\/wp-content\/uploads\/2025\/03\/Sans-titre-1-900x900.png 900w, https:\/\/www.closdecaille.com\/wp-content\/uploads\/2025\/03\/Sans-titre-1-100x100.png 100w, https:\/\/www.closdecaille.com\/wp-content\/uploads\/2025\/03\/Sans-titre-1.png 1353w\" sizes=\"(max-width: 408px) 100vw, 408px\" \/><\/p><\/blockquote>\n<p style=\"text-align: center;\"><em>Clos de Caille Red<br \/>\n<\/em><em>Clos de Caille Ros\u00e9<br \/>\n<\/em><em>Clos de Caille White<\/em><\/p>\n<h4 style=\"text-align: center;\"><a href=\"\/en\/?p=4051\">Discover the Clos de Caille box set of 3 wines<\/a><\/h4>\n<p>&nbsp;<\/p>\n<p style=\"text-align: center;\"><em><strong>Shipping is free for purchases over \u00a3100 in France and Monaco.<\/strong><\/em><br \/>\n<em><strong>Delivery within 3 working days in secure, reinforced packaging.<\/strong><\/em><\/p>\n<p style=\"text-align: center;\">_______________________________<\/p>\n<h2 style=\"text-align: center;\"><strong>THE CLOS JOURNAL<\/strong><\/h2>\n<h3 style=\"text-align: center;\"><strong>Our 2024 vintage on the podiums... <\/strong><strong>\u2728<\/strong><\/h3>\n<p style=\"text-align: center;\">Last September, the estate buzzed with the excitement of the grape harvest, a period when every gesture counts and when hard work gives rise to wines that tell stories. Stories born among the rows of vines, shaped by passion and precision, and which will soon be told around your tables.<\/p>\n<p style=\"text-align: center;\">Our artisan winemakers are diligently bottling our 2024 vintage, meticulously crafted by Mathieu Cosse. For this fourth chapter, we have selected the very best our soils have to offer, revealing the authenticity of our terroir and the uniqueness of our grape varieties.<\/p>\n<p style=\"text-align: center;\">The initial feedback from Wine Paris has been very encouraging, confirming our commitment to offering outstanding wines.<\/p>\n<p style=\"text-align: center;\">-<\/p>\n<p style=\"text-align: center;\"><strong>SAVE THE DATE<br \/>\nProWein 2025<\/strong><\/p>\n<p style=\"text-align: center;\">Mathieu Mariotti will be delighted to meet you at ProWein, the leading international trade fair in D\u00fcsseldorf, to introduce you to our expertise.<\/p>\n<p style=\"text-align: center;\"><strong>From 16 to 18 March 2025 at Messe D\u00fcsseldorf<\/strong><br \/>\n<strong>Visit us at our stand H10 \u2013 G76\u00a0<\/strong><\/p>\n<h4 style=\"text-align: center;\"><a href=\"mailto:info@closdecaille.com\">I reserve my place<\/a><\/h4>\n<h4 style=\"text-align: center;\"><a href=\"https:\/\/www.prowein.com\/\"><img loading=\"lazy\" decoding=\"async\" class=\"wp-image-4186 aligncenter\" src=\"https:\/\/www.closdecaille.com\/wp-content\/uploads\/2025\/02\/SAMPI-CLOS-DE-CAILLE-NL-1.gif\" alt=\"STD ProWein 2025\" width=\"398\" height=\"318\" \/><\/a><\/h4>\n<p>&nbsp;<\/p>\n<h3 style=\"text-align: center;\"><strong>YOUR PERSONAL APPOINTMENT<\/strong><\/h3>\n<p style=\"text-align: center;\">Because we are committed to offering our customers a unique experience, we invite you to make an appointment with one of our ambassadors, who will be happy to answer all your questions and discuss distribution terms.<\/p>","protected":false},"excerpt":{"rendered":"<p>Choisissez le \u00ab Go\u00fbt de l\u2019Excellence \u00bb Le vin traverse le temps, t\u00e9moin d\u2019un savoir-faire et d\u2019une passion transmis de g\u00e9n\u00e9ration en g\u00e9n\u00e9ration. Chaque mill\u00e9sime du Clos de Caille est l\u2019expression d\u2019une alchimie entre la nature et l\u2019homme, fa\u00e7onn\u00e9 avec minutie et exigence. L&rsquo;ALLIANCE PARFAITE ENTRE NOTRE EXPERTISE &amp; NOTRE TERROIR L&rsquo;hiver d\u00e9voile toute sa [&hellip;]<\/p>\n","protected":false},"author":10,"featured_media":4331,"comment_status":"closed","ping_status":"closed","sticky":false,"template":"","format":"standard","meta":{"_acf_changed":false,"_mo_disable_npp":"","footnotes":""},"categories":[324],"tags":[204,210,211,206,212,147,146],"class_list":["post-4329","post","type-post","status-publish","format-standard","has-post-thumbnail","hentry","category-art-de-vivre","tag-clos-de-caille-lucis","tag-coffret-trio","tag-degustation","tag-prowein","tag-vin-blanc","tag-vin-rose","tag-vin-rouge"],"acf":[],"yoast_head":"<!-- This site is optimized with the Yoast SEO plugin v27.0 - https:\/\/yoast.com\/product\/yoast-seo-wordpress\/ -->\n<title>Vos d\u00e9gustations en parfaite harmonie avec la saison - Clos de Caille<\/title>\n<meta name=\"description\" content=\"Vos d\u00e9gustations en parfaite harmonie avec la saison - D\u00e9couvrez la s\u00e9lection du Domaine viticole pour vos moments conviviaux.\" \/>\n<meta name=\"robots\" content=\"index, follow, max-snippet:-1, max-image-preview:large, max-video-preview:-1\" \/>\n<link rel=\"canonical\" href=\"https:\/\/www.closdecaille.com\/en\/degustations-en-hiver\/\" \/>\n<meta property=\"og:locale\" content=\"en_GB\" \/>\n<meta property=\"og:type\" content=\"article\" \/>\n<meta property=\"og:title\" content=\"Vos d\u00e9gustations en parfaite harmonie avec la saison - Clos de Caille\" \/>\n<meta property=\"og:description\" content=\"Vos d\u00e9gustations en parfaite harmonie avec la saison - D\u00e9couvrez la s\u00e9lection du Domaine viticole pour vos moments conviviaux.\" \/>\n<meta property=\"og:url\" content=\"https:\/\/www.closdecaille.com\/en\/degustations-en-hiver\/\" \/>\n<meta property=\"og:site_name\" content=\"Clos de Caille\" \/>\n<meta property=\"article:published_time\" content=\"2025-03-04T13:31:25+00:00\" \/>\n<meta property=\"article:modified_time\" content=\"2025-12-09T08:35:22+00:00\" \/>\n<meta property=\"og:image\" content=\"https:\/\/www.closdecaille.com\/wp-content\/uploads\/2025\/03\/Terrestres-84-1024x683.jpg\" \/>\n\t<meta property=\"og:image:width\" content=\"1024\" \/>\n\t<meta property=\"og:image:height\" content=\"683\" \/>\n\t<meta property=\"og:image:type\" content=\"image\/jpeg\" \/>\n<meta name=\"author\" content=\"Julie Fleisch\" \/>\n<meta name=\"twitter:label1\" content=\"Written by\" \/>\n\t<meta name=\"twitter:data1\" content=\"Julie Fleisch\" \/>\n\t<meta name=\"twitter:label2\" content=\"Estimated reading time\" \/>\n\t<meta name=\"twitter:data2\" content=\"5 minutes\" \/>\n<script type=\"application\/ld+json\" class=\"yoast-schema-graph\">{\"@context\":\"https:\/\/schema.org\",\"@graph\":[{\"@type\":\"Article\",\"@id\":\"https:\/\/www.closdecaille.com\/degustations-en-hiver\/#article\",\"isPartOf\":{\"@id\":\"https:\/\/www.closdecaille.com\/degustations-en-hiver\/\"},\"author\":{\"name\":\"Julie Fleisch\",\"@id\":\"https:\/\/www.closdecaille.com\/#\/schema\/person\/183ec33b0abe209accdd35f1ba15b586\"},\"headline\":\"Vos d\u00e9gustations en parfaite harmonie avec la saison\",\"datePublished\":\"2025-03-04T13:31:25+00:00\",\"dateModified\":\"2025-12-09T08:35:22+00:00\",\"mainEntityOfPage\":{\"@id\":\"https:\/\/www.closdecaille.com\/degustations-en-hiver\/\"},\"wordCount\":696,\"publisher\":{\"@id\":\"https:\/\/www.closdecaille.com\/#organization\"},\"image\":{\"@id\":\"https:\/\/www.closdecaille.com\/degustations-en-hiver\/#primaryimage\"},\"thumbnailUrl\":\"https:\/\/www.closdecaille.com\/wp-content\/uploads\/2025\/03\/Terrestres-84-scaled.jpg\",\"keywords\":[\"Clos de Caille \\\"Lucis\\\"\",\"Coffret Trio\",\"D\u00e9gustation\",\"ProWein\",\"vin blanc\",\"vin ros\u00e9\",\"vin rouge\"],\"articleSection\":[\"Art de vivre\"],\"inLanguage\":\"en-GB\"},{\"@type\":\"WebPage\",\"@id\":\"https:\/\/www.closdecaille.com\/degustations-en-hiver\/\",\"url\":\"https:\/\/www.closdecaille.com\/degustations-en-hiver\/\",\"name\":\"Vos d\u00e9gustations en parfaite harmonie avec la saison - Clos de Caille\",\"isPartOf\":{\"@id\":\"https:\/\/www.closdecaille.com\/#website\"},\"primaryImageOfPage\":{\"@id\":\"https:\/\/www.closdecaille.com\/degustations-en-hiver\/#primaryimage\"},\"image\":{\"@id\":\"https:\/\/www.closdecaille.com\/degustations-en-hiver\/#primaryimage\"},\"thumbnailUrl\":\"https:\/\/www.closdecaille.com\/wp-content\/uploads\/2025\/03\/Terrestres-84-scaled.jpg\",\"datePublished\":\"2025-03-04T13:31:25+00:00\",\"dateModified\":\"2025-12-09T08:35:22+00:00\",\"description\":\"Vos d\u00e9gustations en parfaite harmonie avec la saison - D\u00e9couvrez la s\u00e9lection du Domaine viticole pour vos moments conviviaux.\",\"breadcrumb\":{\"@id\":\"https:\/\/www.closdecaille.com\/degustations-en-hiver\/#breadcrumb\"},\"inLanguage\":\"en-GB\",\"potentialAction\":[{\"@type\":\"ReadAction\",\"target\":[\"https:\/\/www.closdecaille.com\/degustations-en-hiver\/\"]}]},{\"@type\":\"ImageObject\",\"inLanguage\":\"en-GB\",\"@id\":\"https:\/\/www.closdecaille.com\/degustations-en-hiver\/#primaryimage\",\"url\":\"https:\/\/www.closdecaille.com\/wp-content\/uploads\/2025\/03\/Terrestres-84-scaled.jpg\",\"contentUrl\":\"https:\/\/www.closdecaille.com\/wp-content\/uploads\/2025\/03\/Terrestres-84-scaled.jpg\",\"width\":2560,\"height\":1707,\"caption\":\"Jardin Clos de Caille\"},{\"@type\":\"BreadcrumbList\",\"@id\":\"https:\/\/www.closdecaille.com\/degustations-en-hiver\/#breadcrumb\",\"itemListElement\":[{\"@type\":\"ListItem\",\"position\":1,\"name\":\"Art de vivre\",\"item\":\"https:\/\/www.closdecaille.com\/category\/art-de-vivre\/\"},{\"@type\":\"ListItem\",\"position\":2,\"name\":\"Vos d\u00e9gustations en parfaite harmonie avec la saison\"}]},{\"@type\":\"WebSite\",\"@id\":\"https:\/\/www.closdecaille.com\/#website\",\"url\":\"https:\/\/www.closdecaille.com\/\",\"name\":\"Clos de Caille\",\"description\":\"Vins AOP C\u00f4tes de Provence\",\"publisher\":{\"@id\":\"https:\/\/www.closdecaille.com\/#organization\"},\"potentialAction\":[{\"@type\":\"SearchAction\",\"target\":{\"@type\":\"EntryPoint\",\"urlTemplate\":\"https:\/\/www.closdecaille.com\/?s={search_term_string}\"},\"query-input\":{\"@type\":\"PropertyValueSpecification\",\"valueRequired\":true,\"valueName\":\"search_term_string\"}}],\"inLanguage\":\"en-GB\"},{\"@type\":\"Organization\",\"@id\":\"https:\/\/www.closdecaille.com\/#organization\",\"name\":\"Clos de Caille\",\"url\":\"https:\/\/www.closdecaille.com\/\",\"logo\":{\"@type\":\"ImageObject\",\"inLanguage\":\"en-GB\",\"@id\":\"https:\/\/www.closdecaille.com\/#\/schema\/logo\/image\/\",\"url\":\"https:\/\/www.closdecaille.com\/wp-content\/uploads\/2023\/07\/favicon-2023.png\",\"contentUrl\":\"https:\/\/www.closdecaille.com\/wp-content\/uploads\/2023\/07\/favicon-2023.png\",\"width\":600,\"height\":600,\"caption\":\"Clos de Caille\"},\"image\":{\"@id\":\"https:\/\/www.closdecaille.com\/#\/schema\/logo\/image\/\"}},{\"@type\":\"Person\",\"@id\":\"https:\/\/www.closdecaille.com\/#\/schema\/person\/183ec33b0abe209accdd35f1ba15b586\",\"name\":\"Julie Fleisch\",\"image\":{\"@type\":\"ImageObject\",\"inLanguage\":\"en-GB\",\"@id\":\"https:\/\/www.closdecaille.com\/#\/schema\/person\/image\/\",\"url\":\"https:\/\/secure.gravatar.com\/avatar\/bffc10faa760f5f1f08f454e79e3342f047898af28fb87e9eec6b7842f516e2a?s=96&d=mm&r=g\",\"contentUrl\":\"https:\/\/secure.gravatar.com\/avatar\/bffc10faa760f5f1f08f454e79e3342f047898af28fb87e9eec6b7842f516e2a?s=96&d=mm&r=g\",\"caption\":\"Julie Fleisch\"}}]}<\/script>\n<!-- \/ Yoast SEO plugin. -->","yoast_head_json":{"title":"Your tastings in perfect harmony with the season - Clos de Caille","description":"Your tastings in perfect harmony with the season - Discover the wine estate's selection for your convivial moments.","robots":{"index":"index","follow":"follow","max-snippet":"max-snippet:-1","max-image-preview":"max-image-preview:large","max-video-preview":"max-video-preview:-1"},"canonical":"https:\/\/www.closdecaille.com\/en\/degustations-en-hiver\/","og_locale":"en_GB","og_type":"article","og_title":"Vos d\u00e9gustations en parfaite harmonie avec la saison - Clos de Caille","og_description":"Vos d\u00e9gustations en parfaite harmonie avec la saison - D\u00e9couvrez la s\u00e9lection du Domaine viticole pour vos moments conviviaux.","og_url":"https:\/\/www.closdecaille.com\/en\/degustations-en-hiver\/","og_site_name":"Clos de Caille","article_published_time":"2025-03-04T13:31:25+00:00","article_modified_time":"2025-12-09T08:35:22+00:00","og_image":[{"width":1024,"height":683,"url":"https:\/\/www.closdecaille.com\/wp-content\/uploads\/2025\/03\/Terrestres-84-1024x683.jpg","type":"image\/jpeg"}],"author":"Julie Fleisch","twitter_misc":{"Written by":"Julie Fleisch","Estimated reading time":"5 minutes"},"schema":{"@context":"https:\/\/schema.org","@graph":[{"@type":"Article","@id":"https:\/\/www.closdecaille.com\/degustations-en-hiver\/#article","isPartOf":{"@id":"https:\/\/www.closdecaille.com\/degustations-en-hiver\/"},"author":{"name":"Julie Fleisch","@id":"https:\/\/www.closdecaille.com\/#\/schema\/person\/183ec33b0abe209accdd35f1ba15b586"},"headline":"Vos d\u00e9gustations en parfaite harmonie avec la saison","datePublished":"2025-03-04T13:31:25+00:00","dateModified":"2025-12-09T08:35:22+00:00","mainEntityOfPage":{"@id":"https:\/\/www.closdecaille.com\/degustations-en-hiver\/"},"wordCount":696,"publisher":{"@id":"https:\/\/www.closdecaille.com\/#organization"},"image":{"@id":"https:\/\/www.closdecaille.com\/degustations-en-hiver\/#primaryimage"},"thumbnailUrl":"https:\/\/www.closdecaille.com\/wp-content\/uploads\/2025\/03\/Terrestres-84-scaled.jpg","keywords":["Clos de Caille \"Lucis\"","Coffret Trio","D\u00e9gustation","ProWein","vin blanc","vin ros\u00e9","vin rouge"],"articleSection":["Art de vivre"],"inLanguage":"en-GB"},{"@type":"WebPage","@id":"https:\/\/www.closdecaille.com\/degustations-en-hiver\/","url":"https:\/\/www.closdecaille.com\/degustations-en-hiver\/","name":"Your tastings in perfect harmony with the season - Clos de Caille","isPartOf":{"@id":"https:\/\/www.closdecaille.com\/#website"},"primaryImageOfPage":{"@id":"https:\/\/www.closdecaille.com\/degustations-en-hiver\/#primaryimage"},"image":{"@id":"https:\/\/www.closdecaille.com\/degustations-en-hiver\/#primaryimage"},"thumbnailUrl":"https:\/\/www.closdecaille.com\/wp-content\/uploads\/2025\/03\/Terrestres-84-scaled.jpg","datePublished":"2025-03-04T13:31:25+00:00","dateModified":"2025-12-09T08:35:22+00:00","description":"Your tastings in perfect harmony with the season - Discover the wine estate's selection for your convivial moments.","breadcrumb":{"@id":"https:\/\/www.closdecaille.com\/degustations-en-hiver\/#breadcrumb"},"inLanguage":"en-GB","potentialAction":[{"@type":"ReadAction","target":["https:\/\/www.closdecaille.com\/degustations-en-hiver\/"]}]},{"@type":"ImageObject","inLanguage":"en-GB","@id":"https:\/\/www.closdecaille.com\/degustations-en-hiver\/#primaryimage","url":"https:\/\/www.closdecaille.com\/wp-content\/uploads\/2025\/03\/Terrestres-84-scaled.jpg","contentUrl":"https:\/\/www.closdecaille.com\/wp-content\/uploads\/2025\/03\/Terrestres-84-scaled.jpg","width":2560,"height":1707,"caption":"Jardin Clos de Caille"},{"@type":"BreadcrumbList","@id":"https:\/\/www.closdecaille.com\/degustations-en-hiver\/#breadcrumb","itemListElement":[{"@type":"ListItem","position":1,"name":"Art de vivre","item":"https:\/\/www.closdecaille.com\/category\/art-de-vivre\/"},{"@type":"ListItem","position":2,"name":"Vos d\u00e9gustations en parfaite harmonie avec la saison"}]},{"@type":"WebSite","@id":"https:\/\/www.closdecaille.com\/#website","url":"https:\/\/www.closdecaille.com\/","name":"Clos de Caille","description":"C\u00f4tes de Provence AOP wines","publisher":{"@id":"https:\/\/www.closdecaille.com\/#organization"},"potentialAction":[{"@type":"SearchAction","target":{"@type":"EntryPoint","urlTemplate":"https:\/\/www.closdecaille.com\/?s={search_term_string}"},"query-input":{"@type":"PropertyValueSpecification","valueRequired":true,"valueName":"search_term_string"}}],"inLanguage":"en-GB"},{"@type":"Organization","@id":"https:\/\/www.closdecaille.com\/#organization","name":"Clos de Caille","url":"https:\/\/www.closdecaille.com\/","logo":{"@type":"ImageObject","inLanguage":"en-GB","@id":"https:\/\/www.closdecaille.com\/#\/schema\/logo\/image\/","url":"https:\/\/www.closdecaille.com\/wp-content\/uploads\/2023\/07\/favicon-2023.png","contentUrl":"https:\/\/www.closdecaille.com\/wp-content\/uploads\/2023\/07\/favicon-2023.png","width":600,"height":600,"caption":"Clos de Caille"},"image":{"@id":"https:\/\/www.closdecaille.com\/#\/schema\/logo\/image\/"}},{"@type":"Person","@id":"https:\/\/www.closdecaille.com\/#\/schema\/person\/183ec33b0abe209accdd35f1ba15b586","name":"Julie Fleisch","image":{"@type":"ImageObject","inLanguage":"en-GB","@id":"https:\/\/www.closdecaille.com\/#\/schema\/person\/image\/","url":"https:\/\/secure.gravatar.com\/avatar\/bffc10faa760f5f1f08f454e79e3342f047898af28fb87e9eec6b7842f516e2a?s=96&d=mm&r=g","contentUrl":"https:\/\/secure.gravatar.com\/avatar\/bffc10faa760f5f1f08f454e79e3342f047898af28fb87e9eec6b7842f516e2a?s=96&d=mm&r=g","caption":"Julie Fleisch"}}]}},"_links":{"self":[{"href":"https:\/\/www.closdecaille.com\/en\/wp-json\/wp\/v2\/posts\/4329","targetHints":{"allow":["GET"]}}],"collection":[{"href":"https:\/\/www.closdecaille.com\/en\/wp-json\/wp\/v2\/posts"}],"about":[{"href":"https:\/\/www.closdecaille.com\/en\/wp-json\/wp\/v2\/types\/post"}],"author":[{"embeddable":true,"href":"https:\/\/www.closdecaille.com\/en\/wp-json\/wp\/v2\/users\/10"}],"replies":[{"embeddable":true,"href":"https:\/\/www.closdecaille.com\/en\/wp-json\/wp\/v2\/comments?post=4329"}],"version-history":[{"count":6,"href":"https:\/\/www.closdecaille.com\/en\/wp-json\/wp\/v2\/posts\/4329\/revisions"}],"predecessor-version":[{"id":5300,"href":"https:\/\/www.closdecaille.com\/en\/wp-json\/wp\/v2\/posts\/4329\/revisions\/5300"}],"wp:featuredmedia":[{"embeddable":true,"href":"https:\/\/www.closdecaille.com\/en\/wp-json\/wp\/v2\/media\/4331"}],"wp:attachment":[{"href":"https:\/\/www.closdecaille.com\/en\/wp-json\/wp\/v2\/media?parent=4329"}],"wp:term":[{"taxonomy":"category","embeddable":true,"href":"https:\/\/www.closdecaille.com\/en\/wp-json\/wp\/v2\/categories?post=4329"},{"taxonomy":"post_tag","embeddable":true,"href":"https:\/\/www.closdecaille.com\/en\/wp-json\/wp\/v2\/tags?post=4329"}],"curies":[{"name":"wp","href":"https:\/\/api.w.org\/{rel}","templated":true}]}}