{"id":3780,"date":"2024-12-18T15:09:16","date_gmt":"2024-12-18T14:09:16","guid":{"rendered":"https:\/\/www.closdecaille.com\/?p=3780"},"modified":"2025-12-09T09:29:18","modified_gmt":"2025-12-09T08:29:18","slug":"selection-de-fetes","status":"publish","type":"post","link":"https:\/\/www.closdecaille.com\/en\/selection-de-fetes\/","title":{"rendered":"Celebrations marked by refinement \u2728"},"content":{"rendered":"<p style=\"text-align: center;\"><strong>La f\u00e9\u00e9rie r\u00e9invent\u00e9e pour la vivre \u00e0 l\u2019infini<\/strong><\/p>\n<p style=\"text-align: center;\">Pour les f\u00eates de fin d&rsquo;ann\u00e9e, le Clos de Caille vous invite \u00e0 d\u00e9couvrir un monde o\u00f9 chaque vin raconte une histoire d&rsquo;\u00e9l\u00e9gance et d&rsquo;\u00e9merveillement.<\/p>\n<h1 style=\"text-align: center;\"><strong>SUBLIMEZ LES F\u00caTES AVEC CLOS DE CAILLE<\/strong><\/h1>\n<h1 style=\"text-align: center;\"><strong>TASTE OF THE BOX<\/strong><\/h1>\n<p style=\"text-align: center;\">Notre domaine <strong>r\u00e9invente les codes intemporels des vins de Provence<\/strong> en mariant tradition et innovation. Chaque cuv\u00e9e, qu\u2019elle soit rouge, ros\u00e9 ou blanc, illustre notre savoir-faire d\u2019exception et se distingue par <strong>ses notes raffin\u00e9es et \u00e9l\u00e9gantes<\/strong>. Une invitation \u00e0 c\u00e9l\u00e9brer l\u2019authenticit\u00e9 et l\u2019art de vivre de la French Riviera <strong>pour sublimer tous vos instants<\/strong> de partage.<\/p>\n<h4 style=\"text-align: center;\"><a href=\"https:\/\/www.closdecaille.com\/e-boutique\/\">D\u00c9COUVREZ NOS VINS HAUTE-COUTURE<\/a><\/h4>\n<p>&nbsp;<\/p>\n<p style=\"text-align: center;\"><img fetchpriority=\"high\" decoding=\"async\" class=\"size-full wp-image-3783 aligncenter\" style=\"text-align: center;\" src=\"https:\/\/www.closdecaille.com\/wp-content\/uploads\/2024\/12\/SAMPI-CLOS-DE-CAILLE-NL-12.gif\" alt=\"\" width=\"376\" height=\"302\" \/><\/p>\n<blockquote><p><em>\u00ab\u00a0Symbiose de raffinement, de tradition et d\u2019audace, le domaine g\u00e9r\u00e9 par la famille Mariotti, r\u00e9interpr\u00e8te les codes intemporels des vins de Provence. Une invitation \u00e0 c\u00e9l\u00e9brer l\u2019essence du style Clos de Caille, \u00e0 travers l\u2019authenticit\u00e9 de nos terroirs.\u00a0\u00bb<\/em><\/p>\n<p>&nbsp;<\/p><\/blockquote>\n<p style=\"text-align: center;\">Au c\u0153ur des f\u00eates de fin d&rsquo;ann\u00e9e, trois nuances de vins du Clos de Caille illumineront vos vacances.<\/p>\n<h2 style=\"text-align: center;\"><strong>TROUVEZ LE CADEAU ID\u00c9AL POUR &#8230;<\/strong><strong>\u00a0<\/strong><\/h2>\n<p style=\"text-align: center;\"><strong>UN CADEAU POUR LES COLLECTIONNEURS<\/strong><\/p>\n<p style=\"text-align: center;\">Le dernier mill\u00e9sime du Clos de Caille rouge pour \u00e9toffer le r\u00e9pertoire des connaisseurs.<\/p>\n<h4 style=\"text-align: center;\"><a href=\"\/?p=2085\">D\u00e9couvrez Clos de Caille Rouge<\/a><\/h4>\n<p>&nbsp;<\/p>\n<p style=\"text-align: center;\"><strong>UN CADEAU POUR VOS H\u00d4TES<\/strong><\/p>\n<p style=\"text-align: center;\">THE ONE 1L pour les f\u00eates de fin d&rsquo;ann\u00e9e \u00e0 partager<\/p>\n<h4 style=\"text-align: center;\"><a href=\"\/?p=2170\">D\u00e9couvrez THE ONE<\/a><\/h4>\n<p>&nbsp;<\/p>\n<p style=\"text-align: center;\"><strong>UN CADEAU POUR LES AMATEURS DE ROS\u00c9<\/strong><\/p>\n<p style=\"text-align: center;\">Clos de Caille \u201cClarisse\u201d, signature de la Maison, sublimera ce moment en un instant inoubliable.<\/p>\n<h4 style=\"text-align: center;\"><a href=\"\/?p=2062\">D\u00e9couvrez Clos de Caille <em>\u00ab <\/em>Clarisse <em>\u00bb<\/em><\/a><\/h4>\n<p>&nbsp;<\/p>\n<h3 style=\"text-align: center;\"><strong>Gagnez le cadeau parfait gr\u00e2ce au jeu \u00ab\u00a0Win your Wine\u00a0\u00bb<\/strong>*<\/h3>\n<p style=\"text-align: center;\"><strong>En cette p\u00e9riode de f\u00eates, tentez de remportez un coffret cadeau d&rsquo;exception d\u2019une valeur de 135\u20ac <\/strong><em>(Clos de Caille Rouge 2021, Clos de Caille \u2018Clarisse\u2019 Ros\u00e9 2023, The One Blanc 2023)<\/em><\/p>\n<p style=\"text-align: center;\"><em>Pour toutes commandes avant le 6 janvier 2025 &#8211; Tirage au sort le 7 janvier 2025<br \/>\n<\/em><em>R\u00e8glement disponible sur demande<\/em><\/p>\n<p style=\"text-align: center;\"><strong>Frais de ports offerts \u00e0 partir de 100\u20ac d\u2019achat en France M\u00e9tropolitaine et Monaco<\/strong><\/p>\n<p>&nbsp;<\/p>\n<p style=\"text-align: center;\">SORTEZ DES SENTIERS BATTUS ET PARTAGEZ LA JOIE D&rsquo;OFFRIR : TRANSFORMEZ CHAQUE MOMENT EN UN SOUVENIR \u00c9TINCELANT GR\u00c2CE \u00c0 CES TR\u00c9SORS INTEMPORELS DU CLOS DE CAILLE.????<\/p>\n<p>&nbsp;<\/p>\n<p style=\"text-align: center;\">_______________________________<\/p>\n<p>&nbsp;<\/p>\n<h2 style=\"text-align: center;\"><strong>LE JOURNAL DU CLOS<\/strong><em>\u00a0<\/em><\/h2>\n<p style=\"text-align: center;\"><em>[Retour sur les actualit\u00e9s de cette semaine \u2026]<\/em><\/p>\n<p style=\"text-align: center;\">Nous avons eu l\u2019honneur d\u2019accueillir <strong>Elizabeth Gabay<\/strong>, Master of Wine et d\u00e9gustatrice \u00e9m\u00e9rite, ainsi que <strong>Ben Bernheim<\/strong>, sp\u00e9cialiste du ros\u00e9 du sud de la France.<\/p>\n<p style=\"text-align: center;\">Une rencontre riche en \u00e9changes passionn\u00e9s, ponctu\u00e9e par la d\u00e9gustation exclusive de nos futurs assemblages, encore gard\u00e9s secrets et qui vous seront bient\u00f4t r\u00e9v\u00e9l\u00e9s. De la qualit\u00e9 de nos c\u00e9pages \u00e0 la singularit\u00e9 de nos sols, sans oublier nos techniques de vinification, notre domaine s\u2019est d\u00e9voil\u00e9 sous le prisme de leur expertise.<\/p>\n<p style=\"text-align: center;\">En cette fin d\u2019ann\u00e9e, l\u2019\u00e9quipe du Clos de Caille est fi\u00e8re d\u2019annoncer son<strong> accr\u00e9ditation en agriculture biologique, reflet de notre engagement pour une viticulture durable et responsable<\/strong>.<\/p>\n<p style=\"text-align: center;\"><img decoding=\"async\" class=\"wp-image-3786 aligncenter\" src=\"https:\/\/www.closdecaille.com\/wp-content\/uploads\/2024\/12\/SAMPI-CLOS-DE-CAILLE-NL.gif\" alt=\"certification agriculture biologique\" width=\"555\" height=\"444\" \/><\/p>\n<p style=\"text-align: center;\"><strong>SAVE THE DATE <\/strong><\/p>\n<p style=\"text-align: center;\">Nous vous donnons RDV au<strong> salon Wine Paris<\/strong><\/p>\n<p style=\"text-align: center;\"><strong>Du 10 au 12 f\u00e9vrier 2025<\/strong> \u00e0\u00a0Paris, Porte de Versailles.<\/p>\n<p style=\"text-align: center;\"><strong>Espace CIVP &#8211; H7.2 &#8211; E034<\/strong><\/p>\n<h4 style=\"text-align: center;\"><strong><a href=\"mailto:info@closdecaille.com\">Je demande mon invitation personnelle<\/a><\/strong><\/h4>\n<p style=\"text-align: center;\">Prenez d\u2019ores et d\u00e9j\u00e0 RDV avec David Quillin, qui se fera un plaisir de vous y faire d\u00e9guster nos crus et discuter les conditions de distribution.<\/p>\n<p>&nbsp;<\/p>\n<p style=\"text-align: center;\"><strong>VOTRE RENDEZ-VOUS PERSONNEL<\/strong><\/p>\n<p style=\"text-align: center;\">\nParce que nous avons \u00e0 c\u0153ur d&rsquo;offrir \u00e0 nos clients une exp\u00e9rience unique, nous vous invitons \u00e0 prendre rendez-vous avec l&rsquo;un de nos ambassadeurs, qui se fera un plaisir de r\u00e9pondre \u00e0 toutes vos questions et de discuter des conditions de distribution.<\/p>\n<p>&nbsp;<\/p>\n<p><em>*Gagnez votre vin<\/em><\/p>\n","protected":false},"excerpt":{"rendered":"<p>La f\u00e9\u00e9rie r\u00e9invent\u00e9e pour la vivre \u00e0 l\u2019infini Pour les f\u00eates de fin d&rsquo;ann\u00e9e, le Clos de Caille vous invite \u00e0 d\u00e9couvrir un monde o\u00f9 chaque vin raconte une histoire d&rsquo;\u00e9l\u00e9gance et d&rsquo;\u00e9merveillement. SUBLIMEZ LES F\u00caTES AVEC CLOS DE CAILLE TASTE OF THE BOX Notre domaine r\u00e9invente les codes intemporels des vins de Provence en [&hellip;]<\/p>\n","protected":false},"author":10,"featured_media":3790,"comment_status":"closed","ping_status":"closed","sticky":false,"template":"","format":"standard","meta":{"_acf_changed":false,"_mo_disable_npp":"","footnotes":""},"categories":[324],"tags":[],"class_list":["post-3780","post","type-post","status-publish","format-standard","has-post-thumbnail","hentry","category-art-de-vivre"],"acf":[],"yoast_head":"<!-- This site is optimized with the Yoast SEO plugin v27.0 - https:\/\/yoast.com\/product\/yoast-seo-wordpress\/ -->\n<title>Des f\u00eates sous le signe du raffinement \u2728 - Clos de Caille<\/title>\n<meta name=\"description\" content=\"Des f\u00eates sous le signe du raffinement \u2728 D\u00e9couvrez la s\u00e9lection de vins \u00e0 d\u00e9guster lors des f\u00eates de fin d&#039;ann\u00e9e - Clos de Caille\" \/>\n<meta name=\"robots\" content=\"index, follow, max-snippet:-1, max-image-preview:large, max-video-preview:-1\" \/>\n<link rel=\"canonical\" href=\"https:\/\/www.closdecaille.com\/en\/selection-de-fetes\/\" \/>\n<meta property=\"og:locale\" content=\"en_GB\" \/>\n<meta property=\"og:type\" content=\"article\" \/>\n<meta property=\"og:title\" content=\"Des f\u00eates sous le signe du raffinement \u2728 - Clos de Caille\" \/>\n<meta property=\"og:description\" content=\"Des f\u00eates sous le signe du raffinement \u2728 D\u00e9couvrez la s\u00e9lection de vins \u00e0 d\u00e9guster lors des f\u00eates de fin d&#039;ann\u00e9e - Clos de Caille\" \/>\n<meta property=\"og:url\" content=\"https:\/\/www.closdecaille.com\/en\/selection-de-fetes\/\" \/>\n<meta property=\"og:site_name\" content=\"Clos de Caille\" \/>\n<meta property=\"article:published_time\" content=\"2024-12-18T14:09:16+00:00\" \/>\n<meta property=\"article:modified_time\" content=\"2025-12-09T08:29:18+00:00\" \/>\n<meta property=\"og:image\" content=\"https:\/\/www.closdecaille.com\/wp-content\/uploads\/2024\/12\/SAMPI-CLOS-DE-CAILLE-NL-2.png\" \/>\n\t<meta property=\"og:image:width\" content=\"6250\" \/>\n\t<meta property=\"og:image:height\" content=\"5000\" \/>\n\t<meta property=\"og:image:type\" content=\"image\/png\" \/>\n<meta name=\"author\" content=\"Julie Fleisch\" \/>\n<meta name=\"twitter:label1\" content=\"Written by\" \/>\n\t<meta name=\"twitter:data1\" content=\"Julie Fleisch\" \/>\n\t<meta name=\"twitter:label2\" content=\"Estimated reading time\" \/>\n\t<meta name=\"twitter:data2\" content=\"4 minutes\" \/>\n<script type=\"application\/ld+json\" class=\"yoast-schema-graph\">{\"@context\":\"https:\/\/schema.org\",\"@graph\":[{\"@type\":\"Article\",\"@id\":\"https:\/\/www.closdecaille.com\/selection-de-fetes\/#article\",\"isPartOf\":{\"@id\":\"https:\/\/www.closdecaille.com\/selection-de-fetes\/\"},\"author\":{\"name\":\"Julie Fleisch\",\"@id\":\"https:\/\/www.closdecaille.com\/#\/schema\/person\/183ec33b0abe209accdd35f1ba15b586\"},\"headline\":\"Des f\u00eates sous le signe du raffinement \u2728\",\"datePublished\":\"2024-12-18T14:09:16+00:00\",\"dateModified\":\"2025-12-09T08:29:18+00:00\",\"mainEntityOfPage\":{\"@id\":\"https:\/\/www.closdecaille.com\/selection-de-fetes\/\"},\"wordCount\":637,\"publisher\":{\"@id\":\"https:\/\/www.closdecaille.com\/#organization\"},\"image\":{\"@id\":\"https:\/\/www.closdecaille.com\/selection-de-fetes\/#primaryimage\"},\"thumbnailUrl\":\"https:\/\/www.closdecaille.com\/wp-content\/uploads\/2024\/12\/SAMPI-CLOS-DE-CAILLE-NL-2.png\",\"articleSection\":[\"Art de vivre\"],\"inLanguage\":\"en-GB\"},{\"@type\":\"WebPage\",\"@id\":\"https:\/\/www.closdecaille.com\/selection-de-fetes\/\",\"url\":\"https:\/\/www.closdecaille.com\/selection-de-fetes\/\",\"name\":\"Des f\u00eates sous le signe du raffinement \u2728 - Clos de Caille\",\"isPartOf\":{\"@id\":\"https:\/\/www.closdecaille.com\/#website\"},\"primaryImageOfPage\":{\"@id\":\"https:\/\/www.closdecaille.com\/selection-de-fetes\/#primaryimage\"},\"image\":{\"@id\":\"https:\/\/www.closdecaille.com\/selection-de-fetes\/#primaryimage\"},\"thumbnailUrl\":\"https:\/\/www.closdecaille.com\/wp-content\/uploads\/2024\/12\/SAMPI-CLOS-DE-CAILLE-NL-2.png\",\"datePublished\":\"2024-12-18T14:09:16+00:00\",\"dateModified\":\"2025-12-09T08:29:18+00:00\",\"description\":\"Des f\u00eates sous le signe du raffinement \u2728 D\u00e9couvrez la s\u00e9lection de vins \u00e0 d\u00e9guster lors des f\u00eates de fin d'ann\u00e9e - Clos de Caille\",\"breadcrumb\":{\"@id\":\"https:\/\/www.closdecaille.com\/selection-de-fetes\/#breadcrumb\"},\"inLanguage\":\"en-GB\",\"potentialAction\":[{\"@type\":\"ReadAction\",\"target\":[\"https:\/\/www.closdecaille.com\/selection-de-fetes\/\"]}]},{\"@type\":\"ImageObject\",\"inLanguage\":\"en-GB\",\"@id\":\"https:\/\/www.closdecaille.com\/selection-de-fetes\/#primaryimage\",\"url\":\"https:\/\/www.closdecaille.com\/wp-content\/uploads\/2024\/12\/SAMPI-CLOS-DE-CAILLE-NL-2.png\",\"contentUrl\":\"https:\/\/www.closdecaille.com\/wp-content\/uploads\/2024\/12\/SAMPI-CLOS-DE-CAILLE-NL-2.png\",\"width\":6250,\"height\":5000},{\"@type\":\"BreadcrumbList\",\"@id\":\"https:\/\/www.closdecaille.com\/selection-de-fetes\/#breadcrumb\",\"itemListElement\":[{\"@type\":\"ListItem\",\"position\":1,\"name\":\"Art de vivre\",\"item\":\"https:\/\/www.closdecaille.com\/category\/art-de-vivre\/\"},{\"@type\":\"ListItem\",\"position\":2,\"name\":\"Des f\u00eates sous le signe du raffinement \u2728\"}]},{\"@type\":\"WebSite\",\"@id\":\"https:\/\/www.closdecaille.com\/#website\",\"url\":\"https:\/\/www.closdecaille.com\/\",\"name\":\"Clos de Caille\",\"description\":\"Vins AOP C\u00f4tes de Provence\",\"publisher\":{\"@id\":\"https:\/\/www.closdecaille.com\/#organization\"},\"potentialAction\":[{\"@type\":\"SearchAction\",\"target\":{\"@type\":\"EntryPoint\",\"urlTemplate\":\"https:\/\/www.closdecaille.com\/?s={search_term_string}\"},\"query-input\":{\"@type\":\"PropertyValueSpecification\",\"valueRequired\":true,\"valueName\":\"search_term_string\"}}],\"inLanguage\":\"en-GB\"},{\"@type\":\"Organization\",\"@id\":\"https:\/\/www.closdecaille.com\/#organization\",\"name\":\"Clos de Caille\",\"url\":\"https:\/\/www.closdecaille.com\/\",\"logo\":{\"@type\":\"ImageObject\",\"inLanguage\":\"en-GB\",\"@id\":\"https:\/\/www.closdecaille.com\/#\/schema\/logo\/image\/\",\"url\":\"https:\/\/www.closdecaille.com\/wp-content\/uploads\/2023\/07\/favicon-2023.png\",\"contentUrl\":\"https:\/\/www.closdecaille.com\/wp-content\/uploads\/2023\/07\/favicon-2023.png\",\"width\":600,\"height\":600,\"caption\":\"Clos de Caille\"},\"image\":{\"@id\":\"https:\/\/www.closdecaille.com\/#\/schema\/logo\/image\/\"}},{\"@type\":\"Person\",\"@id\":\"https:\/\/www.closdecaille.com\/#\/schema\/person\/183ec33b0abe209accdd35f1ba15b586\",\"name\":\"Julie Fleisch\",\"image\":{\"@type\":\"ImageObject\",\"inLanguage\":\"en-GB\",\"@id\":\"https:\/\/www.closdecaille.com\/#\/schema\/person\/image\/\",\"url\":\"https:\/\/secure.gravatar.com\/avatar\/bffc10faa760f5f1f08f454e79e3342f047898af28fb87e9eec6b7842f516e2a?s=96&d=mm&r=g\",\"contentUrl\":\"https:\/\/secure.gravatar.com\/avatar\/bffc10faa760f5f1f08f454e79e3342f047898af28fb87e9eec6b7842f516e2a?s=96&d=mm&r=g\",\"caption\":\"Julie Fleisch\"}}]}<\/script>\n<!-- \/ Yoast SEO plugin. -->","yoast_head_json":{"title":"Celebrations marked by refinement \u2728 - Clos de Caille","description":"Festivities marked by refinement \u2728 Discover our selection of wines to enjoy during the festive season - Clos de Caille","robots":{"index":"index","follow":"follow","max-snippet":"max-snippet:-1","max-image-preview":"max-image-preview:large","max-video-preview":"max-video-preview:-1"},"canonical":"https:\/\/www.closdecaille.com\/en\/selection-de-fetes\/","og_locale":"en_GB","og_type":"article","og_title":"Des f\u00eates sous le signe du raffinement \u2728 - Clos de Caille","og_description":"Des f\u00eates sous le signe du raffinement \u2728 D\u00e9couvrez la s\u00e9lection de vins \u00e0 d\u00e9guster lors des f\u00eates de fin d'ann\u00e9e - Clos de Caille","og_url":"https:\/\/www.closdecaille.com\/en\/selection-de-fetes\/","og_site_name":"Clos de Caille","article_published_time":"2024-12-18T14:09:16+00:00","article_modified_time":"2025-12-09T08:29:18+00:00","og_image":[{"width":6250,"height":5000,"url":"https:\/\/www.closdecaille.com\/wp-content\/uploads\/2024\/12\/SAMPI-CLOS-DE-CAILLE-NL-2.png","type":"image\/png"}],"author":"Julie Fleisch","twitter_misc":{"Written by":"Julie Fleisch","Estimated reading time":"4 minutes"},"schema":{"@context":"https:\/\/schema.org","@graph":[{"@type":"Article","@id":"https:\/\/www.closdecaille.com\/selection-de-fetes\/#article","isPartOf":{"@id":"https:\/\/www.closdecaille.com\/selection-de-fetes\/"},"author":{"name":"Julie Fleisch","@id":"https:\/\/www.closdecaille.com\/#\/schema\/person\/183ec33b0abe209accdd35f1ba15b586"},"headline":"Des f\u00eates sous le signe du raffinement \u2728","datePublished":"2024-12-18T14:09:16+00:00","dateModified":"2025-12-09T08:29:18+00:00","mainEntityOfPage":{"@id":"https:\/\/www.closdecaille.com\/selection-de-fetes\/"},"wordCount":637,"publisher":{"@id":"https:\/\/www.closdecaille.com\/#organization"},"image":{"@id":"https:\/\/www.closdecaille.com\/selection-de-fetes\/#primaryimage"},"thumbnailUrl":"https:\/\/www.closdecaille.com\/wp-content\/uploads\/2024\/12\/SAMPI-CLOS-DE-CAILLE-NL-2.png","articleSection":["Art de vivre"],"inLanguage":"en-GB"},{"@type":"WebPage","@id":"https:\/\/www.closdecaille.com\/selection-de-fetes\/","url":"https:\/\/www.closdecaille.com\/selection-de-fetes\/","name":"Celebrations marked by refinement \u2728 - Clos de Caille","isPartOf":{"@id":"https:\/\/www.closdecaille.com\/#website"},"primaryImageOfPage":{"@id":"https:\/\/www.closdecaille.com\/selection-de-fetes\/#primaryimage"},"image":{"@id":"https:\/\/www.closdecaille.com\/selection-de-fetes\/#primaryimage"},"thumbnailUrl":"https:\/\/www.closdecaille.com\/wp-content\/uploads\/2024\/12\/SAMPI-CLOS-DE-CAILLE-NL-2.png","datePublished":"2024-12-18T14:09:16+00:00","dateModified":"2025-12-09T08:29:18+00:00","description":"Festivities marked by refinement \u2728 Discover our selection of wines to enjoy during the festive season - Clos de Caille","breadcrumb":{"@id":"https:\/\/www.closdecaille.com\/selection-de-fetes\/#breadcrumb"},"inLanguage":"en-GB","potentialAction":[{"@type":"ReadAction","target":["https:\/\/www.closdecaille.com\/selection-de-fetes\/"]}]},{"@type":"ImageObject","inLanguage":"en-GB","@id":"https:\/\/www.closdecaille.com\/selection-de-fetes\/#primaryimage","url":"https:\/\/www.closdecaille.com\/wp-content\/uploads\/2024\/12\/SAMPI-CLOS-DE-CAILLE-NL-2.png","contentUrl":"https:\/\/www.closdecaille.com\/wp-content\/uploads\/2024\/12\/SAMPI-CLOS-DE-CAILLE-NL-2.png","width":6250,"height":5000},{"@type":"BreadcrumbList","@id":"https:\/\/www.closdecaille.com\/selection-de-fetes\/#breadcrumb","itemListElement":[{"@type":"ListItem","position":1,"name":"Art de vivre","item":"https:\/\/www.closdecaille.com\/category\/art-de-vivre\/"},{"@type":"ListItem","position":2,"name":"Des f\u00eates sous le signe du raffinement \u2728"}]},{"@type":"WebSite","@id":"https:\/\/www.closdecaille.com\/#website","url":"https:\/\/www.closdecaille.com\/","name":"Clos de Caille","description":"C\u00f4tes de Provence AOP wines","publisher":{"@id":"https:\/\/www.closdecaille.com\/#organization"},"potentialAction":[{"@type":"SearchAction","target":{"@type":"EntryPoint","urlTemplate":"https:\/\/www.closdecaille.com\/?s={search_term_string}"},"query-input":{"@type":"PropertyValueSpecification","valueRequired":true,"valueName":"search_term_string"}}],"inLanguage":"en-GB"},{"@type":"Organization","@id":"https:\/\/www.closdecaille.com\/#organization","name":"Clos de Caille","url":"https:\/\/www.closdecaille.com\/","logo":{"@type":"ImageObject","inLanguage":"en-GB","@id":"https:\/\/www.closdecaille.com\/#\/schema\/logo\/image\/","url":"https:\/\/www.closdecaille.com\/wp-content\/uploads\/2023\/07\/favicon-2023.png","contentUrl":"https:\/\/www.closdecaille.com\/wp-content\/uploads\/2023\/07\/favicon-2023.png","width":600,"height":600,"caption":"Clos de Caille"},"image":{"@id":"https:\/\/www.closdecaille.com\/#\/schema\/logo\/image\/"}},{"@type":"Person","@id":"https:\/\/www.closdecaille.com\/#\/schema\/person\/183ec33b0abe209accdd35f1ba15b586","name":"Julie Fleisch","image":{"@type":"ImageObject","inLanguage":"en-GB","@id":"https:\/\/www.closdecaille.com\/#\/schema\/person\/image\/","url":"https:\/\/secure.gravatar.com\/avatar\/bffc10faa760f5f1f08f454e79e3342f047898af28fb87e9eec6b7842f516e2a?s=96&d=mm&r=g","contentUrl":"https:\/\/secure.gravatar.com\/avatar\/bffc10faa760f5f1f08f454e79e3342f047898af28fb87e9eec6b7842f516e2a?s=96&d=mm&r=g","caption":"Julie Fleisch"}}]}},"_links":{"self":[{"href":"https:\/\/www.closdecaille.com\/en\/wp-json\/wp\/v2\/posts\/3780","targetHints":{"allow":["GET"]}}],"collection":[{"href":"https:\/\/www.closdecaille.com\/en\/wp-json\/wp\/v2\/posts"}],"about":[{"href":"https:\/\/www.closdecaille.com\/en\/wp-json\/wp\/v2\/types\/post"}],"author":[{"embeddable":true,"href":"https:\/\/www.closdecaille.com\/en\/wp-json\/wp\/v2\/users\/10"}],"replies":[{"embeddable":true,"href":"https:\/\/www.closdecaille.com\/en\/wp-json\/wp\/v2\/comments?post=3780"}],"version-history":[{"count":14,"href":"https:\/\/www.closdecaille.com\/en\/wp-json\/wp\/v2\/posts\/3780\/revisions"}],"predecessor-version":[{"id":5309,"href":"https:\/\/www.closdecaille.com\/en\/wp-json\/wp\/v2\/posts\/3780\/revisions\/5309"}],"wp:featuredmedia":[{"embeddable":true,"href":"https:\/\/www.closdecaille.com\/en\/wp-json\/wp\/v2\/media\/3790"}],"wp:attachment":[{"href":"https:\/\/www.closdecaille.com\/en\/wp-json\/wp\/v2\/media?parent=3780"}],"wp:term":[{"taxonomy":"category","embeddable":true,"href":"https:\/\/www.closdecaille.com\/en\/wp-json\/wp\/v2\/categories?post=3780"},{"taxonomy":"post_tag","embeddable":true,"href":"https:\/\/www.closdecaille.com\/en\/wp-json\/wp\/v2\/tags?post=3780"}],"curies":[{"name":"wp","href":"https:\/\/api.w.org\/{rel}","templated":true}]}}