{"id":3579,"date":"2024-10-08T09:58:23","date_gmt":"2024-10-08T07:58:23","guid":{"rendered":"https:\/\/www.closdecaille.com\/?p=3579"},"modified":"2025-12-09T09:35:22","modified_gmt":"2025-12-09T08:35:22","slug":"fall-is-calling-in-provence","status":"publish","type":"post","link":"https:\/\/www.closdecaille.com\/en\/fall-is-calling-in-provence\/","title":{"rendered":"L'automne arrive en Provence"},"content":{"rendered":"<p style=\"text-align: center;\"><strong>Autumn hot spots enhanced with our red Clos de Caille<\/strong><\/p>\n<p style=\"text-align: center;\">Autumn is coming to Domaine du Clos de Caille, bringing with it the promise of a new season full of abundance and vibrant colours. With this in mind, we invite you to discover or rediscover <strong>our Clos de Caille vintage. A noble and powerful red wine. <\/strong>which embodies the most intense beauties of nature.<\/p>\n<h1 style=\"text-align: center;\"><strong><u>AUTUMN IN THE HEART OF PROVENCE<\/u><\/strong><\/h1>\n<p><strong><img fetchpriority=\"high\" decoding=\"async\" class=\"wp-image-3580 alignleft\" src=\"https:\/\/www.closdecaille.com\/wp-content\/uploads\/2024\/10\/A7405219-683x1024.jpg\" alt=\"\" width=\"271\" height=\"407\" srcset=\"https:\/\/www.closdecaille.com\/wp-content\/uploads\/2024\/10\/A7405219-683x1024.jpg 683w, https:\/\/www.closdecaille.com\/wp-content\/uploads\/2024\/10\/A7405219-200x300.jpg 200w, https:\/\/www.closdecaille.com\/wp-content\/uploads\/2024\/10\/A7405219-768x1152.jpg 768w, https:\/\/www.closdecaille.com\/wp-content\/uploads\/2024\/10\/A7405219-1024x1536.jpg 1024w, https:\/\/www.closdecaille.com\/wp-content\/uploads\/2024\/10\/A7405219-1365x2048.jpg 1365w, https:\/\/www.closdecaille.com\/wp-content\/uploads\/2024\/10\/A7405219-300x450.jpg 300w, https:\/\/www.closdecaille.com\/wp-content\/uploads\/2024\/10\/A7405219-scaled.jpg 1707w\" sizes=\"(max-width: 271px) 100vw, 271px\" \/><\/strong><\/p>\n<p><strong>CLOS DE CAILLE<br \/>\nRed \u2013 Vintage 2021<br \/>\n<\/strong><\/p>\n<p>For his <strong>first vintage<\/strong>, The estate team invites you to taste a wine of character, with complex aromas of ripe fruit. It reveals subtle spicy notes, ensuring a <strong>perfect balance <\/strong>on the palate. With a longer ageing and maturation process than our other wines, we are proud to unveil our red cuv\u00e9e, only now at its peak of flavour.<\/p>\n<p>It pairs perfectly with meat dishes in sauce, game, or mature cheeses.<\/p>\n<h4 style=\"text-align: center;\"><a href=\"\/en\/?p=2085\">DISCOVER CLOS DE CAILLE<\/a><\/h4>\n<p>&nbsp;<\/p>\n<p style=\"text-align: center;\">Autumn, an invitation to slow down, to refocus, just like nature, which gently slows down before winter. <strong>Be inspired by our recipe <\/strong><strong>Scallops Rossini-style with truffle polenta<\/strong>.<\/p>\n<h4 style=\"text-align: center;\"><strong><a href=\"https:\/\/acrobat.adobe.com\/id\/urn:aaid:sc:EU:4daa81fc-ae58-45dc-9892-2deaf31935bc\">OUR INSPIRATION<\/a><\/strong><\/h4>\n<p>&nbsp;<\/p>\n<blockquote><p><strong>MAGNETIC ELEGANCE OF THE MEDITERRANEAN AND ENVELOPING POWER: THE DOMAINE DU CLOS DE CAILLE MAKES PROVENCE SHINE IN RED.<\/strong><\/p><\/blockquote>\n<p style=\"text-align: center;\">Raised in its precious setting, in 225-litre barrels for the Cabernet Sauvignon and 500-litre barrels for the Syrah, our cuv\u00e9e was bottled in spring 2023. Between <strong>power and subtlety<\/strong>, Clos de Caille instantly captivates gourmets and discerning palates, making each tasting a memorable experience, a moment of contemplation.<\/p>\n<h4 style=\"text-align: center;\"><a href=\"https:\/\/acrobat.adobe.com\/id\/urn:aaid:sc:EU:7c787115-7ff0-4eec-8123-e7fa0a6dcd72\"><strong>CONSULT THE TECHNICAL DATA SHEET<\/strong><\/a><\/h4>\n<p>&nbsp;<\/p>\n<p style=\"text-align: center;\"><strong><u>TASTING NOTES <\/u><\/strong><\/p>\n<p style=\"text-align: center;\"><em>Beautiful deep colour, complex nose of spices and black fruits, refined ageing with hints of precious wood. The wine is full-bodied on the palate with a lovely round and harmonious texture, attractive ripe tannins and a long finish with spicy notes.<\/em><\/p>\n<h2 style=\"text-align: center;\"><strong><u>AWARDS FOR THE VINTAGE<\/u><\/strong><\/h2>\n<p><img decoding=\"async\" class=\"wp-image-3582 aligncenter\" src=\"https:\/\/www.closdecaille.com\/wp-content\/uploads\/2024\/10\/SAMPI_CLOS-DE-CAILLE_BUS-1024x576.png\" alt=\"\" width=\"409\" height=\"230\" srcset=\"https:\/\/www.closdecaille.com\/wp-content\/uploads\/2024\/10\/SAMPI_CLOS-DE-CAILLE_BUS-1024x576.png 1024w, https:\/\/www.closdecaille.com\/wp-content\/uploads\/2024\/10\/SAMPI_CLOS-DE-CAILLE_BUS-300x169.png 300w, https:\/\/www.closdecaille.com\/wp-content\/uploads\/2024\/10\/SAMPI_CLOS-DE-CAILLE_BUS-768x432.png 768w, https:\/\/www.closdecaille.com\/wp-content\/uploads\/2024\/10\/SAMPI_CLOS-DE-CAILLE_BUS-1536x864.png 1536w, https:\/\/www.closdecaille.com\/wp-content\/uploads\/2024\/10\/SAMPI_CLOS-DE-CAILLE_BUS-1600x900.png 1600w, https:\/\/www.closdecaille.com\/wp-content\/uploads\/2024\/10\/SAMPI_CLOS-DE-CAILLE_BUS.png 1920w\" sizes=\"(max-width: 409px) 100vw, 409px\" \/><\/p>\n<p style=\"text-align: center;\">Our red Clos de Caille, vintage 2021, has been awarded <strong>the gold medal at the prestigious Vinalies competition<\/strong>. With a judging panel composed exclusively of expert oenologists, it has established itself over more than 30 years as the ultimate benchmark for tasting competitions in France.<br \/>\nAn exceptional vintage that will elegantly enhance your autumn dining table.<\/p>\n<blockquote>\n<p style=\"text-align: center;\"><em>Respect for our heritage has led us to produce wines that have been fully AB certified since 2024, thus enhancing all the sensory qualities of our terroirs located in the C\u00f4tes de Provence.<\/em><\/p>\n<\/blockquote>\n<p><img decoding=\"async\" class=\"wp-image-3584 aligncenter\" src=\"https:\/\/www.closdecaille.com\/wp-content\/uploads\/2024\/10\/SAMPI_CLOS-DE-CAILLE_NL-1-682x1024.png\" alt=\"\" width=\"359\" height=\"539\" srcset=\"https:\/\/www.closdecaille.com\/wp-content\/uploads\/2024\/10\/SAMPI_CLOS-DE-CAILLE_NL-1-682x1024.png 682w, https:\/\/www.closdecaille.com\/wp-content\/uploads\/2024\/10\/SAMPI_CLOS-DE-CAILLE_NL-1-200x300.png 200w, https:\/\/www.closdecaille.com\/wp-content\/uploads\/2024\/10\/SAMPI_CLOS-DE-CAILLE_NL-1-768x1152.png 768w, https:\/\/www.closdecaille.com\/wp-content\/uploads\/2024\/10\/SAMPI_CLOS-DE-CAILLE_NL-1-1024x1536.png 1024w, https:\/\/www.closdecaille.com\/wp-content\/uploads\/2024\/10\/SAMPI_CLOS-DE-CAILLE_NL-1-300x450.png 300w, https:\/\/www.closdecaille.com\/wp-content\/uploads\/2024\/10\/SAMPI_CLOS-DE-CAILLE_NL-1.png 1333w\" sizes=\"(max-width: 359px) 100vw, 359px\" \/><\/p>\n<p>&nbsp;<\/p>\n<p style=\"text-align: center;\"><strong>WHEN THE STRENGTH OF SYRAH MEETS THE POWER OF CABERNET SAUVIGNON, THE DI CLOS DE CAILLE ROUGE VINTAGE SHINES.<\/strong><\/p>\n<blockquote>\n<p style=\"text-align: center;\">Each glass of Clos de Caille blends <strong>deep and generous aromas of red fruits<\/strong> revealing the generosity of our terroir. Intense and delicate at the same time, it evokes a refined interlude, <strong>the symbol of a great Proven\u00e7al wine whose quality is inseparable from our winemaking practices<\/strong>, under the guidance of our distinguished oenologist, <strong>Matthew Cosse<\/strong>.<\/p>\n<\/blockquote>\n<p style=\"text-align: center;\">_______________________________<\/p>\n<p>&nbsp;<\/p>\n<h2 style=\"text-align: center;\"><strong>THE CLOS JOURNAL<\/strong><\/h2>\n<h3 style=\"text-align: center;\"><strong>HOT SPOTS IN MONACO <\/strong><\/h3>\n<p style=\"text-align: center;\">CHERISH TRADITIONS, ENJOY THE PRESENT<br \/>\nWITH THE CLOS DE CAILLE ROUGE<\/p>\n<p style=\"text-align: center;\">To extend the experience of our timeless commitment to perfection and the passion that defines us, we are delighted to share our favourite places.<\/p>\n<p style=\"text-align: center;\"><a href=\"https:\/\/zeffirino-restaurant.com\/monaco\/\"><strong>ZEFFIRINO<\/strong><\/a><\/p>\n<p style=\"text-align: center;\">A tribute to Italian elegance and refinement, rediscovering the generosity of Ligurian cuisine.<\/p>\n<p style=\"text-align: center;\"><em>A must-try: the signature dish, Trofies al Pesto Genovese<\/em><\/p>\n<p style=\"text-align: center;\"><a href=\"https:\/\/www.mayabayrestaurant.com\/monaco\"><strong>MAYABAY<\/strong><\/a><\/p>\n<p style=\"text-align: center;\">An enchanting atmosphere, where Asian elegance meets the vibrant energy of Monaco<\/p>\n<p style=\"text-align: center;\"><em>To share: Maya Crispy Duck (Serves 2)<\/em><\/p>\n<p style=\"text-align: center;\"><a href=\"https:\/\/www.montecarlosbm.com\/fr\/restaurant-monaco\/le-grill?esl-k=google%7cng%7cc664551246175%7cme%7ckle%20grill%20monaco%7cp%7ct%7cdc%7ca131457520768%7cg14264129705&amp;gad_source=1&amp;loopcd=seg%7cc%7cg%7cle%20grill%20monaco%7c664551246175%7ce\"><strong>THE GRILL<\/strong><\/a><\/p>\n<p style=\"text-align: center;\">Perched on the 8th floor of the H\u00f4tel de Paris Monte-Carlo, the Michelin-starred restaurant offers breathtaking views of the Principality stretching all the way to the Italian coast.<\/p>\n<p style=\"text-align: center;\"><em>Our recommendation: Free-range rooster from Vend\u00e9e, flavoured with herbs from the hills.<\/em><\/p>","protected":false},"excerpt":{"rendered":"<p>Hot Spots d\u2019Automne sublim\u00e9s avec notre Clos de Caille rouge L\u2019automne s\u2019invite au Domaine du Clos de Caille, et avec lui, la promesse d\u2019une nouvelle saison empreinte de g\u00e9n\u00e9rosit\u00e9 et de couleurs chatoyantes. C\u2019est dans cet esprit que nous vous invitons \u00e0 d\u00e9couvrir ou red\u00e9couvrir notre cuv\u00e9e Clos de Caille. Un vin rouge noble et [&hellip;]<\/p>\n","protected":false},"author":10,"featured_media":3580,"comment_status":"closed","ping_status":"closed","sticky":false,"template":"","format":"standard","meta":{"_acf_changed":false,"_mo_disable_npp":"","footnotes":""},"categories":[324],"tags":[154,156,155],"class_list":["post-3579","post","type-post","status-publish","format-standard","has-post-thumbnail","hentry","category-art-de-vivre","tag-clos-de-caille","tag-recette","tag-rouge"],"acf":[],"yoast_head":"<!-- This site is optimized with the Yoast SEO plugin v27.0 - https:\/\/yoast.com\/product\/yoast-seo-wordpress\/ -->\n<title>Fall is calling in Provence - Clos de Caille<\/title>\n<meta name=\"description\" content=\"Discover the wine selection for your autumn meals by the winemakers of Clos de Caille\" \/>\n<meta name=\"robots\" content=\"index, follow, max-snippet:-1, max-image-preview:large, max-video-preview:-1\" \/>\n<link rel=\"canonical\" href=\"https:\/\/www.closdecaille.com\/en\/fall-is-calling-in-provence\/\" \/>\n<meta property=\"og:locale\" content=\"en_GB\" \/>\n<meta property=\"og:type\" content=\"article\" \/>\n<meta property=\"og:title\" content=\"Fall is calling in Provence - Clos de Caille\" \/>\n<meta property=\"og:description\" content=\"Discover the wine selection for your autumn meals by the winemakers of Clos de Caille\" \/>\n<meta property=\"og:url\" content=\"https:\/\/www.closdecaille.com\/en\/fall-is-calling-in-provence\/\" \/>\n<meta property=\"og:site_name\" content=\"Clos de Caille\" \/>\n<meta property=\"article:published_time\" content=\"2024-10-08T07:58:23+00:00\" \/>\n<meta property=\"article:modified_time\" content=\"2025-12-09T08:35:22+00:00\" \/>\n<meta property=\"og:image\" content=\"https:\/\/www.closdecaille.com\/wp-content\/uploads\/2024\/10\/A7405219-683x1024.jpg\" \/>\n\t<meta property=\"og:image:width\" content=\"683\" \/>\n\t<meta property=\"og:image:height\" content=\"1024\" \/>\n\t<meta property=\"og:image:type\" content=\"image\/jpeg\" \/>\n<meta name=\"author\" content=\"Julie Fleisch\" \/>\n<meta name=\"twitter:label1\" content=\"Written by\" \/>\n\t<meta name=\"twitter:data1\" content=\"Julie Fleisch\" \/>\n\t<meta name=\"twitter:label2\" content=\"Estimated reading time\" \/>\n\t<meta name=\"twitter:data2\" content=\"4 minutes\" \/>\n<script type=\"application\/ld+json\" class=\"yoast-schema-graph\">{\"@context\":\"https:\/\/schema.org\",\"@graph\":[{\"@type\":\"Article\",\"@id\":\"https:\/\/www.closdecaille.com\/fall-is-calling-in-provence\/#article\",\"isPartOf\":{\"@id\":\"https:\/\/www.closdecaille.com\/fall-is-calling-in-provence\/\"},\"author\":{\"name\":\"Julie Fleisch\",\"@id\":\"https:\/\/www.closdecaille.com\/#\/schema\/person\/183ec33b0abe209accdd35f1ba15b586\"},\"headline\":\"Fall is calling in Provence\",\"datePublished\":\"2024-10-08T07:58:23+00:00\",\"dateModified\":\"2025-12-09T08:35:22+00:00\",\"mainEntityOfPage\":{\"@id\":\"https:\/\/www.closdecaille.com\/fall-is-calling-in-provence\/\"},\"wordCount\":718,\"publisher\":{\"@id\":\"https:\/\/www.closdecaille.com\/#organization\"},\"image\":{\"@id\":\"https:\/\/www.closdecaille.com\/fall-is-calling-in-provence\/#primaryimage\"},\"thumbnailUrl\":\"https:\/\/www.closdecaille.com\/wp-content\/uploads\/2024\/10\/A7405219-scaled.jpg\",\"keywords\":[\"Clos de Caille\",\"recette\",\"rouge\"],\"articleSection\":[\"Art de vivre\"],\"inLanguage\":\"en-GB\"},{\"@type\":\"WebPage\",\"@id\":\"https:\/\/www.closdecaille.com\/fall-is-calling-in-provence\/\",\"url\":\"https:\/\/www.closdecaille.com\/fall-is-calling-in-provence\/\",\"name\":\"Fall is calling in Provence - Clos de Caille\",\"isPartOf\":{\"@id\":\"https:\/\/www.closdecaille.com\/#website\"},\"primaryImageOfPage\":{\"@id\":\"https:\/\/www.closdecaille.com\/fall-is-calling-in-provence\/#primaryimage\"},\"image\":{\"@id\":\"https:\/\/www.closdecaille.com\/fall-is-calling-in-provence\/#primaryimage\"},\"thumbnailUrl\":\"https:\/\/www.closdecaille.com\/wp-content\/uploads\/2024\/10\/A7405219-scaled.jpg\",\"datePublished\":\"2024-10-08T07:58:23+00:00\",\"dateModified\":\"2025-12-09T08:35:22+00:00\",\"description\":\"Discover the wine selection for your autumn meals by the winemakers of Clos de Caille\",\"breadcrumb\":{\"@id\":\"https:\/\/www.closdecaille.com\/fall-is-calling-in-provence\/#breadcrumb\"},\"inLanguage\":\"en-GB\",\"potentialAction\":[{\"@type\":\"ReadAction\",\"target\":[\"https:\/\/www.closdecaille.com\/fall-is-calling-in-provence\/\"]}]},{\"@type\":\"ImageObject\",\"inLanguage\":\"en-GB\",\"@id\":\"https:\/\/www.closdecaille.com\/fall-is-calling-in-provence\/#primaryimage\",\"url\":\"https:\/\/www.closdecaille.com\/wp-content\/uploads\/2024\/10\/A7405219-scaled.jpg\",\"contentUrl\":\"https:\/\/www.closdecaille.com\/wp-content\/uploads\/2024\/10\/A7405219-scaled.jpg\",\"width\":1707,\"height\":2560},{\"@type\":\"BreadcrumbList\",\"@id\":\"https:\/\/www.closdecaille.com\/fall-is-calling-in-provence\/#breadcrumb\",\"itemListElement\":[{\"@type\":\"ListItem\",\"position\":1,\"name\":\"Art de vivre\",\"item\":\"https:\/\/www.closdecaille.com\/category\/art-de-vivre\/\"},{\"@type\":\"ListItem\",\"position\":2,\"name\":\"Fall is calling in Provence\"}]},{\"@type\":\"WebSite\",\"@id\":\"https:\/\/www.closdecaille.com\/#website\",\"url\":\"https:\/\/www.closdecaille.com\/\",\"name\":\"Clos de Caille\",\"description\":\"Vins AOP C\u00f4tes de Provence\",\"publisher\":{\"@id\":\"https:\/\/www.closdecaille.com\/#organization\"},\"potentialAction\":[{\"@type\":\"SearchAction\",\"target\":{\"@type\":\"EntryPoint\",\"urlTemplate\":\"https:\/\/www.closdecaille.com\/?s={search_term_string}\"},\"query-input\":{\"@type\":\"PropertyValueSpecification\",\"valueRequired\":true,\"valueName\":\"search_term_string\"}}],\"inLanguage\":\"en-GB\"},{\"@type\":\"Organization\",\"@id\":\"https:\/\/www.closdecaille.com\/#organization\",\"name\":\"Clos de Caille\",\"url\":\"https:\/\/www.closdecaille.com\/\",\"logo\":{\"@type\":\"ImageObject\",\"inLanguage\":\"en-GB\",\"@id\":\"https:\/\/www.closdecaille.com\/#\/schema\/logo\/image\/\",\"url\":\"https:\/\/www.closdecaille.com\/wp-content\/uploads\/2023\/07\/favicon-2023.png\",\"contentUrl\":\"https:\/\/www.closdecaille.com\/wp-content\/uploads\/2023\/07\/favicon-2023.png\",\"width\":600,\"height\":600,\"caption\":\"Clos de Caille\"},\"image\":{\"@id\":\"https:\/\/www.closdecaille.com\/#\/schema\/logo\/image\/\"}},{\"@type\":\"Person\",\"@id\":\"https:\/\/www.closdecaille.com\/#\/schema\/person\/183ec33b0abe209accdd35f1ba15b586\",\"name\":\"Julie Fleisch\",\"image\":{\"@type\":\"ImageObject\",\"inLanguage\":\"en-GB\",\"@id\":\"https:\/\/www.closdecaille.com\/#\/schema\/person\/image\/\",\"url\":\"https:\/\/secure.gravatar.com\/avatar\/bffc10faa760f5f1f08f454e79e3342f047898af28fb87e9eec6b7842f516e2a?s=96&d=mm&r=g\",\"contentUrl\":\"https:\/\/secure.gravatar.com\/avatar\/bffc10faa760f5f1f08f454e79e3342f047898af28fb87e9eec6b7842f516e2a?s=96&d=mm&r=g\",\"caption\":\"Julie Fleisch\"}}]}<\/script>\n<!-- \/ Yoast SEO plugin. -->","yoast_head_json":{"title":"Autumn is calling in Provence - Clos de Caille","description":"Discover the wine selection for your autumn meals by the winemakers of Clos de Caille","robots":{"index":"index","follow":"follow","max-snippet":"max-snippet:-1","max-image-preview":"max-image-preview:large","max-video-preview":"max-video-preview:-1"},"canonical":"https:\/\/www.closdecaille.com\/en\/fall-is-calling-in-provence\/","og_locale":"en_GB","og_type":"article","og_title":"Fall is calling in Provence - Clos de Caille","og_description":"Discover the wine selection for your autumn meals by the winemakers of Clos de Caille","og_url":"https:\/\/www.closdecaille.com\/en\/fall-is-calling-in-provence\/","og_site_name":"Clos de Caille","article_published_time":"2024-10-08T07:58:23+00:00","article_modified_time":"2025-12-09T08:35:22+00:00","og_image":[{"width":683,"height":1024,"url":"https:\/\/www.closdecaille.com\/wp-content\/uploads\/2024\/10\/A7405219-683x1024.jpg","type":"image\/jpeg"}],"author":"Julie Fleisch","twitter_misc":{"Written by":"Julie Fleisch","Estimated reading time":"4 minutes"},"schema":{"@context":"https:\/\/schema.org","@graph":[{"@type":"Article","@id":"https:\/\/www.closdecaille.com\/fall-is-calling-in-provence\/#article","isPartOf":{"@id":"https:\/\/www.closdecaille.com\/fall-is-calling-in-provence\/"},"author":{"name":"Julie Fleisch","@id":"https:\/\/www.closdecaille.com\/#\/schema\/person\/183ec33b0abe209accdd35f1ba15b586"},"headline":"Fall is calling in Provence","datePublished":"2024-10-08T07:58:23+00:00","dateModified":"2025-12-09T08:35:22+00:00","mainEntityOfPage":{"@id":"https:\/\/www.closdecaille.com\/fall-is-calling-in-provence\/"},"wordCount":718,"publisher":{"@id":"https:\/\/www.closdecaille.com\/#organization"},"image":{"@id":"https:\/\/www.closdecaille.com\/fall-is-calling-in-provence\/#primaryimage"},"thumbnailUrl":"https:\/\/www.closdecaille.com\/wp-content\/uploads\/2024\/10\/A7405219-scaled.jpg","keywords":["Clos de Caille","recette","rouge"],"articleSection":["Art de vivre"],"inLanguage":"en-GB"},{"@type":"WebPage","@id":"https:\/\/www.closdecaille.com\/fall-is-calling-in-provence\/","url":"https:\/\/www.closdecaille.com\/fall-is-calling-in-provence\/","name":"Autumn is calling in Provence - Clos de Caille","isPartOf":{"@id":"https:\/\/www.closdecaille.com\/#website"},"primaryImageOfPage":{"@id":"https:\/\/www.closdecaille.com\/fall-is-calling-in-provence\/#primaryimage"},"image":{"@id":"https:\/\/www.closdecaille.com\/fall-is-calling-in-provence\/#primaryimage"},"thumbnailUrl":"https:\/\/www.closdecaille.com\/wp-content\/uploads\/2024\/10\/A7405219-scaled.jpg","datePublished":"2024-10-08T07:58:23+00:00","dateModified":"2025-12-09T08:35:22+00:00","description":"Discover the wine selection for your autumn meals by the winemakers of Clos de Caille","breadcrumb":{"@id":"https:\/\/www.closdecaille.com\/fall-is-calling-in-provence\/#breadcrumb"},"inLanguage":"en-GB","potentialAction":[{"@type":"ReadAction","target":["https:\/\/www.closdecaille.com\/fall-is-calling-in-provence\/"]}]},{"@type":"ImageObject","inLanguage":"en-GB","@id":"https:\/\/www.closdecaille.com\/fall-is-calling-in-provence\/#primaryimage","url":"https:\/\/www.closdecaille.com\/wp-content\/uploads\/2024\/10\/A7405219-scaled.jpg","contentUrl":"https:\/\/www.closdecaille.com\/wp-content\/uploads\/2024\/10\/A7405219-scaled.jpg","width":1707,"height":2560},{"@type":"BreadcrumbList","@id":"https:\/\/www.closdecaille.com\/fall-is-calling-in-provence\/#breadcrumb","itemListElement":[{"@type":"ListItem","position":1,"name":"Art de vivre","item":"https:\/\/www.closdecaille.com\/category\/art-de-vivre\/"},{"@type":"ListItem","position":2,"name":"Fall is calling in Provence"}]},{"@type":"WebSite","@id":"https:\/\/www.closdecaille.com\/#website","url":"https:\/\/www.closdecaille.com\/","name":"Clos de Caille","description":"C\u00f4tes de Provence AOP wines","publisher":{"@id":"https:\/\/www.closdecaille.com\/#organization"},"potentialAction":[{"@type":"SearchAction","target":{"@type":"EntryPoint","urlTemplate":"https:\/\/www.closdecaille.com\/?s={search_term_string}"},"query-input":{"@type":"PropertyValueSpecification","valueRequired":true,"valueName":"search_term_string"}}],"inLanguage":"en-GB"},{"@type":"Organization","@id":"https:\/\/www.closdecaille.com\/#organization","name":"Clos de Caille","url":"https:\/\/www.closdecaille.com\/","logo":{"@type":"ImageObject","inLanguage":"en-GB","@id":"https:\/\/www.closdecaille.com\/#\/schema\/logo\/image\/","url":"https:\/\/www.closdecaille.com\/wp-content\/uploads\/2023\/07\/favicon-2023.png","contentUrl":"https:\/\/www.closdecaille.com\/wp-content\/uploads\/2023\/07\/favicon-2023.png","width":600,"height":600,"caption":"Clos de Caille"},"image":{"@id":"https:\/\/www.closdecaille.com\/#\/schema\/logo\/image\/"}},{"@type":"Person","@id":"https:\/\/www.closdecaille.com\/#\/schema\/person\/183ec33b0abe209accdd35f1ba15b586","name":"Julie Fleisch","image":{"@type":"ImageObject","inLanguage":"en-GB","@id":"https:\/\/www.closdecaille.com\/#\/schema\/person\/image\/","url":"https:\/\/secure.gravatar.com\/avatar\/bffc10faa760f5f1f08f454e79e3342f047898af28fb87e9eec6b7842f516e2a?s=96&d=mm&r=g","contentUrl":"https:\/\/secure.gravatar.com\/avatar\/bffc10faa760f5f1f08f454e79e3342f047898af28fb87e9eec6b7842f516e2a?s=96&d=mm&r=g","caption":"Julie Fleisch"}}]}},"_links":{"self":[{"href":"https:\/\/www.closdecaille.com\/en\/wp-json\/wp\/v2\/posts\/3579","targetHints":{"allow":["GET"]}}],"collection":[{"href":"https:\/\/www.closdecaille.com\/en\/wp-json\/wp\/v2\/posts"}],"about":[{"href":"https:\/\/www.closdecaille.com\/en\/wp-json\/wp\/v2\/types\/post"}],"author":[{"embeddable":true,"href":"https:\/\/www.closdecaille.com\/en\/wp-json\/wp\/v2\/users\/10"}],"replies":[{"embeddable":true,"href":"https:\/\/www.closdecaille.com\/en\/wp-json\/wp\/v2\/comments?post=3579"}],"version-history":[{"count":7,"href":"https:\/\/www.closdecaille.com\/en\/wp-json\/wp\/v2\/posts\/3579\/revisions"}],"predecessor-version":[{"id":5320,"href":"https:\/\/www.closdecaille.com\/en\/wp-json\/wp\/v2\/posts\/3579\/revisions\/5320"}],"wp:featuredmedia":[{"embeddable":true,"href":"https:\/\/www.closdecaille.com\/en\/wp-json\/wp\/v2\/media\/3580"}],"wp:attachment":[{"href":"https:\/\/www.closdecaille.com\/en\/wp-json\/wp\/v2\/media?parent=3579"}],"wp:term":[{"taxonomy":"category","embeddable":true,"href":"https:\/\/www.closdecaille.com\/en\/wp-json\/wp\/v2\/categories?post=3579"},{"taxonomy":"post_tag","embeddable":true,"href":"https:\/\/www.closdecaille.com\/en\/wp-json\/wp\/v2\/tags?post=3579"}],"curies":[{"name":"wp","href":"https:\/\/api.w.org\/{rel}","templated":true}]}}