{"id":3511,"date":"2024-09-23T19:21:46","date_gmt":"2024-09-23T17:21:46","guid":{"rendered":"https:\/\/www.closdecaille.com\/?p=3511"},"modified":"2025-12-09T09:42:51","modified_gmt":"2025-12-09T08:42:51","slug":"guide-bettanedesseauve-2025-nos-distinctions","status":"publish","type":"post","link":"https:\/\/www.closdecaille.com\/en\/guide-bettanedesseauve-2025-nos-distinctions\/","title":{"rendered":"Bettane+Desseauve Guide 2025 \u2013 Our awards"},"content":{"rendered":"<p style=\"text-align: center;\"><strong>The Jewels of Clos de Caille<\/strong><\/p>\n<p style=\"text-align: center;\">For this 30th<sup>issue<\/sup> edition, discover the <strong>Bettane+Desseauve rankings<\/strong>, reference guide to domains to follow.<\/p>\n<p style=\"text-align: center;\">With a unique blend of expertise and vision, Michel Bettane and Thierry Desseauve have translated their talent as wine tasters into a work that continues to guide <strong>wine enthusiasts, whether professionals or amateurs<\/strong>.<\/p>\n<p style=\"text-align: center;\"><em>\u00abTaken over by the Mariotti family, this estate located in the heart of the <strong>Provence coast<\/strong> is based on a <strong>micro-terroir<\/strong> producing wines with meaning and nuance. All assert themselves through a <strong>extensive research into texture and background<\/strong>. The ascent continues its impressive trajectory with <strong>lively and deep ros\u00e9s<\/strong>, which impress with their texture and <strong>aromatic length<\/strong>.\u00a0\u00bb<\/em><\/p>\n<p>&nbsp;<\/p>\n<h1 style=\"text-align: center;\"><strong><u>IN PRAISE OF OUR TERROIR<\/u><\/strong><\/h1>\n<div style=\"width: 800px;\" class=\"wp-video\"><video class=\"wp-video-shortcode\" id=\"video-3511-1\" width=\"800\" height=\"1422\" preload=\"metadata\" controls=\"controls\"><source type=\"video\/mp4\" src=\"https:\/\/www.closdecaille.com\/wp-content\/uploads\/2024\/09\/SAMPI_CLOS-DE-CAILLE_STORY-PRESSE-VJF-2.mp4?_=1\" \/><a href=\"https:\/\/www.closdecaille.com\/wp-content\/uploads\/2024\/09\/SAMPI_CLOS-DE-CAILLE_STORY-PRESSE-VJF-2.mp4\">https:\/\/www.closdecaille.com\/wp-content\/uploads\/2024\/09\/SAMPI_CLOS-DE-CAILLE_STORY-PRESSE-VJF-2.mp4<\/a><\/video><\/div>\n<p>&nbsp;<\/p>\n<blockquote><p><em>With each new vintage, we strive to respect history.<br \/>\nand the Legacy of Clos de Caille \u2026<\/em><\/p><\/blockquote>\n<p style=\"text-align: center;\"><em><br \/>\n<\/em>The Mariotti family, Matthieu Cosse, our renowned oenologist, and our artisan winemakers are working hard to <strong>produce wines of excellence<\/strong>. The precision of our wines, the result of the attention paid to each stage of our cultivation practices, is revealed in the <strong>every detail of their expression<\/strong>.<\/p>\n<h2 style=\"text-align: center;\"><strong><u>TIMELESS EXCELLENCE<\/u><\/strong><\/h2>\n<p style=\"text-align: center;\">The wines of Clos de Caille brilliantly embody <strong>our team's expertise and the passion that drives them<\/strong>, transforming each of our vintages into a <strong>sumptuous vehicle of pleasure and emotion<\/strong>.<\/p>\n<p style=\"text-align: center;\"><strong>Multi-award-winning<\/strong>, The finesse and elegance of our \u00abClarisse\u00bb cuv\u00e9e are now undisputed by international juries and opinion leaders.<\/p>\n<p style=\"text-align: center;\">Special mention for our <strong>Clos de Caille Red 2021<\/strong>. This first vintage red wine reflects the Clos de Caille, where <strong>the nobility of its terroir, the generosity of our microclimate <\/strong>to offer us<strong> wines that are both expressive and refined.<\/strong><\/p>\n<h4 style=\"text-align: center;\"><a href=\"https:\/\/acrobat.adobe.com\/id\/urn:aaid:sc:EU:7f17c775-58fe-463a-a0ad-e2f2b37744e4\">CONSULT THE TECHNICAL DATA SHEETS<\/a><\/h4>\n<p>&nbsp;<\/p>\n<p><img fetchpriority=\"high\" decoding=\"async\" class=\"wp-image-3521 aligncenter\" src=\"https:\/\/www.closdecaille.com\/wp-content\/uploads\/2024\/09\/AWARDS-BD-CLOS-DE-CAILLE-NL-1.gif\" alt=\"Bettane+Desseauve Palmar\u00e8s\" width=\"439\" height=\"351\" \/><\/p>\n<p style=\"text-align: center;\"><em><strong>We invite you to discover or rediscover all the emotion evoked by our vintages at every moment of tasting.<\/strong><\/em><\/p>\n<p style=\"text-align: center;\">_______________________________<\/p>\n<p>&nbsp;<\/p>\n<h2 style=\"text-align: center;\"><strong>THE CLOS JOURNAL<\/strong><\/h2>\n<h3 style=\"text-align: center;\"><strong>SNEAK PEEK \u2013 <em>Clos de Caille is in the Air<\/em><\/strong><\/h3>\n<p style=\"text-align: center;\">Our estate is reaching new heights, this time in the air. Perfect timing to capture the <strong>precious moments of the grape harvest<\/strong> as soon as the sun rises.<\/p>\n<p style=\"text-align: center;\">Want to experience the magic of the Estate? Follow our adventures on our social media channels...<\/p>\n<h4 style=\"text-align: center;\"><a href=\"https:\/\/www.instagram.com\/clos_de_caille\">Follow us on our social media channels<\/a><\/h4>\n<p><img decoding=\"async\" class=\"wp-image-3534 aligncenter\" src=\"https:\/\/www.closdecaille.com\/wp-content\/uploads\/2024\/09\/SAMPI_CLOS-DE-CAILLE_SNEAK-PEEK-3-1024x1024.png\" alt=\"Clos de Caille drone \" width=\"402\" height=\"402\" srcset=\"https:\/\/www.closdecaille.com\/wp-content\/uploads\/2024\/09\/SAMPI_CLOS-DE-CAILLE_SNEAK-PEEK-3-1024x1024.png 1024w, https:\/\/www.closdecaille.com\/wp-content\/uploads\/2024\/09\/SAMPI_CLOS-DE-CAILLE_SNEAK-PEEK-3-300x300.png 300w, https:\/\/www.closdecaille.com\/wp-content\/uploads\/2024\/09\/SAMPI_CLOS-DE-CAILLE_SNEAK-PEEK-3-150x150.png 150w, https:\/\/www.closdecaille.com\/wp-content\/uploads\/2024\/09\/SAMPI_CLOS-DE-CAILLE_SNEAK-PEEK-3-768x768.png 768w, https:\/\/www.closdecaille.com\/wp-content\/uploads\/2024\/09\/SAMPI_CLOS-DE-CAILLE_SNEAK-PEEK-3-900x900.png 900w, https:\/\/www.closdecaille.com\/wp-content\/uploads\/2024\/09\/SAMPI_CLOS-DE-CAILLE_SNEAK-PEEK-3-100x100.png 100w, https:\/\/www.closdecaille.com\/wp-content\/uploads\/2024\/09\/SAMPI_CLOS-DE-CAILLE_SNEAK-PEEK-3.png 1080w\" sizes=\"(max-width: 402px) 100vw, 402px\" \/><\/p>\n<p>&nbsp;<\/p>\n<p style=\"text-align: center;\">We are delighted to welcome <strong>Thomas Forni<\/strong> within the Clos de Caille team. He joins us as a <strong>tractor driver<\/strong>, a key position in the management of our vineyard. His solid experience and commitment to precision work perfectly match our values and our <strong>pursuit of excellence<\/strong>.<\/p>","protected":false},"excerpt":{"rendered":"<p>Les Joyaux du Clos de Caille Pour cette 30\u00e8me \u00e9dition, d\u00e9couvrez le palmar\u00e8s de Bettane+Desseauve, guide de r\u00e9f\u00e9rence des Domaines \u00e0 suivre. Avec un m\u00e9lange unique d\u2019expertise et de vision, Michel Bettane et Thierry Desseauve ont su traduire leur talent de d\u00e9gustateurs en un ouvrage qui continue d\u2019orienter les passionn\u00e9s de vins, qu\u2019ils soient professionnels [&hellip;]<\/p>\n","protected":false},"author":10,"featured_media":3528,"comment_status":"closed","ping_status":"closed","sticky":false,"template":"","format":"standard","meta":{"_acf_changed":false,"_mo_disable_npp":"","footnotes":""},"categories":[117],"tags":[148,145,126,147,146],"class_list":["post-3511","post","type-post","status-publish","format-standard","has-post-thumbnail","hentry","category-presse","tag-clarisse","tag-distinctions","tag-domaine-clos-de-caille","tag-vin-rose","tag-vin-rouge"],"acf":[],"yoast_head":"<!-- This site is optimized with the Yoast SEO plugin v27.0 - https:\/\/yoast.com\/product\/yoast-seo-wordpress\/ -->\n<title>Guide Bettane+Desseauve 2025 \u2013 Nos distinctions - Clos de Caille<\/title>\n<meta name=\"description\" content=\"Les vins de Provence distingu\u00e9es par Bettane+Desseauve 2025 - Clos de Caille\" \/>\n<meta name=\"robots\" content=\"index, follow, max-snippet:-1, max-image-preview:large, max-video-preview:-1\" \/>\n<link rel=\"canonical\" href=\"https:\/\/www.closdecaille.com\/en\/guide-bettanedesseauve-2025-nos-distinctions\/\" \/>\n<meta property=\"og:locale\" content=\"en_GB\" \/>\n<meta property=\"og:type\" content=\"article\" \/>\n<meta property=\"og:title\" content=\"Guide Bettane+Desseauve 2025 \u2013 Nos distinctions - Clos de Caille\" \/>\n<meta property=\"og:description\" content=\"Les vins de Provence distingu\u00e9es par Bettane+Desseauve 2025 - Clos de Caille\" \/>\n<meta property=\"og:url\" content=\"https:\/\/www.closdecaille.com\/en\/guide-bettanedesseauve-2025-nos-distinctions\/\" \/>\n<meta property=\"og:site_name\" content=\"Clos de Caille\" \/>\n<meta property=\"article:published_time\" content=\"2024-09-23T17:21:46+00:00\" \/>\n<meta property=\"article:modified_time\" content=\"2025-12-09T08:42:51+00:00\" \/>\n<meta property=\"og:image\" content=\"https:\/\/www.closdecaille.com\/wp-content\/uploads\/2024\/09\/SAMPI-CLOS-DE-CAILLE-NL-3-1024x819.png\" \/>\n\t<meta property=\"og:image:width\" content=\"1024\" \/>\n\t<meta property=\"og:image:height\" content=\"819\" \/>\n\t<meta property=\"og:image:type\" content=\"image\/png\" \/>\n<meta name=\"author\" content=\"Julie Fleisch\" \/>\n<meta name=\"twitter:label1\" content=\"Written by\" \/>\n\t<meta name=\"twitter:data1\" content=\"Julie Fleisch\" \/>\n\t<meta name=\"twitter:label2\" content=\"Estimated reading time\" \/>\n\t<meta name=\"twitter:data2\" content=\"3 minutes\" \/>\n<script type=\"application\/ld+json\" class=\"yoast-schema-graph\">{\"@context\":\"https:\/\/schema.org\",\"@graph\":[{\"@type\":\"Article\",\"@id\":\"https:\/\/www.closdecaille.com\/guide-bettanedesseauve-2025-nos-distinctions\/#article\",\"isPartOf\":{\"@id\":\"https:\/\/www.closdecaille.com\/guide-bettanedesseauve-2025-nos-distinctions\/\"},\"author\":{\"name\":\"Julie Fleisch\",\"@id\":\"https:\/\/www.closdecaille.com\/#\/schema\/person\/183ec33b0abe209accdd35f1ba15b586\"},\"headline\":\"Guide Bettane+Desseauve 2025 \u2013 Nos distinctions\",\"datePublished\":\"2024-09-23T17:21:46+00:00\",\"dateModified\":\"2025-12-09T08:42:51+00:00\",\"mainEntityOfPage\":{\"@id\":\"https:\/\/www.closdecaille.com\/guide-bettanedesseauve-2025-nos-distinctions\/\"},\"wordCount\":484,\"publisher\":{\"@id\":\"https:\/\/www.closdecaille.com\/#organization\"},\"image\":{\"@id\":\"https:\/\/www.closdecaille.com\/guide-bettanedesseauve-2025-nos-distinctions\/#primaryimage\"},\"thumbnailUrl\":\"https:\/\/www.closdecaille.com\/wp-content\/uploads\/2024\/09\/SAMPI-CLOS-DE-CAILLE-NL-3.png\",\"keywords\":[\"Clarisse\",\"distinctions\",\"Domaine Clos de Caille\",\"vin ros\u00e9\",\"vin rouge\"],\"articleSection\":[\"Presse\"],\"inLanguage\":\"en-GB\"},{\"@type\":\"WebPage\",\"@id\":\"https:\/\/www.closdecaille.com\/guide-bettanedesseauve-2025-nos-distinctions\/\",\"url\":\"https:\/\/www.closdecaille.com\/guide-bettanedesseauve-2025-nos-distinctions\/\",\"name\":\"Guide Bettane+Desseauve 2025 \u2013 Nos distinctions - Clos de Caille\",\"isPartOf\":{\"@id\":\"https:\/\/www.closdecaille.com\/#website\"},\"primaryImageOfPage\":{\"@id\":\"https:\/\/www.closdecaille.com\/guide-bettanedesseauve-2025-nos-distinctions\/#primaryimage\"},\"image\":{\"@id\":\"https:\/\/www.closdecaille.com\/guide-bettanedesseauve-2025-nos-distinctions\/#primaryimage\"},\"thumbnailUrl\":\"https:\/\/www.closdecaille.com\/wp-content\/uploads\/2024\/09\/SAMPI-CLOS-DE-CAILLE-NL-3.png\",\"datePublished\":\"2024-09-23T17:21:46+00:00\",\"dateModified\":\"2025-12-09T08:42:51+00:00\",\"description\":\"Les vins de Provence distingu\u00e9es par Bettane+Desseauve 2025 - Clos de Caille\",\"breadcrumb\":{\"@id\":\"https:\/\/www.closdecaille.com\/guide-bettanedesseauve-2025-nos-distinctions\/#breadcrumb\"},\"inLanguage\":\"en-GB\",\"potentialAction\":[{\"@type\":\"ReadAction\",\"target\":[\"https:\/\/www.closdecaille.com\/guide-bettanedesseauve-2025-nos-distinctions\/\"]}]},{\"@type\":\"ImageObject\",\"inLanguage\":\"en-GB\",\"@id\":\"https:\/\/www.closdecaille.com\/guide-bettanedesseauve-2025-nos-distinctions\/#primaryimage\",\"url\":\"https:\/\/www.closdecaille.com\/wp-content\/uploads\/2024\/09\/SAMPI-CLOS-DE-CAILLE-NL-3.png\",\"contentUrl\":\"https:\/\/www.closdecaille.com\/wp-content\/uploads\/2024\/09\/SAMPI-CLOS-DE-CAILLE-NL-3.png\",\"width\":2000,\"height\":1600,\"caption\":\"CLOS DE CAILLE awards\"},{\"@type\":\"BreadcrumbList\",\"@id\":\"https:\/\/www.closdecaille.com\/guide-bettanedesseauve-2025-nos-distinctions\/#breadcrumb\",\"itemListElement\":[{\"@type\":\"ListItem\",\"position\":1,\"name\":\"Presse\",\"item\":\"https:\/\/www.closdecaille.com\/category\/presse\/\"},{\"@type\":\"ListItem\",\"position\":2,\"name\":\"Guide Bettane+Desseauve 2025 \u2013 Nos distinctions\"}]},{\"@type\":\"WebSite\",\"@id\":\"https:\/\/www.closdecaille.com\/#website\",\"url\":\"https:\/\/www.closdecaille.com\/\",\"name\":\"Clos de Caille\",\"description\":\"Vins AOP C\u00f4tes de Provence\",\"publisher\":{\"@id\":\"https:\/\/www.closdecaille.com\/#organization\"},\"potentialAction\":[{\"@type\":\"SearchAction\",\"target\":{\"@type\":\"EntryPoint\",\"urlTemplate\":\"https:\/\/www.closdecaille.com\/?s={search_term_string}\"},\"query-input\":{\"@type\":\"PropertyValueSpecification\",\"valueRequired\":true,\"valueName\":\"search_term_string\"}}],\"inLanguage\":\"en-GB\"},{\"@type\":\"Organization\",\"@id\":\"https:\/\/www.closdecaille.com\/#organization\",\"name\":\"Clos de Caille\",\"url\":\"https:\/\/www.closdecaille.com\/\",\"logo\":{\"@type\":\"ImageObject\",\"inLanguage\":\"en-GB\",\"@id\":\"https:\/\/www.closdecaille.com\/#\/schema\/logo\/image\/\",\"url\":\"https:\/\/www.closdecaille.com\/wp-content\/uploads\/2023\/07\/favicon-2023.png\",\"contentUrl\":\"https:\/\/www.closdecaille.com\/wp-content\/uploads\/2023\/07\/favicon-2023.png\",\"width\":600,\"height\":600,\"caption\":\"Clos de Caille\"},\"image\":{\"@id\":\"https:\/\/www.closdecaille.com\/#\/schema\/logo\/image\/\"}},{\"@type\":\"Person\",\"@id\":\"https:\/\/www.closdecaille.com\/#\/schema\/person\/183ec33b0abe209accdd35f1ba15b586\",\"name\":\"Julie Fleisch\",\"image\":{\"@type\":\"ImageObject\",\"inLanguage\":\"en-GB\",\"@id\":\"https:\/\/www.closdecaille.com\/#\/schema\/person\/image\/\",\"url\":\"https:\/\/secure.gravatar.com\/avatar\/bffc10faa760f5f1f08f454e79e3342f047898af28fb87e9eec6b7842f516e2a?s=96&d=mm&r=g\",\"contentUrl\":\"https:\/\/secure.gravatar.com\/avatar\/bffc10faa760f5f1f08f454e79e3342f047898af28fb87e9eec6b7842f516e2a?s=96&d=mm&r=g\",\"caption\":\"Julie Fleisch\"}}]}<\/script>\n<!-- \/ Yoast SEO plugin. -->","yoast_head_json":{"title":"Bettane+Desseauve Guide 2025 \u2013 Our awards - Clos de Caille","description":"Provence wines distinguished by Bettane+Desseauve 2025 - Clos de Caille","robots":{"index":"index","follow":"follow","max-snippet":"max-snippet:-1","max-image-preview":"max-image-preview:large","max-video-preview":"max-video-preview:-1"},"canonical":"https:\/\/www.closdecaille.com\/en\/guide-bettanedesseauve-2025-nos-distinctions\/","og_locale":"en_GB","og_type":"article","og_title":"Guide Bettane+Desseauve 2025 \u2013 Nos distinctions - Clos de Caille","og_description":"Les vins de Provence distingu\u00e9es par Bettane+Desseauve 2025 - Clos de Caille","og_url":"https:\/\/www.closdecaille.com\/en\/guide-bettanedesseauve-2025-nos-distinctions\/","og_site_name":"Clos de Caille","article_published_time":"2024-09-23T17:21:46+00:00","article_modified_time":"2025-12-09T08:42:51+00:00","og_image":[{"width":1024,"height":819,"url":"https:\/\/www.closdecaille.com\/wp-content\/uploads\/2024\/09\/SAMPI-CLOS-DE-CAILLE-NL-3-1024x819.png","type":"image\/png"}],"author":"Julie Fleisch","twitter_misc":{"Written by":"Julie Fleisch","Estimated reading time":"3 minutes"},"schema":{"@context":"https:\/\/schema.org","@graph":[{"@type":"Article","@id":"https:\/\/www.closdecaille.com\/guide-bettanedesseauve-2025-nos-distinctions\/#article","isPartOf":{"@id":"https:\/\/www.closdecaille.com\/guide-bettanedesseauve-2025-nos-distinctions\/"},"author":{"name":"Julie Fleisch","@id":"https:\/\/www.closdecaille.com\/#\/schema\/person\/183ec33b0abe209accdd35f1ba15b586"},"headline":"Guide Bettane+Desseauve 2025 \u2013 Nos distinctions","datePublished":"2024-09-23T17:21:46+00:00","dateModified":"2025-12-09T08:42:51+00:00","mainEntityOfPage":{"@id":"https:\/\/www.closdecaille.com\/guide-bettanedesseauve-2025-nos-distinctions\/"},"wordCount":484,"publisher":{"@id":"https:\/\/www.closdecaille.com\/#organization"},"image":{"@id":"https:\/\/www.closdecaille.com\/guide-bettanedesseauve-2025-nos-distinctions\/#primaryimage"},"thumbnailUrl":"https:\/\/www.closdecaille.com\/wp-content\/uploads\/2024\/09\/SAMPI-CLOS-DE-CAILLE-NL-3.png","keywords":["Clarisse","distinctions","Domaine Clos de Caille","vin ros\u00e9","vin rouge"],"articleSection":["Presse"],"inLanguage":"en-GB"},{"@type":"WebPage","@id":"https:\/\/www.closdecaille.com\/guide-bettanedesseauve-2025-nos-distinctions\/","url":"https:\/\/www.closdecaille.com\/guide-bettanedesseauve-2025-nos-distinctions\/","name":"Bettane+Desseauve Guide 2025 \u2013 Our awards - Clos de Caille","isPartOf":{"@id":"https:\/\/www.closdecaille.com\/#website"},"primaryImageOfPage":{"@id":"https:\/\/www.closdecaille.com\/guide-bettanedesseauve-2025-nos-distinctions\/#primaryimage"},"image":{"@id":"https:\/\/www.closdecaille.com\/guide-bettanedesseauve-2025-nos-distinctions\/#primaryimage"},"thumbnailUrl":"https:\/\/www.closdecaille.com\/wp-content\/uploads\/2024\/09\/SAMPI-CLOS-DE-CAILLE-NL-3.png","datePublished":"2024-09-23T17:21:46+00:00","dateModified":"2025-12-09T08:42:51+00:00","description":"Provence wines distinguished by Bettane+Desseauve 2025 - Clos de Caille","breadcrumb":{"@id":"https:\/\/www.closdecaille.com\/guide-bettanedesseauve-2025-nos-distinctions\/#breadcrumb"},"inLanguage":"en-GB","potentialAction":[{"@type":"ReadAction","target":["https:\/\/www.closdecaille.com\/guide-bettanedesseauve-2025-nos-distinctions\/"]}]},{"@type":"ImageObject","inLanguage":"en-GB","@id":"https:\/\/www.closdecaille.com\/guide-bettanedesseauve-2025-nos-distinctions\/#primaryimage","url":"https:\/\/www.closdecaille.com\/wp-content\/uploads\/2024\/09\/SAMPI-CLOS-DE-CAILLE-NL-3.png","contentUrl":"https:\/\/www.closdecaille.com\/wp-content\/uploads\/2024\/09\/SAMPI-CLOS-DE-CAILLE-NL-3.png","width":2000,"height":1600,"caption":"CLOS DE CAILLE awards"},{"@type":"BreadcrumbList","@id":"https:\/\/www.closdecaille.com\/guide-bettanedesseauve-2025-nos-distinctions\/#breadcrumb","itemListElement":[{"@type":"ListItem","position":1,"name":"Presse","item":"https:\/\/www.closdecaille.com\/category\/presse\/"},{"@type":"ListItem","position":2,"name":"Guide Bettane+Desseauve 2025 \u2013 Nos distinctions"}]},{"@type":"WebSite","@id":"https:\/\/www.closdecaille.com\/#website","url":"https:\/\/www.closdecaille.com\/","name":"Clos de Caille","description":"C\u00f4tes de Provence AOP wines","publisher":{"@id":"https:\/\/www.closdecaille.com\/#organization"},"potentialAction":[{"@type":"SearchAction","target":{"@type":"EntryPoint","urlTemplate":"https:\/\/www.closdecaille.com\/?s={search_term_string}"},"query-input":{"@type":"PropertyValueSpecification","valueRequired":true,"valueName":"search_term_string"}}],"inLanguage":"en-GB"},{"@type":"Organization","@id":"https:\/\/www.closdecaille.com\/#organization","name":"Clos de Caille","url":"https:\/\/www.closdecaille.com\/","logo":{"@type":"ImageObject","inLanguage":"en-GB","@id":"https:\/\/www.closdecaille.com\/#\/schema\/logo\/image\/","url":"https:\/\/www.closdecaille.com\/wp-content\/uploads\/2023\/07\/favicon-2023.png","contentUrl":"https:\/\/www.closdecaille.com\/wp-content\/uploads\/2023\/07\/favicon-2023.png","width":600,"height":600,"caption":"Clos de Caille"},"image":{"@id":"https:\/\/www.closdecaille.com\/#\/schema\/logo\/image\/"}},{"@type":"Person","@id":"https:\/\/www.closdecaille.com\/#\/schema\/person\/183ec33b0abe209accdd35f1ba15b586","name":"Julie Fleisch","image":{"@type":"ImageObject","inLanguage":"en-GB","@id":"https:\/\/www.closdecaille.com\/#\/schema\/person\/image\/","url":"https:\/\/secure.gravatar.com\/avatar\/bffc10faa760f5f1f08f454e79e3342f047898af28fb87e9eec6b7842f516e2a?s=96&d=mm&r=g","contentUrl":"https:\/\/secure.gravatar.com\/avatar\/bffc10faa760f5f1f08f454e79e3342f047898af28fb87e9eec6b7842f516e2a?s=96&d=mm&r=g","caption":"Julie Fleisch"}}]}},"_links":{"self":[{"href":"https:\/\/www.closdecaille.com\/en\/wp-json\/wp\/v2\/posts\/3511","targetHints":{"allow":["GET"]}}],"collection":[{"href":"https:\/\/www.closdecaille.com\/en\/wp-json\/wp\/v2\/posts"}],"about":[{"href":"https:\/\/www.closdecaille.com\/en\/wp-json\/wp\/v2\/types\/post"}],"author":[{"embeddable":true,"href":"https:\/\/www.closdecaille.com\/en\/wp-json\/wp\/v2\/users\/10"}],"replies":[{"embeddable":true,"href":"https:\/\/www.closdecaille.com\/en\/wp-json\/wp\/v2\/comments?post=3511"}],"version-history":[{"count":8,"href":"https:\/\/www.closdecaille.com\/en\/wp-json\/wp\/v2\/posts\/3511\/revisions"}],"predecessor-version":[{"id":5324,"href":"https:\/\/www.closdecaille.com\/en\/wp-json\/wp\/v2\/posts\/3511\/revisions\/5324"}],"wp:featuredmedia":[{"embeddable":true,"href":"https:\/\/www.closdecaille.com\/en\/wp-json\/wp\/v2\/media\/3528"}],"wp:attachment":[{"href":"https:\/\/www.closdecaille.com\/en\/wp-json\/wp\/v2\/media?parent=3511"}],"wp:term":[{"taxonomy":"category","embeddable":true,"href":"https:\/\/www.closdecaille.com\/en\/wp-json\/wp\/v2\/categories?post=3511"},{"taxonomy":"post_tag","embeddable":true,"href":"https:\/\/www.closdecaille.com\/en\/wp-json\/wp\/v2\/tags?post=3511"}],"curies":[{"name":"wp","href":"https:\/\/api.w.org\/{rel}","templated":true}]}}