{"id":2341,"date":"2023-09-18T16:43:43","date_gmt":"2023-09-18T14:43:43","guid":{"rendered":"https:\/\/www.closdecaille.com\/?p=2341"},"modified":"2025-12-09T09:32:40","modified_gmt":"2025-12-09T08:32:40","slug":"decanter-world-wine-awards-2023","status":"publish","type":"post","link":"https:\/\/www.closdecaille.com\/en\/decanter-world-wine-awards-2023\/","title":{"rendered":"Decanter World Wine Awards 2023"},"content":{"rendered":"<h2 style=\"text-align: center;\"><strong>The 2022 Clos de Caille wins Gold Medal at the prestigious Decanter World Wine Awards with a score of 95\/100.<\/strong><\/h2>\n<p style=\"text-align: center;\">After the <strong>Platinum Medal<\/strong> (97 out of 100) received by the <strong>Clos de Caille \u00abClarisse\u00bb 2021<\/strong><strong>\u00a0Voted best ros\u00e9 in the world at the Decanter World Wine Awards 2022<\/strong>, the <strong>Clos de Caille 2022 was awarded a Gold Medal and a score of 95 out of 100 at the Decanter World Wine Awards 2023.<\/strong>.<\/p>\n<p style=\"text-align: center;\">Two <strong>superb successive recognitions<\/strong> for <strong>the first two vintages of Clos de Caille<\/strong> which mark the rebirth of <strong>this exceptional area<\/strong>.<\/p>\n<p style=\"text-align: center;\"><strong>Elegance, refinement and character.<\/strong><\/p>\n<p style=\"text-align: center;\">Nose on the <strong>exotic fruits<\/strong>, lychee, mango, a <strong>lovely flavour on the palate<\/strong>, <strong>beautiful harmony<\/strong> with a <strong>eminent solar volume<\/strong>, mild spices <strong>which will go together perfectly<\/strong> on ceviche and <strong>fish and shellfish tartares<\/strong>.<\/p>","protected":false},"excerpt":{"rendered":"<p>Le Clos de Caille 2022 obtient la M\u00e9daille d\u2019Or aux prestigieux Decanter World Wine Awards avec une note de 95\/100. Apr\u00e8s la M\u00e9daille de Platine (97 sur 100) re\u00e7ue par le Clos de Caille \u00ab\u00a0Clarisse\u00a0\u00bb 2021\u00a0\u00e9lu meilleur ros\u00e9 du monde aux Decanter World Wine Awards 2022, le Clos de Caille 2022 a \u00e9t\u00e9 r\u00e9compens\u00e9 par [&hellip;]<\/p>\n","protected":false},"author":10,"featured_media":1902,"comment_status":"closed","ping_status":"closed","sticky":false,"template":"","format":"standard","meta":{"_acf_changed":false,"_mo_disable_npp":"","footnotes":""},"categories":[117],"tags":[],"class_list":["post-2341","post","type-post","status-publish","format-standard","has-post-thumbnail","hentry","category-presse"],"acf":[],"yoast_head":"<!-- This site is optimized with the Yoast SEO plugin v27.0 - https:\/\/yoast.com\/product\/yoast-seo-wordpress\/ -->\n<title>Decanter World Wine Awards 2023 - Clos de Caille<\/title>\n<meta name=\"description\" content=\"Decanter World Wine Awards 2023 - Clos de Caille\" \/>\n<meta name=\"robots\" content=\"index, follow, max-snippet:-1, max-image-preview:large, max-video-preview:-1\" \/>\n<link rel=\"canonical\" href=\"https:\/\/www.closdecaille.com\/en\/decanter-world-wine-awards-2023\/\" \/>\n<meta property=\"og:locale\" content=\"en_GB\" \/>\n<meta property=\"og:type\" content=\"article\" \/>\n<meta property=\"og:title\" content=\"Decanter World Wine Awards 2023 - Clos de Caille\" \/>\n<meta property=\"og:description\" content=\"Decanter World Wine Awards 2023 - Clos de Caille\" \/>\n<meta property=\"og:url\" content=\"https:\/\/www.closdecaille.com\/en\/decanter-world-wine-awards-2023\/\" \/>\n<meta property=\"og:site_name\" content=\"Clos de Caille\" \/>\n<meta property=\"article:published_time\" content=\"2023-09-18T14:43:43+00:00\" \/>\n<meta property=\"article:modified_time\" content=\"2025-12-09T08:32:40+00:00\" \/>\n<meta property=\"og:image\" content=\"https:\/\/www.closdecaille.com\/wp-content\/uploads\/2022\/02\/Nos-Vins-scaled.jpg\" \/>\n\t<meta property=\"og:image:width\" content=\"2560\" \/>\n\t<meta property=\"og:image:height\" content=\"1707\" \/>\n\t<meta property=\"og:image:type\" content=\"image\/jpeg\" \/>\n<meta name=\"author\" content=\"Julie Fleisch\" \/>\n<meta name=\"twitter:label1\" content=\"Written by\" \/>\n\t<meta name=\"twitter:data1\" content=\"Julie Fleisch\" \/>\n\t<meta name=\"twitter:label2\" content=\"Estimated reading time\" \/>\n\t<meta name=\"twitter:data2\" content=\"1 minute\" \/>\n<script type=\"application\/ld+json\" class=\"yoast-schema-graph\">{\"@context\":\"https:\/\/schema.org\",\"@graph\":[{\"@type\":\"Article\",\"@id\":\"https:\/\/www.closdecaille.com\/decanter-world-wine-awards-2023\/#article\",\"isPartOf\":{\"@id\":\"https:\/\/www.closdecaille.com\/decanter-world-wine-awards-2023\/\"},\"author\":{\"name\":\"Julie Fleisch\",\"@id\":\"https:\/\/www.closdecaille.com\/#\/schema\/person\/183ec33b0abe209accdd35f1ba15b586\"},\"headline\":\"Decanter World Wine Awards 2023\",\"datePublished\":\"2023-09-18T14:43:43+00:00\",\"dateModified\":\"2025-12-09T08:32:40+00:00\",\"mainEntityOfPage\":{\"@id\":\"https:\/\/www.closdecaille.com\/decanter-world-wine-awards-2023\/\"},\"wordCount\":142,\"publisher\":{\"@id\":\"https:\/\/www.closdecaille.com\/#organization\"},\"image\":{\"@id\":\"https:\/\/www.closdecaille.com\/decanter-world-wine-awards-2023\/#primaryimage\"},\"thumbnailUrl\":\"https:\/\/www.closdecaille.com\/wp-content\/uploads\/2022\/02\/Nos-Vins-scaled.jpg\",\"articleSection\":[\"Presse\"],\"inLanguage\":\"en-GB\"},{\"@type\":\"WebPage\",\"@id\":\"https:\/\/www.closdecaille.com\/decanter-world-wine-awards-2023\/\",\"url\":\"https:\/\/www.closdecaille.com\/decanter-world-wine-awards-2023\/\",\"name\":\"Decanter World Wine Awards 2023 - Clos de Caille\",\"isPartOf\":{\"@id\":\"https:\/\/www.closdecaille.com\/#website\"},\"primaryImageOfPage\":{\"@id\":\"https:\/\/www.closdecaille.com\/decanter-world-wine-awards-2023\/#primaryimage\"},\"image\":{\"@id\":\"https:\/\/www.closdecaille.com\/decanter-world-wine-awards-2023\/#primaryimage\"},\"thumbnailUrl\":\"https:\/\/www.closdecaille.com\/wp-content\/uploads\/2022\/02\/Nos-Vins-scaled.jpg\",\"datePublished\":\"2023-09-18T14:43:43+00:00\",\"dateModified\":\"2025-12-09T08:32:40+00:00\",\"description\":\"Decanter World Wine Awards 2023 - Clos de Caille\",\"breadcrumb\":{\"@id\":\"https:\/\/www.closdecaille.com\/decanter-world-wine-awards-2023\/#breadcrumb\"},\"inLanguage\":\"en-GB\",\"potentialAction\":[{\"@type\":\"ReadAction\",\"target\":[\"https:\/\/www.closdecaille.com\/decanter-world-wine-awards-2023\/\"]}]},{\"@type\":\"ImageObject\",\"inLanguage\":\"en-GB\",\"@id\":\"https:\/\/www.closdecaille.com\/decanter-world-wine-awards-2023\/#primaryimage\",\"url\":\"https:\/\/www.closdecaille.com\/wp-content\/uploads\/2022\/02\/Nos-Vins-scaled.jpg\",\"contentUrl\":\"https:\/\/www.closdecaille.com\/wp-content\/uploads\/2022\/02\/Nos-Vins-scaled.jpg\",\"width\":2560,\"height\":1707},{\"@type\":\"BreadcrumbList\",\"@id\":\"https:\/\/www.closdecaille.com\/decanter-world-wine-awards-2023\/#breadcrumb\",\"itemListElement\":[{\"@type\":\"ListItem\",\"position\":1,\"name\":\"Presse\",\"item\":\"https:\/\/www.closdecaille.com\/category\/presse\/\"},{\"@type\":\"ListItem\",\"position\":2,\"name\":\"Decanter World Wine Awards 2023\"}]},{\"@type\":\"WebSite\",\"@id\":\"https:\/\/www.closdecaille.com\/#website\",\"url\":\"https:\/\/www.closdecaille.com\/\",\"name\":\"Clos de Caille\",\"description\":\"Vins AOP C\u00f4tes de Provence\",\"publisher\":{\"@id\":\"https:\/\/www.closdecaille.com\/#organization\"},\"potentialAction\":[{\"@type\":\"SearchAction\",\"target\":{\"@type\":\"EntryPoint\",\"urlTemplate\":\"https:\/\/www.closdecaille.com\/?s={search_term_string}\"},\"query-input\":{\"@type\":\"PropertyValueSpecification\",\"valueRequired\":true,\"valueName\":\"search_term_string\"}}],\"inLanguage\":\"en-GB\"},{\"@type\":\"Organization\",\"@id\":\"https:\/\/www.closdecaille.com\/#organization\",\"name\":\"Clos de Caille\",\"url\":\"https:\/\/www.closdecaille.com\/\",\"logo\":{\"@type\":\"ImageObject\",\"inLanguage\":\"en-GB\",\"@id\":\"https:\/\/www.closdecaille.com\/#\/schema\/logo\/image\/\",\"url\":\"https:\/\/www.closdecaille.com\/wp-content\/uploads\/2023\/07\/favicon-2023.png\",\"contentUrl\":\"https:\/\/www.closdecaille.com\/wp-content\/uploads\/2023\/07\/favicon-2023.png\",\"width\":600,\"height\":600,\"caption\":\"Clos de Caille\"},\"image\":{\"@id\":\"https:\/\/www.closdecaille.com\/#\/schema\/logo\/image\/\"}},{\"@type\":\"Person\",\"@id\":\"https:\/\/www.closdecaille.com\/#\/schema\/person\/183ec33b0abe209accdd35f1ba15b586\",\"name\":\"Julie Fleisch\",\"image\":{\"@type\":\"ImageObject\",\"inLanguage\":\"en-GB\",\"@id\":\"https:\/\/www.closdecaille.com\/#\/schema\/person\/image\/\",\"url\":\"https:\/\/secure.gravatar.com\/avatar\/bffc10faa760f5f1f08f454e79e3342f047898af28fb87e9eec6b7842f516e2a?s=96&d=mm&r=g\",\"contentUrl\":\"https:\/\/secure.gravatar.com\/avatar\/bffc10faa760f5f1f08f454e79e3342f047898af28fb87e9eec6b7842f516e2a?s=96&d=mm&r=g\",\"caption\":\"Julie Fleisch\"}}]}<\/script>\n<!-- \/ Yoast SEO plugin. -->","yoast_head_json":{"title":"Decanter World Wine Awards 2023 - Clos de Caille","description":"Decanter World Wine Awards 2023 - Clos de Caille","robots":{"index":"index","follow":"follow","max-snippet":"max-snippet:-1","max-image-preview":"max-image-preview:large","max-video-preview":"max-video-preview:-1"},"canonical":"https:\/\/www.closdecaille.com\/en\/decanter-world-wine-awards-2023\/","og_locale":"en_GB","og_type":"article","og_title":"Decanter World Wine Awards 2023 - Clos de Caille","og_description":"Decanter World Wine Awards 2023 - Clos de Caille","og_url":"https:\/\/www.closdecaille.com\/en\/decanter-world-wine-awards-2023\/","og_site_name":"Clos de Caille","article_published_time":"2023-09-18T14:43:43+00:00","article_modified_time":"2025-12-09T08:32:40+00:00","og_image":[{"width":2560,"height":1707,"url":"https:\/\/www.closdecaille.com\/wp-content\/uploads\/2022\/02\/Nos-Vins-scaled.jpg","type":"image\/jpeg"}],"author":"Julie Fleisch","twitter_misc":{"Written by":"Julie Fleisch","Estimated reading time":"1 minute"},"schema":{"@context":"https:\/\/schema.org","@graph":[{"@type":"Article","@id":"https:\/\/www.closdecaille.com\/decanter-world-wine-awards-2023\/#article","isPartOf":{"@id":"https:\/\/www.closdecaille.com\/decanter-world-wine-awards-2023\/"},"author":{"name":"Julie Fleisch","@id":"https:\/\/www.closdecaille.com\/#\/schema\/person\/183ec33b0abe209accdd35f1ba15b586"},"headline":"Decanter World Wine Awards 2023","datePublished":"2023-09-18T14:43:43+00:00","dateModified":"2025-12-09T08:32:40+00:00","mainEntityOfPage":{"@id":"https:\/\/www.closdecaille.com\/decanter-world-wine-awards-2023\/"},"wordCount":142,"publisher":{"@id":"https:\/\/www.closdecaille.com\/#organization"},"image":{"@id":"https:\/\/www.closdecaille.com\/decanter-world-wine-awards-2023\/#primaryimage"},"thumbnailUrl":"https:\/\/www.closdecaille.com\/wp-content\/uploads\/2022\/02\/Nos-Vins-scaled.jpg","articleSection":["Presse"],"inLanguage":"en-GB"},{"@type":"WebPage","@id":"https:\/\/www.closdecaille.com\/decanter-world-wine-awards-2023\/","url":"https:\/\/www.closdecaille.com\/decanter-world-wine-awards-2023\/","name":"Decanter World Wine Awards 2023 - Clos de Caille","isPartOf":{"@id":"https:\/\/www.closdecaille.com\/#website"},"primaryImageOfPage":{"@id":"https:\/\/www.closdecaille.com\/decanter-world-wine-awards-2023\/#primaryimage"},"image":{"@id":"https:\/\/www.closdecaille.com\/decanter-world-wine-awards-2023\/#primaryimage"},"thumbnailUrl":"https:\/\/www.closdecaille.com\/wp-content\/uploads\/2022\/02\/Nos-Vins-scaled.jpg","datePublished":"2023-09-18T14:43:43+00:00","dateModified":"2025-12-09T08:32:40+00:00","description":"Decanter World Wine Awards 2023 - Clos de Caille","breadcrumb":{"@id":"https:\/\/www.closdecaille.com\/decanter-world-wine-awards-2023\/#breadcrumb"},"inLanguage":"en-GB","potentialAction":[{"@type":"ReadAction","target":["https:\/\/www.closdecaille.com\/decanter-world-wine-awards-2023\/"]}]},{"@type":"ImageObject","inLanguage":"en-GB","@id":"https:\/\/www.closdecaille.com\/decanter-world-wine-awards-2023\/#primaryimage","url":"https:\/\/www.closdecaille.com\/wp-content\/uploads\/2022\/02\/Nos-Vins-scaled.jpg","contentUrl":"https:\/\/www.closdecaille.com\/wp-content\/uploads\/2022\/02\/Nos-Vins-scaled.jpg","width":2560,"height":1707},{"@type":"BreadcrumbList","@id":"https:\/\/www.closdecaille.com\/decanter-world-wine-awards-2023\/#breadcrumb","itemListElement":[{"@type":"ListItem","position":1,"name":"Presse","item":"https:\/\/www.closdecaille.com\/category\/presse\/"},{"@type":"ListItem","position":2,"name":"Decanter World Wine Awards 2023"}]},{"@type":"WebSite","@id":"https:\/\/www.closdecaille.com\/#website","url":"https:\/\/www.closdecaille.com\/","name":"Clos de Caille","description":"C\u00f4tes de Provence AOP wines","publisher":{"@id":"https:\/\/www.closdecaille.com\/#organization"},"potentialAction":[{"@type":"SearchAction","target":{"@type":"EntryPoint","urlTemplate":"https:\/\/www.closdecaille.com\/?s={search_term_string}"},"query-input":{"@type":"PropertyValueSpecification","valueRequired":true,"valueName":"search_term_string"}}],"inLanguage":"en-GB"},{"@type":"Organization","@id":"https:\/\/www.closdecaille.com\/#organization","name":"Clos de Caille","url":"https:\/\/www.closdecaille.com\/","logo":{"@type":"ImageObject","inLanguage":"en-GB","@id":"https:\/\/www.closdecaille.com\/#\/schema\/logo\/image\/","url":"https:\/\/www.closdecaille.com\/wp-content\/uploads\/2023\/07\/favicon-2023.png","contentUrl":"https:\/\/www.closdecaille.com\/wp-content\/uploads\/2023\/07\/favicon-2023.png","width":600,"height":600,"caption":"Clos de Caille"},"image":{"@id":"https:\/\/www.closdecaille.com\/#\/schema\/logo\/image\/"}},{"@type":"Person","@id":"https:\/\/www.closdecaille.com\/#\/schema\/person\/183ec33b0abe209accdd35f1ba15b586","name":"Julie Fleisch","image":{"@type":"ImageObject","inLanguage":"en-GB","@id":"https:\/\/www.closdecaille.com\/#\/schema\/person\/image\/","url":"https:\/\/secure.gravatar.com\/avatar\/bffc10faa760f5f1f08f454e79e3342f047898af28fb87e9eec6b7842f516e2a?s=96&d=mm&r=g","contentUrl":"https:\/\/secure.gravatar.com\/avatar\/bffc10faa760f5f1f08f454e79e3342f047898af28fb87e9eec6b7842f516e2a?s=96&d=mm&r=g","caption":"Julie Fleisch"}}]}},"_links":{"self":[{"href":"https:\/\/www.closdecaille.com\/en\/wp-json\/wp\/v2\/posts\/2341","targetHints":{"allow":["GET"]}}],"collection":[{"href":"https:\/\/www.closdecaille.com\/en\/wp-json\/wp\/v2\/posts"}],"about":[{"href":"https:\/\/www.closdecaille.com\/en\/wp-json\/wp\/v2\/types\/post"}],"author":[{"embeddable":true,"href":"https:\/\/www.closdecaille.com\/en\/wp-json\/wp\/v2\/users\/10"}],"replies":[{"embeddable":true,"href":"https:\/\/www.closdecaille.com\/en\/wp-json\/wp\/v2\/comments?post=2341"}],"version-history":[{"count":6,"href":"https:\/\/www.closdecaille.com\/en\/wp-json\/wp\/v2\/posts\/2341\/revisions"}],"predecessor-version":[{"id":5341,"href":"https:\/\/www.closdecaille.com\/en\/wp-json\/wp\/v2\/posts\/2341\/revisions\/5341"}],"wp:featuredmedia":[{"embeddable":true,"href":"https:\/\/www.closdecaille.com\/en\/wp-json\/wp\/v2\/media\/1902"}],"wp:attachment":[{"href":"https:\/\/www.closdecaille.com\/en\/wp-json\/wp\/v2\/media?parent=2341"}],"wp:term":[{"taxonomy":"category","embeddable":true,"href":"https:\/\/www.closdecaille.com\/en\/wp-json\/wp\/v2\/categories?post=2341"},{"taxonomy":"post_tag","embeddable":true,"href":"https:\/\/www.closdecaille.com\/en\/wp-json\/wp\/v2\/tags?post=2341"}],"curies":[{"name":"wp","href":"https:\/\/api.w.org\/{rel}","templated":true}]}}