{"id":7313,"date":"2026-08-31T11:45:54","date_gmt":"2026-08-31T09:45:54","guid":{"rendered":"https:\/\/www.closdecaille.com\/?p=7313"},"modified":"2026-08-25T11:55:56","modified_gmt":"2026-08-25T09:55:56","slug":"approche-parcellaire-vins-provence","status":"publish","type":"post","link":"https:\/\/www.closdecaille.com\/de\/approche-parcellaire-vins-provence\/","title":{"rendered":"Wie entsteht die Pr\u00e4zision eines gro\u00dfen Weins?"},"content":{"rendered":"<p class=\"has-text-align-left wp-block-paragraph\"><strong><em><strong><em>September \u2013 ein neues Kapitel auf der Domaine<\/em><\/strong><\/em><\/strong><\/p>\n\n\n\n<h1 class=\"wp-block-heading has-text-align-center\"><strong><u>40 Hektar, ein Mosaik aus Terroirs<\/u><\/strong><\/h1>\n\n\n\n<p class=\"wp-block-paragraph\">Bei Clos de Caille entsteht jeder Jahrgang zun\u00e4chst im Weinberg. Auf unseren <strong>40 Hektar Weinberge mit Bio-Zertifizierung<\/strong>, arbeiten wir nach einem pr\u00e4zisen, parzellenbezogenen Ansatz, bei dem wir die Bodenbeschaffenheit, die Lage, die Wuchskraft der Rebst\u00f6cke und die Entwicklung jeder Rebsorte ber\u00fccksichtigen.<\/p>\n\n\n\n<p class=\"wp-block-paragraph\">Jede Parzelle <strong>wird separat vinifiziert und ausgebaut<\/strong>, unter Ber\u00fccksichtigung dessen, was sie von Natur aus zum Ausdruck bringt. Wir begleiten jede Charge entsprechend ihrem Profil, ihrer Beschaffenheit und ihrer Ausgewogenheit, bevor wir sie bei der Assemblage pr\u00e4zise miteinander vereinen. Dieser Ansatz erm\u00f6glicht es uns, <strong>ausgewogene und charakteristische Kompositionen<\/strong>, so nah wie m\u00f6glich am Ausdruck des Terroirs.<\/p>\n\n\n\n<h2 class=\"wp-block-heading\"><strong>Weinbau auf h\u00f6chstem Niveau<\/strong><\/h2>\n\n\n\n<p class=\"wp-block-paragraph\">In der Provence verleihen das Licht und das Klima den Weinbergen eine besondere Energie, doch die Identit\u00e4t des Weins entscheidet sich durch die Pr\u00e4zision der t\u00e4glichen Arbeit.<\/p>\n\n\n\n<p class=\"wp-block-paragraph\">Wir sind bestrebt, das nat\u00fcrliche Gleichgewicht der Rebfl\u00e4chen zu bewahren, die Ertr\u00e4ge bei Bedarf zu begrenzen und jede Parzelle zu begleiten, ohne sie zu \u00fcberfordern. Dieser Anspruch setzt sich bis zur Lese fort, die sich nach dem Reifegrad richtet, der vor Ort festgestellt wird.<\/p>\n\n\n\n<figure class=\"wp-block-image size-full\"><img fetchpriority=\"high\" decoding=\"async\" width=\"945\" height=\"756\" src=\"https:\/\/www.closdecaille.com\/wp-content\/uploads\/2026\/08\/sampi-clos-de-caille-nl-1-2.gif\" alt=\"\" class=\"wp-image-7325\"\/><\/figure>\n\n\n\n<h4 class=\"wp-block-heading\"><a href=\"https:\/\/www.closdecaille.com\/de\/notre-domaine\/\" data-type=\"page\" data-id=\"6093\">Das Weingut<\/a><\/h4>\n\n\n\n<p class=\"wp-block-paragraph\"><strong>Die Weinlese ist also nicht der Ausgangspunkt, sondern das Ergebnis monatelanger Entscheidungen, die im Weinberg getroffen wurden<\/strong>.<\/p>\n\n\n\n<p class=\"wp-block-paragraph\">Nach der Lese gelangen die Trauben in unsere <strong>Weinkeller mit teilweiser Schwerkraftzufuhr<\/strong>, wo sich die im Weinberg geleistete Arbeit auf den einzelnen Parzellen fortsetzt. <strong>Jede Parzelle wird separat in einem eigenen G\u00e4rbeh\u00e4lter vinifiziert.<\/strong>, um seine Eigenschaften zu bewahren und seine Entwicklung genau zu verfolgen. Diese Kontinuit\u00e4t \u2013 vom Weinberg bis zum Weinkeller \u2013 bildet den Kern unseres Know-hows: <strong>die Einzigartigkeit unserer Terroirs treffend zum Ausdruck bringen<\/strong>, ohne dabei ihre Identit\u00e4t zu verlieren.<\/p>\n\n\n\n<p class=\"wp-block-paragraph\">Anfang September, w\u00e4hrend die Weinlese sich dem Ende zuneigt, <strong>Im Weinkeller schl\u00e4gt ein neues Kapitel auf<\/strong>. Nach mehrmonatiger Arbeit im Weinberg beginnt die Weinbereitung unter der Aufsicht unseres \u00d6nologen, <strong>Matthieu Cosse<\/strong>. Nach und nach nimmt der Jahrgang Gestalt an und offenbart den Einfluss der B\u00f6den, die Ausgewogenheit des Jahres und die Pers\u00f6nlichkeit jeder einzelnen Parzelle.<\/p>\n\n\n\n<p class=\"wp-block-paragraph\"><em>\u00ab <em><em>Unsere Aufgabe besteht nicht darin, alle Parzellen mit einer einzigen Stimme sprechen zu lassen. Vielmehr geht es darum, zu verstehen, was jede einzelne beitr\u00e4gt \u2013 Frische, Substanz, Spannung, Brillanz \u2013 und dann einen Wein zu kreieren, der diese Vielfalt respektiert. So entsteht Jahrgang f\u00fcr Jahrgang die Handschrift des Clos de Caille.<\/em><\/em><\/em> <em>\u00bb<\/em> <em>\u2014 Matthieu Cosse<\/em><\/p>\n\n\n\n<h2 class=\"wp-block-heading\"><strong>Das Profil eines gro\u00dfen Weins<\/strong><\/h2>\n\n\n\n<p class=\"wp-block-paragraph\">Auf den <strong>40 Hektar Rebfl\u00e4che<\/strong>, keine Parzelle gleicht der anderen ganz. B\u00f6den, Lagen, Rebsorten, Reifegrade: Jede Parzelle hat ihre eigene Beschaffenheit, ihr eigenes Relief, ihren eigenen Ausdruck. Ganz wie in einem Haute-Couture-Atelier beobachten wir sie, bearbeiten sie und keltern sie getrennt voneinander, mit dem Ziel, ihre Einzigartigkeit hervorzuheben, anstatt sie zu vereinheitlichen.<\/p>\n\n\n\n<p class=\"wp-block-paragraph\">Die Karte des Weinbaugebiets wird dann fast zu einem <strong>Chef<\/strong> : ein Zusammenspiel aus Linien, Texturen und Nuancen, das sich durch die parzellenweise Bearbeitung pr\u00e4zise erkennen l\u00e4sst.<\/p>\n\n\n\n<p class=\"wp-block-paragraph\">Der Zusammenbau erfolgt dann als letzter Schritt: <strong>diese Ausdr\u00fccke treffend miteinander zu verbinden, um ausdrucksstarke und raffinierte Weine zu kreieren<\/strong>, getreu ihren Wurzeln. Ein Ansatz, bei dem das Terroir nicht nur ein Ort ist, sondern eine lebendige Substanz, die es zu interpretieren gilt.<\/p>\n\n\n\n<figure class=\"wp-block-image size-large\"><img decoding=\"async\" width=\"1024\" height=\"768\" src=\"https:\/\/www.closdecaille.com\/wp-content\/uploads\/2026\/08\/chatgpt-image-5-aout-2026-12_36_27-1024x768.png\" alt=\"Cartographie vignoble\" class=\"wp-image-7306\" srcset=\"https:\/\/www.closdecaille.com\/wp-content\/uploads\/2026\/08\/chatgpt-image-5-aout-2026-12_36_27-1024x768.png 1024w, https:\/\/www.closdecaille.com\/wp-content\/uploads\/2026\/08\/chatgpt-image-5-aout-2026-12_36_27-300x225.png 300w, https:\/\/www.closdecaille.com\/wp-content\/uploads\/2026\/08\/chatgpt-image-5-aout-2026-12_36_27-768x576.png 768w, https:\/\/www.closdecaille.com\/wp-content\/uploads\/2026\/08\/chatgpt-image-5-aout-2026-12_36_27-16x12.png 16w, https:\/\/www.closdecaille.com\/wp-content\/uploads\/2026\/08\/chatgpt-image-5-aout-2026-12_36_27.png 1448w\" sizes=\"(max-width: 1024px) 100vw, 1024px\" \/><figcaption class=\"wp-element-caption\">Karte der Weinberge<\/figcaption><\/figure>\n\n\n\n<p class=\"wp-block-paragraph\"><\/p>\n\n\n\n<h4 class=\"wp-block-heading\"><a href=\"https:\/\/www.closdecaille.com\/de\/boutique\/\" data-type=\"page\" data-id=\"1431\">Entdecken Sie unsere HAUTE COUTURE-Weine aus der Provence<\/a><\/h4>\n\n\n\n<p class=\"wp-block-paragraph\"><em>Ab einem Einkaufswert von 150 \u20ac ist der Versand in Frankreich und Monaco kostenlos.<\/em><br><em>Lieferung innerhalb von 3 Werktagen in einer sicheren und verst\u00e4rkten Verpackung.<\/em><\/p>\n\n\n\n<p class=\"wp-block-paragraph\"><\/p>\n\n\n\n<p class=\"wp-block-paragraph\"><\/p>\n\n\n\n<p class=\"wp-block-paragraph\"><\/p>\n\n\n\n<p class=\"has-text-align-center wp-block-paragraph\">_______________________________<\/p>\n\n\n\n<h2 class=\"wp-block-heading has-text-align-center\"><strong>DAS TAGESBLATT VON CLOS<br><\/strong><strong>\ud83d\uddde\ufe0f<\/strong><\/h2>\n\n\n\n<h3 class=\"wp-block-heading has-text-align-center\"><strong><strong>Neue Demi-Muids f\u00fcr unsere \u201eBlancs 2026\u201c<\/strong><\/strong><\/h3>\n\n\n\n<p class=\"wp-block-paragraph\">Im Weinkeller stehen nun neue Demi-Muids bereit, in denen unser Wei\u00dfwein 2026 reifen und die bei der Herstellung von \u2018Clos de Caille \u2019Lucis\u2019\u201c, unserem Spitzenwei\u00dfwein, zum Einsatz kommen sollen.<\/p>\n\n\n\n<p class=\"wp-block-paragraph\">Da Demi-Muids ein gr\u00f6\u00dferes Fassungsverm\u00f6gen als ein klassisches Barrique haben, erm\u00f6glichen sie einen zur\u00fcckhaltenderen Ausbau mit einem geringeren Holz-Wein-Verh\u00e4ltnis. Das Ziel besteht nicht darin, dem Wein einen ausgepr\u00e4gten Charakter zu verleihen, sondern ihn zu begleiten, indem seine Entwicklung gef\u00f6rdert wird und gleichzeitig die Reinheit der Frucht und die aromatische Finesse erhalten bleiben.<\/p>\n\n\n\n<p class=\"wp-block-paragraph\">Diese Entscheidung hinsichtlich des Ausbaus steht ganz im Zeichen unseres Strebens nach Ausgewogenheit. Das Holz dient dabei als Gestaltungsmittel: Es kann dazu beitragen, das Weinbild zu verfeinern, Tiefe zu verleihen und die Textur des Weins zu unterstreichen, w\u00e4hrend es gleichzeitig die Identit\u00e4t des Jahrgangs und des Terroirs zur Geltung kommen l\u00e4sst.<\/p>\n\n\n\n<p class=\"wp-block-paragraph\">Sie kommen somit mit einer ganz bestimmten Aufgabe in unseren Weinkeller: <strong>den Ausdruck unserer Wei\u00dfen gestalten<\/strong>, indem man dieses Gleichgewicht zwischen <strong>Spannung, F\u00fclle und Eleganz<\/strong>, das Markenzeichen unserer Cuv\u00e9es.<\/p>\n\n\n\n<p class=\"wp-block-paragraph\"><\/p>\n\n\n\n<figure class=\"wp-block-image size-full is-resized\"><img decoding=\"async\" width=\"810\" height=\"810\" src=\"https:\/\/www.closdecaille.com\/wp-content\/uploads\/2026\/08\/sampi_clos-de-caille_press-ig-4.png\" alt=\"\" class=\"wp-image-7318\" style=\"width:800px\" srcset=\"https:\/\/www.closdecaille.com\/wp-content\/uploads\/2026\/08\/sampi_clos-de-caille_press-ig-4.png 810w, https:\/\/www.closdecaille.com\/wp-content\/uploads\/2026\/08\/sampi_clos-de-caille_press-ig-4-300x300.png 300w, https:\/\/www.closdecaille.com\/wp-content\/uploads\/2026\/08\/sampi_clos-de-caille_press-ig-4-150x150.png 150w, https:\/\/www.closdecaille.com\/wp-content\/uploads\/2026\/08\/sampi_clos-de-caille_press-ig-4-768x768.png 768w, https:\/\/www.closdecaille.com\/wp-content\/uploads\/2026\/08\/sampi_clos-de-caille_press-ig-4-12x12.png 12w, https:\/\/www.closdecaille.com\/wp-content\/uploads\/2026\/08\/sampi_clos-de-caille_press-ig-4-100x100.png 100w\" sizes=\"(max-width: 810px) 100vw, 810px\" \/><\/figure>\n\n\n\n<p class=\"wp-block-paragraph\"><\/p>\n\n\n\n<p class=\"wp-block-paragraph\">\u2014<\/p>\n\n\n\n<h3 class=\"wp-block-heading has-text-align-center\"><strong>IHR PERS\u00d6NLICHER TERMIN<\/strong><\/h3>\n\n\n\n<p class=\"has-text-align-center wp-block-paragraph\">Da es uns am Herzen liegt, unseren Kunden ein einzigartiges Erlebnis zu bieten, laden wir Sie ein, einen Termin mit einem unserer Botschafter zu vereinbaren, der Ihnen gerne alle Fragen beantwortet und die Vertriebsbedingungen mit Ihnen bespricht.<\/p>\n\n\n\n<h4 class=\"wp-block-heading has-text-align-center\"><a href=\"mailto:info@closdecaille.com\">Wenden Sie sich an unseren Kundenservice<\/a><\/h4>\n\n\n\n<p class=\"wp-block-paragraph\"><\/p>","protected":false},"excerpt":{"rendered":"<p>Septembre, un nouveau chapitre au Domaine 40 HECTARES, UNE MOSA\u00cfQUE DE TERROIRS Au Clos de Caille, chaque mill\u00e9sime se construit d\u2019abord \u00e0 la vigne. Sur nos 40 hectares de vignoble certifi\u00e9s Agriculture Biologique, nous travaillons selon une approche parcellaire pr\u00e9cise, attentive \u00e0 la nature des sols, \u00e0 l\u2019exposition, \u00e0 la vigueur des ceps et \u00e0 [&hellip;]<\/p>\n","protected":false},"author":10,"featured_media":7314,"comment_status":"closed","ping_status":"closed","sticky":false,"template":"","format":"standard","meta":{"_acf_changed":false,"_mo_disable_npp":"","footnotes":""},"categories":[116],"tags":[],"class_list":["post-7313","post","type-post","status-publish","format-standard","has-post-thumbnail","hentry","category-domaine-du-clos-de-caille"],"acf":[],"yoast_head":"<!-- This site is optimized with the Yoast SEO plugin v28.0 - https:\/\/yoast.com\/product\/yoast-seo-wordpress\/ -->\n<title>Comment na\u00eet la pr\u00e9cision d\u2019un grand vin\u00a0?<\/title>\n<meta name=\"description\" content=\"Au Clos de Caille, d\u00e9couvrez comment notre approche parcellaire, de la vigne au chai, fa\u00e7onne des vins de Provence pr\u00e9cis, singuliers et identitaires.\" \/>\n<meta name=\"robots\" content=\"index, follow, max-snippet:-1, max-image-preview:large, max-video-preview:-1\" \/>\n<link rel=\"canonical\" href=\"https:\/\/www.closdecaille.com\/de\/approche-parcellaire-vins-provence\/\" \/>\n<meta property=\"og:locale\" content=\"de_DE\" \/>\n<meta property=\"og:type\" content=\"article\" \/>\n<meta property=\"og:title\" content=\"Comment na\u00eet la pr\u00e9cision d\u2019un grand vin\u00a0?\" \/>\n<meta property=\"og:description\" content=\"Au Clos de Caille, d\u00e9couvrez comment notre approche parcellaire, de la vigne au chai, fa\u00e7onne des vins de Provence pr\u00e9cis, singuliers et identitaires.\" \/>\n<meta property=\"og:url\" content=\"https:\/\/www.closdecaille.com\/de\/approche-parcellaire-vins-provence\/\" \/>\n<meta property=\"og:site_name\" content=\"Clos de Caille\" \/>\n<meta property=\"article:published_time\" content=\"2026-08-31T09:45:54+00:00\" \/>\n<meta property=\"og:image\" content=\"https:\/\/www.closdecaille.com\/wp-content\/uploads\/2026\/08\/sampi-clos-de-caille-header-cover-principal-1-1024x683.png\" \/>\n\t<meta property=\"og:image:width\" content=\"1024\" \/>\n\t<meta property=\"og:image:height\" content=\"683\" \/>\n\t<meta property=\"og:image:type\" content=\"image\/png\" \/>\n<meta name=\"author\" content=\"Julie Fleisch\" \/>\n<meta name=\"twitter:label1\" content=\"Verfasst von\" \/>\n\t<meta name=\"twitter:data1\" content=\"Julie Fleisch\" \/>\n\t<meta name=\"twitter:label2\" content=\"Gesch\u00e4tzte Lesezeit\" \/>\n\t<meta name=\"twitter:data2\" content=\"5\u00a0Minuten\" \/>\n<script type=\"application\/ld+json\" class=\"yoast-schema-graph\">{\"@context\":\"https:\\\/\\\/schema.org\",\"@graph\":[{\"@type\":\"Article\",\"@id\":\"https:\\\/\\\/www.closdecaille.com\\\/approche-parcellaire-vins-provence\\\/#article\",\"isPartOf\":{\"@id\":\"https:\\\/\\\/www.closdecaille.com\\\/approche-parcellaire-vins-provence\\\/\"},\"author\":{\"name\":\"Julie Fleisch\",\"@id\":\"https:\\\/\\\/www.closdecaille.com\\\/#\\\/schema\\\/person\\\/183ec33b0abe209accdd35f1ba15b586\"},\"headline\":\"Comment na\u00eet la pr\u00e9cision d\u2019un grand vin\u00a0?\",\"datePublished\":\"2026-08-31T09:45:54+00:00\",\"mainEntityOfPage\":{\"@id\":\"https:\\\/\\\/www.closdecaille.com\\\/approche-parcellaire-vins-provence\\\/\"},\"wordCount\":852,\"publisher\":{\"@id\":\"https:\\\/\\\/www.closdecaille.com\\\/#organization\"},\"image\":{\"@id\":\"https:\\\/\\\/www.closdecaille.com\\\/approche-parcellaire-vins-provence\\\/#primaryimage\"},\"thumbnailUrl\":\"https:\\\/\\\/www.closdecaille.com\\\/wp-content\\\/uploads\\\/2026\\\/08\\\/sampi-clos-de-caille-header-cover-principal-1.png\",\"articleSection\":[\"Clos de Caille\"],\"inLanguage\":\"de\"},{\"@type\":\"WebPage\",\"@id\":\"https:\\\/\\\/www.closdecaille.com\\\/approche-parcellaire-vins-provence\\\/\",\"url\":\"https:\\\/\\\/www.closdecaille.com\\\/approche-parcellaire-vins-provence\\\/\",\"name\":\"Comment na\u00eet la pr\u00e9cision d\u2019un grand vin\u00a0?\",\"isPartOf\":{\"@id\":\"https:\\\/\\\/www.closdecaille.com\\\/#website\"},\"primaryImageOfPage\":{\"@id\":\"https:\\\/\\\/www.closdecaille.com\\\/approche-parcellaire-vins-provence\\\/#primaryimage\"},\"image\":{\"@id\":\"https:\\\/\\\/www.closdecaille.com\\\/approche-parcellaire-vins-provence\\\/#primaryimage\"},\"thumbnailUrl\":\"https:\\\/\\\/www.closdecaille.com\\\/wp-content\\\/uploads\\\/2026\\\/08\\\/sampi-clos-de-caille-header-cover-principal-1.png\",\"datePublished\":\"2026-08-31T09:45:54+00:00\",\"description\":\"Au Clos de Caille, d\u00e9couvrez comment notre approche parcellaire, de la vigne au chai, fa\u00e7onne des vins de Provence pr\u00e9cis, singuliers et identitaires.\",\"breadcrumb\":{\"@id\":\"https:\\\/\\\/www.closdecaille.com\\\/approche-parcellaire-vins-provence\\\/#breadcrumb\"},\"inLanguage\":\"de\",\"potentialAction\":[{\"@type\":\"ReadAction\",\"target\":[\"https:\\\/\\\/www.closdecaille.com\\\/approche-parcellaire-vins-provence\\\/\"]}]},{\"@type\":\"ImageObject\",\"inLanguage\":\"de\",\"@id\":\"https:\\\/\\\/www.closdecaille.com\\\/approche-parcellaire-vins-provence\\\/#primaryimage\",\"url\":\"https:\\\/\\\/www.closdecaille.com\\\/wp-content\\\/uploads\\\/2026\\\/08\\\/sampi-clos-de-caille-header-cover-principal-1.png\",\"contentUrl\":\"https:\\\/\\\/www.closdecaille.com\\\/wp-content\\\/uploads\\\/2026\\\/08\\\/sampi-clos-de-caille-header-cover-principal-1.png\",\"width\":2560,\"height\":1707,\"caption\":\"Header blog vin Provence\"},{\"@type\":\"BreadcrumbList\",\"@id\":\"https:\\\/\\\/www.closdecaille.com\\\/approche-parcellaire-vins-provence\\\/#breadcrumb\",\"itemListElement\":[{\"@type\":\"ListItem\",\"position\":1,\"name\":\"Clos de Caille\",\"item\":\"https:\\\/\\\/www.closdecaille.com\\\/category\\\/domaine-du-clos-de-caille\\\/\"},{\"@type\":\"ListItem\",\"position\":2,\"name\":\"Comment na\u00eet la pr\u00e9cision d\u2019un grand vin\u00a0?\"}]},{\"@type\":\"WebSite\",\"@id\":\"https:\\\/\\\/www.closdecaille.com\\\/#website\",\"url\":\"https:\\\/\\\/www.closdecaille.com\\\/\",\"name\":\"Clos de Caille\",\"description\":\"Vins AOP C\u00f4tes de Provence\",\"publisher\":{\"@id\":\"https:\\\/\\\/www.closdecaille.com\\\/#organization\"},\"potentialAction\":[{\"@type\":\"SearchAction\",\"target\":{\"@type\":\"EntryPoint\",\"urlTemplate\":\"https:\\\/\\\/www.closdecaille.com\\\/?s={search_term_string}\"},\"query-input\":{\"@type\":\"PropertyValueSpecification\",\"valueRequired\":true,\"valueName\":\"search_term_string\"}}],\"inLanguage\":\"de\"},{\"@type\":\"Organization\",\"@id\":\"https:\\\/\\\/www.closdecaille.com\\\/#organization\",\"name\":\"Clos de Caille\",\"url\":\"https:\\\/\\\/www.closdecaille.com\\\/\",\"logo\":{\"@type\":\"ImageObject\",\"inLanguage\":\"de\",\"@id\":\"https:\\\/\\\/www.closdecaille.com\\\/#\\\/schema\\\/logo\\\/image\\\/\",\"url\":\"https:\\\/\\\/www.closdecaille.com\\\/wp-content\\\/uploads\\\/2023\\\/07\\\/favicon-2023.png\",\"contentUrl\":\"https:\\\/\\\/www.closdecaille.com\\\/wp-content\\\/uploads\\\/2023\\\/07\\\/favicon-2023.png\",\"width\":600,\"height\":600,\"caption\":\"Clos de Caille\"},\"image\":{\"@id\":\"https:\\\/\\\/www.closdecaille.com\\\/#\\\/schema\\\/logo\\\/image\\\/\"}},{\"@type\":\"Person\",\"@id\":\"https:\\\/\\\/www.closdecaille.com\\\/#\\\/schema\\\/person\\\/183ec33b0abe209accdd35f1ba15b586\",\"name\":\"Julie Fleisch\",\"image\":{\"@type\":\"ImageObject\",\"inLanguage\":\"de\",\"@id\":\"https:\\\/\\\/secure.gravatar.com\\\/avatar\\\/bffc10faa760f5f1f08f454e79e3342f047898af28fb87e9eec6b7842f516e2a?s=96&d=mm&r=g\",\"url\":\"https:\\\/\\\/secure.gravatar.com\\\/avatar\\\/bffc10faa760f5f1f08f454e79e3342f047898af28fb87e9eec6b7842f516e2a?s=96&d=mm&r=g\",\"contentUrl\":\"https:\\\/\\\/secure.gravatar.com\\\/avatar\\\/bffc10faa760f5f1f08f454e79e3342f047898af28fb87e9eec6b7842f516e2a?s=96&d=mm&r=g\",\"caption\":\"Julie Fleisch\"}}]}<\/script>\n<!-- \/ Yoast SEO plugin. -->","yoast_head_json":{"title":"Wie entsteht die Pr\u00e4zision eines gro\u00dfen Weins?","description":"Au Clos de Caille, d\u00e9couvrez comment notre approche parcellaire, de la vigne au chai, fa\u00e7onne des vins de Provence pr\u00e9cis, singuliers et identitaires.","robots":{"index":"index","follow":"follow","max-snippet":"max-snippet:-1","max-image-preview":"max-image-preview:large","max-video-preview":"max-video-preview:-1"},"canonical":"https:\/\/www.closdecaille.com\/de\/approche-parcellaire-vins-provence\/","og_locale":"de_DE","og_type":"article","og_title":"Comment na\u00eet la pr\u00e9cision d\u2019un grand vin\u00a0?","og_description":"Au Clos de Caille, d\u00e9couvrez comment notre approche parcellaire, de la vigne au chai, fa\u00e7onne des vins de Provence pr\u00e9cis, singuliers et identitaires.","og_url":"https:\/\/www.closdecaille.com\/de\/approche-parcellaire-vins-provence\/","og_site_name":"Clos de Caille","article_published_time":"2026-08-31T09:45:54+00:00","og_image":[{"width":1024,"height":683,"url":"https:\/\/www.closdecaille.com\/wp-content\/uploads\/2026\/08\/sampi-clos-de-caille-header-cover-principal-1-1024x683.png","type":"image\/png"}],"author":"Julie Fleisch","twitter_misc":{"Verfasst von":"Julie Fleisch","Gesch\u00e4tzte Lesezeit":"5\u00a0Minuten"},"schema":{"@context":"https:\/\/schema.org","@graph":[{"@type":"Article","@id":"https:\/\/www.closdecaille.com\/approche-parcellaire-vins-provence\/#article","isPartOf":{"@id":"https:\/\/www.closdecaille.com\/approche-parcellaire-vins-provence\/"},"author":{"name":"Julie Fleisch","@id":"https:\/\/www.closdecaille.com\/#\/schema\/person\/183ec33b0abe209accdd35f1ba15b586"},"headline":"Comment na\u00eet la pr\u00e9cision d\u2019un grand vin\u00a0?","datePublished":"2026-08-31T09:45:54+00:00","mainEntityOfPage":{"@id":"https:\/\/www.closdecaille.com\/approche-parcellaire-vins-provence\/"},"wordCount":852,"publisher":{"@id":"https:\/\/www.closdecaille.com\/#organization"},"image":{"@id":"https:\/\/www.closdecaille.com\/approche-parcellaire-vins-provence\/#primaryimage"},"thumbnailUrl":"https:\/\/www.closdecaille.com\/wp-content\/uploads\/2026\/08\/sampi-clos-de-caille-header-cover-principal-1.png","articleSection":["Clos de Caille"],"inLanguage":"de"},{"@type":"WebPage","@id":"https:\/\/www.closdecaille.com\/approche-parcellaire-vins-provence\/","url":"https:\/\/www.closdecaille.com\/approche-parcellaire-vins-provence\/","name":"Wie entsteht die Pr\u00e4zision eines gro\u00dfen Weins?","isPartOf":{"@id":"https:\/\/www.closdecaille.com\/#website"},"primaryImageOfPage":{"@id":"https:\/\/www.closdecaille.com\/approche-parcellaire-vins-provence\/#primaryimage"},"image":{"@id":"https:\/\/www.closdecaille.com\/approche-parcellaire-vins-provence\/#primaryimage"},"thumbnailUrl":"https:\/\/www.closdecaille.com\/wp-content\/uploads\/2026\/08\/sampi-clos-de-caille-header-cover-principal-1.png","datePublished":"2026-08-31T09:45:54+00:00","description":"Au Clos de Caille, d\u00e9couvrez comment notre approche parcellaire, de la vigne au chai, fa\u00e7onne des vins de Provence pr\u00e9cis, singuliers et identitaires.","breadcrumb":{"@id":"https:\/\/www.closdecaille.com\/approche-parcellaire-vins-provence\/#breadcrumb"},"inLanguage":"de","potentialAction":[{"@type":"ReadAction","target":["https:\/\/www.closdecaille.com\/approche-parcellaire-vins-provence\/"]}]},{"@type":"ImageObject","inLanguage":"de","@id":"https:\/\/www.closdecaille.com\/approche-parcellaire-vins-provence\/#primaryimage","url":"https:\/\/www.closdecaille.com\/wp-content\/uploads\/2026\/08\/sampi-clos-de-caille-header-cover-principal-1.png","contentUrl":"https:\/\/www.closdecaille.com\/wp-content\/uploads\/2026\/08\/sampi-clos-de-caille-header-cover-principal-1.png","width":2560,"height":1707,"caption":"Header blog vin Provence"},{"@type":"BreadcrumbList","@id":"https:\/\/www.closdecaille.com\/approche-parcellaire-vins-provence\/#breadcrumb","itemListElement":[{"@type":"ListItem","position":1,"name":"Clos de Caille","item":"https:\/\/www.closdecaille.com\/category\/domaine-du-clos-de-caille\/"},{"@type":"ListItem","position":2,"name":"Comment na\u00eet la pr\u00e9cision d\u2019un grand vin\u00a0?"}]},{"@type":"WebSite","@id":"https:\/\/www.closdecaille.com\/#website","url":"https:\/\/www.closdecaille.com\/","name":"Clos de Caille","description":"Weine mit der Herkunftsbezeichnung AOP C\u00f4tes de Provence","publisher":{"@id":"https:\/\/www.closdecaille.com\/#organization"},"potentialAction":[{"@type":"SearchAction","target":{"@type":"EntryPoint","urlTemplate":"https:\/\/www.closdecaille.com\/?s={search_term_string}"},"query-input":{"@type":"PropertyValueSpecification","valueRequired":true,"valueName":"search_term_string"}}],"inLanguage":"de"},{"@type":"Organization","@id":"https:\/\/www.closdecaille.com\/#organization","name":"Clos de Caille","url":"https:\/\/www.closdecaille.com\/","logo":{"@type":"ImageObject","inLanguage":"de","@id":"https:\/\/www.closdecaille.com\/#\/schema\/logo\/image\/","url":"https:\/\/www.closdecaille.com\/wp-content\/uploads\/2023\/07\/favicon-2023.png","contentUrl":"https:\/\/www.closdecaille.com\/wp-content\/uploads\/2023\/07\/favicon-2023.png","width":600,"height":600,"caption":"Clos de Caille"},"image":{"@id":"https:\/\/www.closdecaille.com\/#\/schema\/logo\/image\/"}},{"@type":"Person","@id":"https:\/\/www.closdecaille.com\/#\/schema\/person\/183ec33b0abe209accdd35f1ba15b586","name":"Julie Fleisch","image":{"@type":"ImageObject","inLanguage":"de","@id":"https:\/\/secure.gravatar.com\/avatar\/bffc10faa760f5f1f08f454e79e3342f047898af28fb87e9eec6b7842f516e2a?s=96&d=mm&r=g","url":"https:\/\/secure.gravatar.com\/avatar\/bffc10faa760f5f1f08f454e79e3342f047898af28fb87e9eec6b7842f516e2a?s=96&d=mm&r=g","contentUrl":"https:\/\/secure.gravatar.com\/avatar\/bffc10faa760f5f1f08f454e79e3342f047898af28fb87e9eec6b7842f516e2a?s=96&d=mm&r=g","caption":"Julie Fleisch"}}]}},"_links":{"self":[{"href":"https:\/\/www.closdecaille.com\/de\/wp-json\/wp\/v2\/posts\/7313","targetHints":{"allow":["GET"]}}],"collection":[{"href":"https:\/\/www.closdecaille.com\/de\/wp-json\/wp\/v2\/posts"}],"about":[{"href":"https:\/\/www.closdecaille.com\/de\/wp-json\/wp\/v2\/types\/post"}],"author":[{"embeddable":true,"href":"https:\/\/www.closdecaille.com\/de\/wp-json\/wp\/v2\/users\/10"}],"replies":[{"embeddable":true,"href":"https:\/\/www.closdecaille.com\/de\/wp-json\/wp\/v2\/comments?post=7313"}],"version-history":[{"count":5,"href":"https:\/\/www.closdecaille.com\/de\/wp-json\/wp\/v2\/posts\/7313\/revisions"}],"predecessor-version":[{"id":7326,"href":"https:\/\/www.closdecaille.com\/de\/wp-json\/wp\/v2\/posts\/7313\/revisions\/7326"}],"wp:featuredmedia":[{"embeddable":true,"href":"https:\/\/www.closdecaille.com\/de\/wp-json\/wp\/v2\/media\/7314"}],"wp:attachment":[{"href":"https:\/\/www.closdecaille.com\/de\/wp-json\/wp\/v2\/media?parent=7313"}],"wp:term":[{"taxonomy":"category","embeddable":true,"href":"https:\/\/www.closdecaille.com\/de\/wp-json\/wp\/v2\/categories?post=7313"},{"taxonomy":"post_tag","embeddable":true,"href":"https:\/\/www.closdecaille.com\/de\/wp-json\/wp\/v2\/tags?post=7313"}],"curies":[{"name":"wp","href":"https:\/\/api.w.org\/{rel}","templated":true}]}}